{"id":43459,"date":"2025-07-31T15:43:41","date_gmt":"2025-07-31T15:43:41","guid":{"rendered":"https:\/\/www.achimbrueckner.de\/dxradio\/php\/wordpress\/?p=43459"},"modified":"2025-07-31T15:43:41","modified_gmt":"2025-07-31T15:43:41","slug":"adblocker-springer-mit-etappensieg-vorm-bundesgerichtshof","status":"publish","type":"post","link":"https:\/\/www.achimbrueckner.de\/dxradio\/php\/wordpress\/?p=43459","title":{"rendered":"Adblocker: Springer mit Etappensieg vorm Bundesgerichtshof"},"content":{"rendered":"<p><a href=\"https:\/\/www.heise.de\/news\/Urheberrecht-Springer-vs-Adblock-Plus-geht-in-eine-weitere-Runde-10505845.html\" target=\"_blank\">https:\/\/www.heise.de\/news\/Urheberrecht-Springer-vs-Adblock-Plus-geht-in-eine-weitere-Runde-10505845.html<\/a><\/p>\n","protected":false},"excerpt":{"rendered":"<p>https:\/\/www.heise.de\/news\/Urheberrecht-Springer-vs-Adblock-Plus-geht-in-eine-weitere-Runde-10505845.html<\/p>\n","protected":false},"author":1,"featured_media":0,"comment_status":"closed","ping_status":"open","sticky":false,"template":"","format":"standard","meta":{"_jetpack_memberships_contains_paid_content":false,"footnotes":"","jetpack_publicize_message":"","jetpack_publicize_feature_enabled":true,"jetpack_social_post_already_shared":true,"jetpack_social_options":{"image_generator_settings":{"template":"highway","default_image_id":0,"font":"","enabled":false},"version":2}},"categories":[1],"tags":[],"class_list":["post-43459","post","type-post","status-publish","format-standard","hentry","category-deutsch"],"jetpack_publicize_connections":[],"jetpack_featured_media_url":"","jetpack_sharing_enabled":true,"jetpack_shortlink":"https:\/\/wp.me\/p5CDmr-biX","jetpack-related-posts":[{"id":1982,"url":"https:\/\/www.achimbrueckner.de\/dxradio\/php\/wordpress\/?p=1982","url_meta":{"origin":43459,"position":0},"title":"Springer beerdigt Webradio-Portal \u00e2\u20ac\u017eRadiomat\u00e2\u20ac\u0153 noch vor dem Start","author":"Administrator","date":"November 25, 2011","format":false,"excerpt":"Springer beerdigt Webradio-Portal \u00e2\u20ac\u017eRadiomat\u00e2\u20ac\u0153 noch vor dem Start http:\/\/www.radioszene.de\/32154\/springer-beerdigt-webradio-portal-radiomat-noch-vor-dem-start.html","rel":"","context":"In &quot;Deutsch&quot;","block_context":{"text":"Deutsch","link":"https:\/\/www.achimbrueckner.de\/dxradio\/php\/wordpress\/?cat=1"},"img":{"alt_text":"","src":"","width":0,"height":0},"classes":[]},{"id":29001,"url":"https:\/\/www.achimbrueckner.de\/dxradio\/php\/wordpress\/?p=29001","url_meta":{"origin":43459,"position":1},"title":"Zeitzeugen Hildegard Springer","author":"Administrator","date":"June 8, 2020","format":false,"excerpt":"https:\/\/www.digiandi.de\/zeitzeugen\/hildegard-springer\/","rel":"","context":"In &quot;Deutsch&quot;","block_context":{"text":"Deutsch","link":"https:\/\/www.achimbrueckner.de\/dxradio\/php\/wordpress\/?cat=1"},"img":{"alt_text":"","src":"","width":0,"height":0},"classes":[]},{"id":32710,"url":"https:\/\/www.achimbrueckner.de\/dxradio\/php\/wordpress\/?p=32710","url_meta":{"origin":43459,"position":2},"title":"Facebook News Tanz den Axel Springer","author":"Administrator","date":"May 19, 2021","format":false,"excerpt":"https:\/\/netzpolitik.org\/2021\/facebook-news-tanz-den-axel-springer\/","rel":"","context":"In &quot;Deutsch&quot;","block_context":{"text":"Deutsch","link":"https:\/\/www.achimbrueckner.de\/dxradio\/php\/wordpress\/?cat=1"},"img":{"alt_text":"","src":"","width":0,"height":0},"classes":[]},{"id":37297,"url":"https:\/\/www.achimbrueckner.de\/dxradio\/php\/wordpress\/?p=37297","url_meta":{"origin":43459,"position":3},"title":"Stories.FM: Springer startet Podcast-Radio","author":"Administrator","date":"August 18, 2022","format":false,"excerpt":"https:\/\/www.radioblog.eu\/2022\/08\/18\/stories-fm-springer-startet-podcast-radio\/","rel":"","context":"In &quot;Deutsch&quot;","block_context":{"text":"Deutsch","link":"https:\/\/www.achimbrueckner.de\/dxradio\/php\/wordpress\/?cat=1"},"img":{"alt_text":"","src":"","width":0,"height":0},"classes":[]},{"id":29783,"url":"https:\/\/www.achimbrueckner.de\/dxradio\/php\/wordpress\/?p=29783","url_meta":{"origin":43459,"position":4},"title":"Bild als Bewegtbild: Die gr\u00f6\u00dfte Springer-Tods\u00fcnde","author":"Administrator","date":"August 19, 2020","format":false,"excerpt":"http:\/\/www.quotenmeter.de\/n\/119118\/bild-als-bewegtbild-die-groesste-springer-todsuende","rel":"","context":"In &quot;Deutsch&quot;","block_context":{"text":"Deutsch","link":"https:\/\/www.achimbrueckner.de\/dxradio\/php\/wordpress\/?cat=1"},"img":{"alt_text":"","src":"","width":0,"height":0},"classes":[]},{"id":20864,"url":"https:\/\/www.achimbrueckner.de\/dxradio\/php\/wordpress\/?p=20864","url_meta":{"origin":43459,"position":5},"title":"Axel Springer Audio GmbH tritt der Radiozentrale bei","author":"Administrator","date":"January 10, 2019","format":false,"excerpt":"https:\/\/www.radioszene.de\/129221\/axel-springer-radiozentrale.html","rel":"","context":"In &quot;audio&quot;","block_context":{"text":"audio","link":"https:\/\/www.achimbrueckner.de\/dxradio\/php\/wordpress\/?cat=47"},"img":{"alt_text":"","src":"","width":0,"height":0},"classes":[]}],"_links":{"self":[{"href":"https:\/\/www.achimbrueckner.de\/dxradio\/php\/wordpress\/index.php?rest_route=\/wp\/v2\/posts\/43459","targetHints":{"allow":["GET"]}}],"collection":[{"href":"https:\/\/www.achimbrueckner.de\/dxradio\/php\/wordpress\/index.php?rest_route=\/wp\/v2\/posts"}],"about":[{"href":"https:\/\/www.achimbrueckner.de\/dxradio\/php\/wordpress\/index.php?rest_route=\/wp\/v2\/types\/post"}],"author":[{"embeddable":true,"href":"https:\/\/www.achimbrueckner.de\/dxradio\/php\/wordpress\/index.php?rest_route=\/wp\/v2\/users\/1"}],"replies":[{"embeddable":true,"href":"https:\/\/www.achimbrueckner.de\/dxradio\/php\/wordpress\/index.php?rest_route=%2Fwp%2Fv2%2Fcomments&post=43459"}],"version-history":[{"count":0,"href":"https:\/\/www.achimbrueckner.de\/dxradio\/php\/wordpress\/index.php?rest_route=\/wp\/v2\/posts\/43459\/revisions"}],"wp:attachment":[{"href":"https:\/\/www.achimbrueckner.de\/dxradio\/php\/wordpress\/index.php?rest_route=%2Fwp%2Fv2%2Fmedia&parent=43459"}],"wp:term":[{"taxonomy":"category","embeddable":true,"href":"https:\/\/www.achimbrueckner.de\/dxradio\/php\/wordpress\/index.php?rest_route=%2Fwp%2Fv2%2Fcategories&post=43459"},{"taxonomy":"post_tag","embeddable":true,"href":"https:\/\/www.achimbrueckner.de\/dxradio\/php\/wordpress\/index.php?rest_route=%2Fwp%2Fv2%2Ftags&post=43459"}],"curies":[{"name":"wp","href":"https:\/\/api.w.org\/{rel}","templated":true}]}}