{"id":43460,"date":"2025-07-31T15:44:45","date_gmt":"2025-07-31T15:44:45","guid":{"rendered":"https:\/\/www.achimbrueckner.de\/dxradio\/php\/wordpress\/?p=43460"},"modified":"2025-07-31T15:44:45","modified_gmt":"2025-07-31T15:44:45","slug":"jugendschutz-youtube-will-das-alter-der-nutzer-mit-maschinellem-lernen-erkennen","status":"publish","type":"post","link":"https:\/\/www.achimbrueckner.de\/dxradio\/php\/wordpress\/?p=43460","title":{"rendered":"Jugendschutz: YouTube will das Alter der Nutzer mit maschinellem Lernen erkennen"},"content":{"rendered":"<p><a href=\"https:\/\/www.heise.de\/news\/Jugendschutz-YouTube-will-das-Alter-der-Nutzer-mit-maschinellem-Lernen-erkennen-10503797.html\" target=\"_blank\">https:\/\/www.heise.de\/news\/Jugendschutz-YouTube-will-das-Alter-der-Nutzer-mit-maschinellem-Lernen-erkennen-10503797.html<\/a><\/p>\n","protected":false},"excerpt":{"rendered":"<p>https:\/\/www.heise.de\/news\/Jugendschutz-YouTube-will-das-Alter-der-Nutzer-mit-maschinellem-Lernen-erkennen-10503797.html<\/p>\n","protected":false},"author":1,"featured_media":0,"comment_status":"closed","ping_status":"open","sticky":false,"template":"","format":"standard","meta":{"_jetpack_memberships_contains_paid_content":false,"footnotes":"","jetpack_publicize_message":"","jetpack_publicize_feature_enabled":true,"jetpack_social_post_already_shared":true,"jetpack_social_options":{"image_generator_settings":{"template":"highway","default_image_id":0,"font":"","enabled":false},"version":2}},"categories":[1],"tags":[],"class_list":["post-43460","post","type-post","status-publish","format-standard","hentry","category-deutsch"],"jetpack_publicize_connections":[],"jetpack_featured_media_url":"","jetpack_sharing_enabled":true,"jetpack_shortlink":"https:\/\/wp.me\/p5CDmr-biY","jetpack-related-posts":[{"id":27579,"url":"https:\/\/www.achimbrueckner.de\/dxradio\/php\/wordpress\/?p=27579","url_meta":{"origin":43460,"position":0},"title":"JUGENDSCHUTZ: NRW droht Pornhub mit Websperren","author":"Administrator","date":"March 16, 2020","format":false,"excerpt":"https:\/\/www.golem.de\/news\/jugendschutz-nrw-droht-pornhub-mit-websperren-2003-147264.html","rel":"","context":"In &quot;Deutsch&quot;","block_context":{"text":"Deutsch","link":"https:\/\/www.achimbrueckner.de\/dxradio\/php\/wordpress\/?cat=1"},"img":{"alt_text":"","src":"","width":0,"height":0},"classes":[]},{"id":26442,"url":"https:\/\/www.achimbrueckner.de\/dxradio\/php\/wordpress\/?p=26442","url_meta":{"origin":43460,"position":1},"title":"Jugendschutz im Internet: Zeitgrenzen wirksamer als Labeling","author":"Administrator","date":"December 29, 2019","format":false,"excerpt":"https:\/\/blmplus.de\/jugendschutz-im-internet-zeitgrenzen-wirksamer-als-labeling\/","rel":"","context":"In &quot;Deutsch&quot;","block_context":{"text":"Deutsch","link":"https:\/\/www.achimbrueckner.de\/dxradio\/php\/wordpress\/?cat=1"},"img":{"alt_text":"","src":"","width":0,"height":0},"classes":[]},{"id":26908,"url":"https:\/\/www.achimbrueckner.de\/dxradio\/php\/wordpress\/?p=26908","url_meta":{"origin":43460,"position":2},"title":"Meldungen beanstanden vor allem den Jugendschutz","author":"Administrator","date":"January 29, 2020","format":false,"excerpt":"https:\/\/www.faz.net\/aktuell\/feuilleton\/medien\/programmbeschwerde-meldungen-beanstanden-jugendschutz-16604585.html","rel":"","context":"In &quot;Deutsch&quot;","block_context":{"text":"Deutsch","link":"https:\/\/www.achimbrueckner.de\/dxradio\/php\/wordpress\/?cat=1"},"img":{"alt_text":"","src":"","width":0,"height":0},"classes":[]},{"id":28026,"url":"https:\/\/www.achimbrueckner.de\/dxradio\/php\/wordpress\/?p=28026","url_meta":{"origin":43460,"position":3},"title":"Jugendschutz : Medienaufseher gehen gegen Anbieter von Internetpornografie vor","author":"Administrator","date":"April 7, 2020","format":false,"excerpt":"https:\/\/www.zeit.de\/kultur\/film\/2020-04\/jugendschutz-internetpornografie-landesanstalt-fuer-medien-nordrhein-westfalen","rel":"","context":"In &quot;Deutsch&quot;","block_context":{"text":"Deutsch","link":"https:\/\/www.achimbrueckner.de\/dxradio\/php\/wordpress\/?cat=1"},"img":{"alt_text":"","src":"","width":0,"height":0},"classes":[]},{"id":28165,"url":"https:\/\/www.achimbrueckner.de\/dxradio\/php\/wordpress\/?p=28165","url_meta":{"origin":43460,"position":4},"title":"Offensive im Jugendschutz Ohne Perso kein Porno","author":"Administrator","date":"April 16, 2020","format":false,"excerpt":"https:\/\/netzpolitik.org\/2020\/ohne-perso-kein-porno\/","rel":"","context":"In &quot;Deutsch&quot;","block_context":{"text":"Deutsch","link":"https:\/\/www.achimbrueckner.de\/dxradio\/php\/wordpress\/?cat=1"},"img":{"alt_text":"","src":"","width":0,"height":0},"classes":[]},{"id":32092,"url":"https:\/\/www.achimbrueckner.de\/dxradio\/php\/wordpress\/?p=32092","url_meta":{"origin":43460,"position":5},"title":"Deezer mit eigenem H\u00f6rbuch-Kanal mit kuratierten Inhalten f\u00fcr \u00f6sterreichische Nutzer","author":"Administrator","date":"February 25, 2021","format":false,"excerpt":"https:\/\/stadt-bremerhaven.de\/deezer-mit-eigenem-hoerbuch-kanal-mit-kuratierten-inhalten-fuer-oesterreichische-nutzer\/","rel":"","context":"In &quot;Deutsch&quot;","block_context":{"text":"Deutsch","link":"https:\/\/www.achimbrueckner.de\/dxradio\/php\/wordpress\/?cat=1"},"img":{"alt_text":"","src":"","width":0,"height":0},"classes":[]}],"_links":{"self":[{"href":"https:\/\/www.achimbrueckner.de\/dxradio\/php\/wordpress\/index.php?rest_route=\/wp\/v2\/posts\/43460","targetHints":{"allow":["GET"]}}],"collection":[{"href":"https:\/\/www.achimbrueckner.de\/dxradio\/php\/wordpress\/index.php?rest_route=\/wp\/v2\/posts"}],"about":[{"href":"https:\/\/www.achimbrueckner.de\/dxradio\/php\/wordpress\/index.php?rest_route=\/wp\/v2\/types\/post"}],"author":[{"embeddable":true,"href":"https:\/\/www.achimbrueckner.de\/dxradio\/php\/wordpress\/index.php?rest_route=\/wp\/v2\/users\/1"}],"replies":[{"embeddable":true,"href":"https:\/\/www.achimbrueckner.de\/dxradio\/php\/wordpress\/index.php?rest_route=%2Fwp%2Fv2%2Fcomments&post=43460"}],"version-history":[{"count":0,"href":"https:\/\/www.achimbrueckner.de\/dxradio\/php\/wordpress\/index.php?rest_route=\/wp\/v2\/posts\/43460\/revisions"}],"wp:attachment":[{"href":"https:\/\/www.achimbrueckner.de\/dxradio\/php\/wordpress\/index.php?rest_route=%2Fwp%2Fv2%2Fmedia&parent=43460"}],"wp:term":[{"taxonomy":"category","embeddable":true,"href":"https:\/\/www.achimbrueckner.de\/dxradio\/php\/wordpress\/index.php?rest_route=%2Fwp%2Fv2%2Fcategories&post=43460"},{"taxonomy":"post_tag","embeddable":true,"href":"https:\/\/www.achimbrueckner.de\/dxradio\/php\/wordpress\/index.php?rest_route=%2Fwp%2Fv2%2Ftags&post=43460"}],"curies":[{"name":"wp","href":"https:\/\/api.w.org\/{rel}","templated":true}]}}