{"id":43461,"date":"2025-07-31T15:46:26","date_gmt":"2025-07-31T15:46:26","guid":{"rendered":"https:\/\/www.achimbrueckner.de\/dxradio\/php\/wordpress\/?p=43461"},"modified":"2025-07-31T15:46:26","modified_gmt":"2025-07-31T15:46:26","slug":"grose-veranderung-extra-radio-sendet-kunftig-nur-noch-im-internet","status":"publish","type":"post","link":"https:\/\/www.achimbrueckner.de\/dxradio\/php\/wordpress\/?p=43461","title":{"rendered":"Gro\u00dfe Ver\u00e4nderung Extra-Radio sendet k\u00fcnftig nur noch im Internet"},"content":{"rendered":"<p><a href=\"https:\/\/www.frankenpost.de\/inhalt.zum-1-september-grosse-veraenderungen-bei-hofer-radiosender.31b23363-9480-4060-93d9-15e068ab9b34.html\" target=\"_blank\">https:\/\/www.frankenpost.de\/inhalt.zum-1-september-grosse-veraenderungen-bei-hofer-radiosender.31b23363-9480-4060-93d9-15e068ab9b34.html<\/a><\/p>\n","protected":false},"excerpt":{"rendered":"<p>https:\/\/www.frankenpost.de\/inhalt.zum-1-september-grosse-veraenderungen-bei-hofer-radiosender.31b23363-9480-4060-93d9-15e068ab9b34.html<\/p>\n","protected":false},"author":1,"featured_media":0,"comment_status":"closed","ping_status":"open","sticky":false,"template":"","format":"standard","meta":{"_jetpack_memberships_contains_paid_content":false,"footnotes":"","jetpack_publicize_message":"","jetpack_publicize_feature_enabled":true,"jetpack_social_post_already_shared":true,"jetpack_social_options":{"image_generator_settings":{"template":"highway","default_image_id":0,"font":"","enabled":false},"version":2}},"categories":[1],"tags":[],"class_list":["post-43461","post","type-post","status-publish","format-standard","hentry","category-deutsch"],"jetpack_publicize_connections":[],"jetpack_featured_media_url":"","jetpack_sharing_enabled":true,"jetpack_shortlink":"https:\/\/wp.me\/p5CDmr-biZ","jetpack-related-posts":[{"id":1030,"url":"https:\/\/www.achimbrueckner.de\/dxradio\/php\/wordpress\/?p=1030","url_meta":{"origin":43461,"position":0},"title":"WDR startet &#8220;das gro\u00dfe L\u00f6schen&#8221;","author":"Administrator","date":"June 3, 2010","format":false,"excerpt":"WDR startet \"das gro\u00dfe L\u00f6schen\" http:\/\/www.heise.de\/newsticker\/meldung\/WDR-startet-das-grosse-Loeschen-1014623.html Info via Net-Radio","rel":"","context":"In &quot;Deutsch&quot;","block_context":{"text":"Deutsch","link":"https:\/\/www.achimbrueckner.de\/dxradio\/php\/wordpress\/?cat=1"},"img":{"alt_text":"","src":"","width":0,"height":0},"classes":[]},{"id":1603,"url":"https:\/\/www.achimbrueckner.de\/dxradio\/php\/wordpress\/?p=1603","url_meta":{"origin":43461,"position":1},"title":"20 Jahre OWL-Lokalradios: Der gro\u00dfe RADIO FEIERTAG","author":"Administrator","date":"June 17, 2011","format":false,"excerpt":"20 Jahre OWL-Lokalradios: Der gro\u00dfe RADIO FEIERTAG http:\/\/www.radiowoche.de\/meldungen\/1\/10618\/20-jahre-owl-lokalradiosder-grosse-radio-feiertag\/","rel":"","context":"In &quot;Deutsch&quot;","block_context":{"text":"Deutsch","link":"https:\/\/www.achimbrueckner.de\/dxradio\/php\/wordpress\/?cat=1"},"img":{"alt_text":"","src":"","width":0,"height":0},"classes":[]},{"id":42618,"url":"https:\/\/www.achimbrueckner.de\/dxradio\/php\/wordpress\/?p=42618","url_meta":{"origin":43461,"position":2},"title":"Tschechien: Gro\u00dfe Privatradios starten auf DAB+","author":"Administrator","date":"April 18, 2025","format":false,"excerpt":"https:\/\/www.radioblog.eu\/2025\/04\/18\/tschechien-grosse-privatradios-starten-auf-dab\/","rel":"","context":"In &quot;Deutsch&quot;","block_context":{"text":"Deutsch","link":"https:\/\/www.achimbrueckner.de\/dxradio\/php\/wordpress\/?cat=1"},"img":{"alt_text":"","src":"","width":0,"height":0},"classes":[]},{"id":36451,"url":"https:\/\/www.achimbrueckner.de\/dxradio\/php\/wordpress\/?p=36451","url_meta":{"origin":43461,"position":3},"title":"Sachsen bekommt gro\u00dfe Programmvielfalt auf DAB+","author":"Administrator","date":"June 2, 2022","format":false,"excerpt":"https:\/\/www.radioblog.eu\/2022\/06\/02\/sachsen-bekommt-grosse-programmvielfalt-auf-dab\/","rel":"","context":"In &quot;Deutsch&quot;","block_context":{"text":"Deutsch","link":"https:\/\/www.achimbrueckner.de\/dxradio\/php\/wordpress\/?cat=1"},"img":{"alt_text":"","src":"","width":0,"height":0},"classes":[]},{"id":38171,"url":"https:\/\/www.achimbrueckner.de\/dxradio\/php\/wordpress\/?p=38171","url_meta":{"origin":43461,"position":4},"title":"NDR: Gro\u00dfe DAB+-Ausbaupl\u00e4ne f\u00fcr 2023","author":"Administrator","date":"December 9, 2022","format":false,"excerpt":"https:\/\/www.radioblog.eu\/2022\/12\/09\/ndr-grosse-dab-ausbauplaene-fuer-2023\/","rel":"","context":"In &quot;Deutsch&quot;","block_context":{"text":"Deutsch","link":"https:\/\/www.achimbrueckner.de\/dxradio\/php\/wordpress\/?cat=1"},"img":{"alt_text":"","src":"","width":0,"height":0},"classes":[]},{"id":18689,"url":"https:\/\/www.achimbrueckner.de\/dxradio\/php\/wordpress\/?p=18689","url_meta":{"origin":43461,"position":5},"title":"DAB+ f\u00fcr gro\u00dfe Teile \u00d6sterreichs","author":"Administrator","date":"August 3, 2018","format":false,"excerpt":"https:\/\/www.heise.de\/newsticker\/meldung\/DAB-fuer-grosse-Teile-Oesterreichs-4129062.html","rel":"","context":"In &quot;Deutsch&quot;","block_context":{"text":"Deutsch","link":"https:\/\/www.achimbrueckner.de\/dxradio\/php\/wordpress\/?cat=1"},"img":{"alt_text":"","src":"","width":0,"height":0},"classes":[]}],"_links":{"self":[{"href":"https:\/\/www.achimbrueckner.de\/dxradio\/php\/wordpress\/index.php?rest_route=\/wp\/v2\/posts\/43461","targetHints":{"allow":["GET"]}}],"collection":[{"href":"https:\/\/www.achimbrueckner.de\/dxradio\/php\/wordpress\/index.php?rest_route=\/wp\/v2\/posts"}],"about":[{"href":"https:\/\/www.achimbrueckner.de\/dxradio\/php\/wordpress\/index.php?rest_route=\/wp\/v2\/types\/post"}],"author":[{"embeddable":true,"href":"https:\/\/www.achimbrueckner.de\/dxradio\/php\/wordpress\/index.php?rest_route=\/wp\/v2\/users\/1"}],"replies":[{"embeddable":true,"href":"https:\/\/www.achimbrueckner.de\/dxradio\/php\/wordpress\/index.php?rest_route=%2Fwp%2Fv2%2Fcomments&post=43461"}],"version-history":[{"count":0,"href":"https:\/\/www.achimbrueckner.de\/dxradio\/php\/wordpress\/index.php?rest_route=\/wp\/v2\/posts\/43461\/revisions"}],"wp:attachment":[{"href":"https:\/\/www.achimbrueckner.de\/dxradio\/php\/wordpress\/index.php?rest_route=%2Fwp%2Fv2%2Fmedia&parent=43461"}],"wp:term":[{"taxonomy":"category","embeddable":true,"href":"https:\/\/www.achimbrueckner.de\/dxradio\/php\/wordpress\/index.php?rest_route=%2Fwp%2Fv2%2Fcategories&post=43461"},{"taxonomy":"post_tag","embeddable":true,"href":"https:\/\/www.achimbrueckner.de\/dxradio\/php\/wordpress\/index.php?rest_route=%2Fwp%2Fv2%2Ftags&post=43461"}],"curies":[{"name":"wp","href":"https:\/\/api.w.org\/{rel}","templated":true}]}}