{"id":43490,"date":"2025-08-04T10:37:05","date_gmt":"2025-08-04T10:37:05","guid":{"rendered":"https:\/\/www.achimbrueckner.de\/dxradio\/php\/wordpress\/?p=43490"},"modified":"2025-08-04T10:37:05","modified_gmt":"2025-08-04T10:37:05","slug":"dab-dx-unterwegs-zwischen-venedig-und-pula-sowie-in-karnten","status":"publish","type":"post","link":"https:\/\/www.achimbrueckner.de\/dxradio\/php\/wordpress\/?p=43490","title":{"rendered":"DAB+ DX: Unterwegs zwischen Venedig und Pula sowie in K\u00e4rnten"},"content":{"rendered":"<p><a href=\"https:\/\/www.radioblog.eu\/2025\/08\/03\/dab-dx-unterwegs-zwischen-venedig-und-pula-sowie-in-kaernten\/\" target=\"_blank\">https:\/\/www.radioblog.eu\/2025\/08\/03\/dab-dx-unterwegs-zwischen-venedig-und-pula-sowie-in-kaernten\/<\/a><\/p>\n","protected":false},"excerpt":{"rendered":"<p>https:\/\/www.radioblog.eu\/2025\/08\/03\/dab-dx-unterwegs-zwischen-venedig-und-pula-sowie-in-kaernten\/<\/p>\n","protected":false},"author":1,"featured_media":0,"comment_status":"closed","ping_status":"open","sticky":false,"template":"","format":"standard","meta":{"_jetpack_memberships_contains_paid_content":false,"footnotes":"","jetpack_publicize_message":"","jetpack_publicize_feature_enabled":true,"jetpack_social_post_already_shared":true,"jetpack_social_options":{"image_generator_settings":{"template":"highway","default_image_id":0,"font":"","enabled":false},"version":2}},"categories":[1],"tags":[],"class_list":["post-43490","post","type-post","status-publish","format-standard","hentry","category-deutsch"],"jetpack_publicize_connections":[],"jetpack_featured_media_url":"","jetpack_sharing_enabled":true,"jetpack_shortlink":"https:\/\/wp.me\/p5CDmr-bjs","jetpack-related-posts":[{"id":1758,"url":"https:\/\/www.achimbrueckner.de\/dxradio\/php\/wordpress\/?p=1758","url_meta":{"origin":43490,"position":0},"title":"Digitalradio DAB+ unterwegs im Auto h\u00f6ren und dabei auf UKW, USB und iPod-Steuerung nicht verzichten m\u00fcssen","author":"Administrator","date":"August 27, 2011","format":false,"excerpt":"Digitalradio DAB+ unterwegs im Auto h\u00f6ren und dabei auf UKW, USB und iPod-Steuerung nicht verzichten m\u00fcssen http:\/\/kauftipps.fr-online.de\/digitalradio.html Info via A-DX","rel":"","context":"In &quot;Deutsch&quot;","block_context":{"text":"Deutsch","link":"https:\/\/www.achimbrueckner.de\/dxradio\/php\/wordpress\/?cat=1"},"img":{"alt_text":"","src":"","width":0,"height":0},"classes":[]},{"id":26599,"url":"https:\/\/www.achimbrueckner.de\/dxradio\/php\/wordpress\/?p=26599","url_meta":{"origin":43490,"position":1},"title":"DAB+: So l\u00e4uft&#8217;s mit dem Digitalradio daheim und unterwegs","author":"Administrator","date":"January 9, 2020","format":false,"excerpt":"https:\/\/www.hna.de\/netzwelt\/dab-so-laeuft-s-mit-digitalradio-daheim-und-unterwegs-zr-13428364.html","rel":"","context":"In &quot;Deutsch&quot;","block_context":{"text":"Deutsch","link":"https:\/\/www.achimbrueckner.de\/dxradio\/php\/wordpress\/?cat=1"},"img":{"alt_text":"","src":"","width":0,"height":0},"classes":[]},{"id":44664,"url":"https:\/\/www.achimbrueckner.de\/dxradio\/php\/wordpress\/?p=44664","url_meta":{"origin":43490,"position":2},"title":"TechniSat DIGITRADIO mobil 2: Winzling mit DAB+ und UKW f\u00fcr unterwegs","author":"Administrator","date":"December 29, 2025","format":false,"excerpt":"https:\/\/www.radioblog.eu\/2025\/12\/28\/technisat-digitradio-mobil-2-winzling-mit-dab-und-ukw-fuer-unterwegs\/","rel":"","context":"In &quot;Deutsch&quot;","block_context":{"text":"Deutsch","link":"https:\/\/www.achimbrueckner.de\/dxradio\/php\/wordpress\/?cat=1"},"img":{"alt_text":"","src":"","width":0,"height":0},"classes":[]},{"id":13578,"url":"https:\/\/www.achimbrueckner.de\/dxradio\/php\/wordpress\/?p=13578","url_meta":{"origin":43490,"position":3},"title":"DAB+- und Internetradios f\u00fcr den Urlaub","author":"Administrator","date":"July 1, 2017","format":false,"excerpt":"https:\/\/www.teltarif.de\/dab-plus-radio-mobil-unterwegs\/news\/69175.html","rel":"","context":"In &quot;Deutsch&quot;","block_context":{"text":"Deutsch","link":"https:\/\/www.achimbrueckner.de\/dxradio\/php\/wordpress\/?cat=1"},"img":{"alt_text":"","src":"","width":0,"height":0},"classes":[]},{"id":24048,"url":"https:\/\/www.achimbrueckner.de\/dxradio\/php\/wordpress\/?p=24048","url_meta":{"origin":43490,"position":4},"title":"DAB+: Die besten Ger\u00e4te f\u00fcr zuhause und unterwegs","author":"Administrator","date":"July 31, 2019","format":false,"excerpt":"https:\/\/trendblog.euronics.de\/audio-streaming\/radio-ratgeber-dab-darauf-solltet-ihr-achten-74502\/","rel":"","context":"In &quot;audio&quot;","block_context":{"text":"audio","link":"https:\/\/www.achimbrueckner.de\/dxradio\/php\/wordpress\/?cat=47"},"img":{"alt_text":"","src":"","width":0,"height":0},"classes":[]},{"id":31835,"url":"https:\/\/www.achimbrueckner.de\/dxradio\/php\/wordpress\/?p=31835","url_meta":{"origin":43490,"position":5},"title":"DAB-Plus-Marktanteil: 60 Prozent der Radios noch analog unterwegs","author":"Administrator","date":"January 28, 2021","format":false,"excerpt":"https:\/\/www.digitalfernsehen.de\/news\/empfang\/radio\/dab-plus-marktanteil-60-prozent-der-radios-noch-analog-unterwegs-565552\/","rel":"","context":"In &quot;Deutsch&quot;","block_context":{"text":"Deutsch","link":"https:\/\/www.achimbrueckner.de\/dxradio\/php\/wordpress\/?cat=1"},"img":{"alt_text":"","src":"","width":0,"height":0},"classes":[]}],"_links":{"self":[{"href":"https:\/\/www.achimbrueckner.de\/dxradio\/php\/wordpress\/index.php?rest_route=\/wp\/v2\/posts\/43490","targetHints":{"allow":["GET"]}}],"collection":[{"href":"https:\/\/www.achimbrueckner.de\/dxradio\/php\/wordpress\/index.php?rest_route=\/wp\/v2\/posts"}],"about":[{"href":"https:\/\/www.achimbrueckner.de\/dxradio\/php\/wordpress\/index.php?rest_route=\/wp\/v2\/types\/post"}],"author":[{"embeddable":true,"href":"https:\/\/www.achimbrueckner.de\/dxradio\/php\/wordpress\/index.php?rest_route=\/wp\/v2\/users\/1"}],"replies":[{"embeddable":true,"href":"https:\/\/www.achimbrueckner.de\/dxradio\/php\/wordpress\/index.php?rest_route=%2Fwp%2Fv2%2Fcomments&post=43490"}],"version-history":[{"count":0,"href":"https:\/\/www.achimbrueckner.de\/dxradio\/php\/wordpress\/index.php?rest_route=\/wp\/v2\/posts\/43490\/revisions"}],"wp:attachment":[{"href":"https:\/\/www.achimbrueckner.de\/dxradio\/php\/wordpress\/index.php?rest_route=%2Fwp%2Fv2%2Fmedia&parent=43490"}],"wp:term":[{"taxonomy":"category","embeddable":true,"href":"https:\/\/www.achimbrueckner.de\/dxradio\/php\/wordpress\/index.php?rest_route=%2Fwp%2Fv2%2Fcategories&post=43490"},{"taxonomy":"post_tag","embeddable":true,"href":"https:\/\/www.achimbrueckner.de\/dxradio\/php\/wordpress\/index.php?rest_route=%2Fwp%2Fv2%2Ftags&post=43490"}],"curies":[{"name":"wp","href":"https:\/\/api.w.org\/{rel}","templated":true}]}}