{"id":43493,"date":"2025-08-04T10:39:18","date_gmt":"2025-08-04T10:39:18","guid":{"rendered":"https:\/\/www.achimbrueckner.de\/dxradio\/php\/wordpress\/?p=43493"},"modified":"2025-08-04T10:39:18","modified_gmt":"2025-08-04T10:39:18","slug":"historisches-aus-fur-offentlich-rechtliche-medienforderung-in-den-usa","status":"publish","type":"post","link":"https:\/\/www.achimbrueckner.de\/dxradio\/php\/wordpress\/?p=43493","title":{"rendered":"Historisches Aus f\u00fcr \u00f6ffentlich-rechtliche Medienf\u00f6rderung in den USA"},"content":{"rendered":"<p><a href=\"https:\/\/www.radioszene.de\/205038\/medienfoerderung-usa-aus.html\" target=\"_blank\">https:\/\/www.radioszene.de\/205038\/medienfoerderung-usa-aus.html<\/a><\/p>\n","protected":false},"excerpt":{"rendered":"<p>https:\/\/www.radioszene.de\/205038\/medienfoerderung-usa-aus.html<\/p>\n","protected":false},"author":1,"featured_media":0,"comment_status":"closed","ping_status":"open","sticky":false,"template":"","format":"standard","meta":{"_jetpack_memberships_contains_paid_content":false,"footnotes":"","jetpack_publicize_message":"","jetpack_publicize_feature_enabled":true,"jetpack_social_post_already_shared":true,"jetpack_social_options":{"image_generator_settings":{"template":"highway","default_image_id":0,"font":"","enabled":false},"version":2}},"categories":[1],"tags":[],"class_list":["post-43493","post","type-post","status-publish","format-standard","hentry","category-deutsch"],"jetpack_publicize_connections":[],"jetpack_featured_media_url":"","jetpack_sharing_enabled":true,"jetpack_shortlink":"https:\/\/wp.me\/p5CDmr-bjv","jetpack-related-posts":[{"id":34292,"url":"https:\/\/www.achimbrueckner.de\/dxradio\/php\/wordpress\/?p=34292","url_meta":{"origin":43493,"position":0},"title":"Das Jahr 2022 bringt neue Spielregeln f\u00fcr \u00d6ffentlich-Rechtliche","author":"Administrator","date":"December 30, 2021","format":false,"excerpt":"https:\/\/netzpolitik.org\/2021\/neues-aus-dem-fernsehrat-82-das-jahr-2022-bringt-neue-spielregeln-fuer-oeffentlich-rechtliche\/","rel":"","context":"In &quot;Deutsch&quot;","block_context":{"text":"Deutsch","link":"https:\/\/www.achimbrueckner.de\/dxradio\/php\/wordpress\/?cat=1"},"img":{"alt_text":"","src":"","width":0,"height":0},"classes":[]},{"id":41972,"url":"https:\/\/www.achimbrueckner.de\/dxradio\/php\/wordpress\/?p=41972","url_meta":{"origin":43493,"position":1},"title":"Aus f\u00fcr Radio Flensburg: Regionalsender stellt Sendebetrieb ein","author":"Administrator","date":"November 22, 2024","format":false,"excerpt":"https:\/\/www.radioszene.de\/193034\/radio-flensburg-aus.html","rel":"","context":"In &quot;Deutsch&quot;","block_context":{"text":"Deutsch","link":"https:\/\/www.achimbrueckner.de\/dxradio\/php\/wordpress\/?cat=1"},"img":{"alt_text":"","src":"","width":0,"height":0},"classes":[]},{"id":44750,"url":"https:\/\/www.achimbrueckner.de\/dxradio\/php\/wordpress\/?p=44750","url_meta":{"origin":43493,"position":2},"title":"UKW-Aus f\u00fcr Radio WSW: Neustart als Radio Sachsen Eins \u00fcber DAB+","author":"Administrator","date":"January 7, 2026","format":false,"excerpt":"https:\/\/www.radioszene.de\/209225\/radio-wsw-ukw-aus.html","rel":"","context":"In &quot;Deutsch&quot;","block_context":{"text":"Deutsch","link":"https:\/\/www.achimbrueckner.de\/dxradio\/php\/wordpress\/?cat=1"},"img":{"alt_text":"","src":"","width":0,"height":0},"classes":[]},{"id":43916,"url":"https:\/\/www.achimbrueckner.de\/dxradio\/php\/wordpress\/?p=43916","url_meta":{"origin":43493,"position":3},"title":"\u00d6ffentlich-rechtliche Streaming-Angebote mit Reichweite vor privaten Streamingdiensten","author":"Administrator","date":"September 30, 2025","format":false,"excerpt":"https:\/\/www.radioszene.de\/206652\/oeffentlich-rechtliche-streaming-angebote-mit-reichweite-vor-privaten-streamingdiensten.html","rel":"","context":"In &quot;Deutsch&quot;","block_context":{"text":"Deutsch","link":"https:\/\/www.achimbrueckner.de\/dxradio\/php\/wordpress\/?cat=1"},"img":{"alt_text":"","src":"","width":0,"height":0},"classes":[]},{"id":26461,"url":"https:\/\/www.achimbrueckner.de\/dxradio\/php\/wordpress\/?p=26461","url_meta":{"origin":43493,"position":4},"title":"Medienf\u00f6rderung im rechtlichen Spannungsfeld","author":"Administrator","date":"December 30, 2019","format":false,"excerpt":"https:\/\/www.nzz.ch\/schweiz\/medienfoerderung-im-rechtlichen-spannungsfeld-ld.1531319","rel":"","context":"In &quot;Deutsch&quot;","block_context":{"text":"Deutsch","link":"https:\/\/www.achimbrueckner.de\/dxradio\/php\/wordpress\/?cat=1"},"img":{"alt_text":"","src":"","width":0,"height":0},"classes":[]},{"id":27015,"url":"https:\/\/www.achimbrueckner.de\/dxradio\/php\/wordpress\/?p=27015","url_meta":{"origin":43493,"position":5},"title":"Medienf\u00f6rderung: Wer hat, dem wird gegeben","author":"Administrator","date":"February 5, 2020","format":false,"excerpt":"https:\/\/medienwoche.ch\/2020\/02\/04\/medienfoerderung-wer-hat-dem-wird-gegeben\/","rel":"","context":"In &quot;Deutsch&quot;","block_context":{"text":"Deutsch","link":"https:\/\/www.achimbrueckner.de\/dxradio\/php\/wordpress\/?cat=1"},"img":{"alt_text":"","src":"","width":0,"height":0},"classes":[]}],"_links":{"self":[{"href":"https:\/\/www.achimbrueckner.de\/dxradio\/php\/wordpress\/index.php?rest_route=\/wp\/v2\/posts\/43493","targetHints":{"allow":["GET"]}}],"collection":[{"href":"https:\/\/www.achimbrueckner.de\/dxradio\/php\/wordpress\/index.php?rest_route=\/wp\/v2\/posts"}],"about":[{"href":"https:\/\/www.achimbrueckner.de\/dxradio\/php\/wordpress\/index.php?rest_route=\/wp\/v2\/types\/post"}],"author":[{"embeddable":true,"href":"https:\/\/www.achimbrueckner.de\/dxradio\/php\/wordpress\/index.php?rest_route=\/wp\/v2\/users\/1"}],"replies":[{"embeddable":true,"href":"https:\/\/www.achimbrueckner.de\/dxradio\/php\/wordpress\/index.php?rest_route=%2Fwp%2Fv2%2Fcomments&post=43493"}],"version-history":[{"count":0,"href":"https:\/\/www.achimbrueckner.de\/dxradio\/php\/wordpress\/index.php?rest_route=\/wp\/v2\/posts\/43493\/revisions"}],"wp:attachment":[{"href":"https:\/\/www.achimbrueckner.de\/dxradio\/php\/wordpress\/index.php?rest_route=%2Fwp%2Fv2%2Fmedia&parent=43493"}],"wp:term":[{"taxonomy":"category","embeddable":true,"href":"https:\/\/www.achimbrueckner.de\/dxradio\/php\/wordpress\/index.php?rest_route=%2Fwp%2Fv2%2Fcategories&post=43493"},{"taxonomy":"post_tag","embeddable":true,"href":"https:\/\/www.achimbrueckner.de\/dxradio\/php\/wordpress\/index.php?rest_route=%2Fwp%2Fv2%2Ftags&post=43493"}],"curies":[{"name":"wp","href":"https:\/\/api.w.org\/{rel}","templated":true}]}}