{"id":43505,"date":"2025-08-05T15:19:32","date_gmt":"2025-08-05T15:19:32","guid":{"rendered":"https:\/\/www.achimbrueckner.de\/dxradio\/php\/wordpress\/?p=43505"},"modified":"2025-08-05T15:19:32","modified_gmt":"2025-08-05T15:19:32","slug":"grosbritannien-verlangerung-fur-die-bbc-langwelle","status":"publish","type":"post","link":"https:\/\/www.achimbrueckner.de\/dxradio\/php\/wordpress\/?p=43505","title":{"rendered":"Gro\u00dfbritannien: Verl\u00e4ngerung f\u00fcr die BBC-Langwelle"},"content":{"rendered":"<p><a href=\"https:\/\/www.radioblog.eu\/2025\/08\/04\/grossbritannien-verlaengerung-fuer-die-bbc-langwelle\/\" target=\"_blank\">https:\/\/www.radioblog.eu\/2025\/08\/04\/grossbritannien-verlaengerung-fuer-die-bbc-langwelle\/<\/a><\/p>\n","protected":false},"excerpt":{"rendered":"<p>https:\/\/www.radioblog.eu\/2025\/08\/04\/grossbritannien-verlaengerung-fuer-die-bbc-langwelle\/<\/p>\n","protected":false},"author":1,"featured_media":0,"comment_status":"closed","ping_status":"open","sticky":false,"template":"","format":"standard","meta":{"_jetpack_memberships_contains_paid_content":false,"footnotes":"","jetpack_publicize_message":"","jetpack_publicize_feature_enabled":true,"jetpack_social_post_already_shared":true,"jetpack_social_options":{"image_generator_settings":{"template":"highway","default_image_id":0,"font":"","enabled":false},"version":2}},"categories":[1],"tags":[],"class_list":["post-43505","post","type-post","status-publish","format-standard","hentry","category-deutsch"],"jetpack_publicize_connections":[],"jetpack_featured_media_url":"","jetpack_sharing_enabled":true,"jetpack_shortlink":"https:\/\/wp.me\/p5CDmr-bjH","jetpack-related-posts":[{"id":42965,"url":"https:\/\/www.achimbrueckner.de\/dxradio\/php\/wordpress\/?p=42965","url_meta":{"origin":43505,"position":0},"title":"Gro\u00dfbritannien: BBC-Langwelle sendet l\u00e4nger","author":"Administrator","date":"June 6, 2025","format":false,"excerpt":"https:\/\/www.radioblog.eu\/2025\/06\/06\/grossbritannien-bbc-langwelle-sendet-laenger\/","rel":"","context":"In &quot;Deutsch&quot;","block_context":{"text":"Deutsch","link":"https:\/\/www.achimbrueckner.de\/dxradio\/php\/wordpress\/?cat=1"},"img":{"alt_text":"","src":"","width":0,"height":0},"classes":[]},{"id":45466,"url":"https:\/\/www.achimbrueckner.de\/dxradio\/php\/wordpress\/?p=45466","url_meta":{"origin":43505,"position":1},"title":"Gro\u00dfbritannien: BBC k\u00fcndigt Abschaltung von Radio 4 auf Langwelle an","author":"Administrator","date":"April 17, 2026","format":false,"excerpt":"https:\/\/www.radioblog.eu\/2026\/04\/17\/grossbritannien-bbc-kuendigt-abschaltung-von-radio-4-auf-langwelle-an\/","rel":"","context":"In &quot;Deutsch&quot;","block_context":{"text":"Deutsch","link":"https:\/\/www.achimbrueckner.de\/dxradio\/php\/wordpress\/?cat=1"},"img":{"alt_text":"","src":"","width":0,"height":0},"classes":[]},{"id":39737,"url":"https:\/\/www.achimbrueckner.de\/dxradio\/php\/wordpress\/?p=39737","url_meta":{"origin":43505,"position":2},"title":"Mittelwelle und Langwelle: Weitere Abschaltungen in Gro\u00dfbritannien und D\u00e4nemark","author":"Administrator","date":"June 27, 2023","format":false,"excerpt":"https:\/\/www.radiowoche.de\/mittelwelle-und-langwelle-weitere-abschaltungen-in-grossbritannien-und-daenemark\/","rel":"","context":"In &quot;Deutsch&quot;","block_context":{"text":"Deutsch","link":"https:\/\/www.achimbrueckner.de\/dxradio\/php\/wordpress\/?cat=1"},"img":{"alt_text":"","src":"","width":0,"height":0},"classes":[]},{"id":41032,"url":"https:\/\/www.achimbrueckner.de\/dxradio\/php\/wordpress\/?p=41032","url_meta":{"origin":43505,"position":3},"title":"BBC-Langwelle ab Ende M\u00e4rz ohne Radioprogramm","author":"Administrator","date":"March 8, 2024","format":false,"excerpt":"https:\/\/www.radioblog.eu\/2024\/03\/08\/bbc-langwelle-ab-ende-maerz-ohne-radioprogramm\/","rel":"","context":"In &quot;Deutsch&quot;","block_context":{"text":"Deutsch","link":"https:\/\/www.achimbrueckner.de\/dxradio\/php\/wordpress\/?cat=1"},"img":{"alt_text":"","src":"","width":0,"height":0},"classes":[]},{"id":41114,"url":"https:\/\/www.achimbrueckner.de\/dxradio\/php\/wordpress\/?p=41114","url_meta":{"origin":43505,"position":4},"title":"So geht es ab April mit der BBC-Langwelle weiter","author":"Administrator","date":"March 30, 2024","format":false,"excerpt":"https:\/\/www.radioblog.eu\/2024\/03\/29\/so-geht-es-ab-april-mit-der-bbc-langwelle-weiter\/","rel":"","context":"In &quot;Deutsch&quot;","block_context":{"text":"Deutsch","link":"https:\/\/www.achimbrueckner.de\/dxradio\/php\/wordpress\/?cat=1"},"img":{"alt_text":"","src":"","width":0,"height":0},"classes":[]},{"id":28767,"url":"https:\/\/www.achimbrueckner.de\/dxradio\/php\/wordpress\/?p=28767","url_meta":{"origin":43505,"position":5},"title":"Neuer Radiosender in Gro\u00dfbritannien Die BBC bekommt neue Konkurrenz","author":"Administrator","date":"May 21, 2020","format":false,"excerpt":"https:\/\/www.deutschlandfunk.de\/neuer-radiosender-in-grossbritannien-die-bbc-bekommt-neue.2907.de.html?dram:article_id=477042","rel":"","context":"In &quot;Deutsch&quot;","block_context":{"text":"Deutsch","link":"https:\/\/www.achimbrueckner.de\/dxradio\/php\/wordpress\/?cat=1"},"img":{"alt_text":"","src":"","width":0,"height":0},"classes":[]}],"_links":{"self":[{"href":"https:\/\/www.achimbrueckner.de\/dxradio\/php\/wordpress\/index.php?rest_route=\/wp\/v2\/posts\/43505","targetHints":{"allow":["GET"]}}],"collection":[{"href":"https:\/\/www.achimbrueckner.de\/dxradio\/php\/wordpress\/index.php?rest_route=\/wp\/v2\/posts"}],"about":[{"href":"https:\/\/www.achimbrueckner.de\/dxradio\/php\/wordpress\/index.php?rest_route=\/wp\/v2\/types\/post"}],"author":[{"embeddable":true,"href":"https:\/\/www.achimbrueckner.de\/dxradio\/php\/wordpress\/index.php?rest_route=\/wp\/v2\/users\/1"}],"replies":[{"embeddable":true,"href":"https:\/\/www.achimbrueckner.de\/dxradio\/php\/wordpress\/index.php?rest_route=%2Fwp%2Fv2%2Fcomments&post=43505"}],"version-history":[{"count":0,"href":"https:\/\/www.achimbrueckner.de\/dxradio\/php\/wordpress\/index.php?rest_route=\/wp\/v2\/posts\/43505\/revisions"}],"wp:attachment":[{"href":"https:\/\/www.achimbrueckner.de\/dxradio\/php\/wordpress\/index.php?rest_route=%2Fwp%2Fv2%2Fmedia&parent=43505"}],"wp:term":[{"taxonomy":"category","embeddable":true,"href":"https:\/\/www.achimbrueckner.de\/dxradio\/php\/wordpress\/index.php?rest_route=%2Fwp%2Fv2%2Fcategories&post=43505"},{"taxonomy":"post_tag","embeddable":true,"href":"https:\/\/www.achimbrueckner.de\/dxradio\/php\/wordpress\/index.php?rest_route=%2Fwp%2Fv2%2Ftags&post=43505"}],"curies":[{"name":"wp","href":"https:\/\/api.w.org\/{rel}","templated":true}]}}