{"id":43508,"date":"2025-08-05T15:21:44","date_gmt":"2025-08-05T15:21:44","guid":{"rendered":"https:\/\/www.achimbrueckner.de\/dxradio\/php\/wordpress\/?p=43508"},"modified":"2025-08-05T15:21:44","modified_gmt":"2025-08-05T15:21:44","slug":"swr1-rlp-hitparade-2025-mit-neuem-glasernen-studio-in-koblenz","status":"publish","type":"post","link":"https:\/\/www.achimbrueckner.de\/dxradio\/php\/wordpress\/?p=43508","title":{"rendered":"SWR1 RLP Hitparade 2025 mit neuem \u201eGl\u00e4sernen Studio\u201c in Koblenz"},"content":{"rendered":"<p><a href=\"https:\/\/www.radioszene.de\/205069\/swr1-hitparade-2025.html\" target=\"_blank\">https:\/\/www.radioszene.de\/205069\/swr1-hitparade-2025.html<\/a><\/p>\n","protected":false},"excerpt":{"rendered":"<p>https:\/\/www.radioszene.de\/205069\/swr1-hitparade-2025.html<\/p>\n","protected":false},"author":1,"featured_media":0,"comment_status":"closed","ping_status":"open","sticky":false,"template":"","format":"standard","meta":{"_jetpack_memberships_contains_paid_content":false,"footnotes":"","jetpack_publicize_message":"","jetpack_publicize_feature_enabled":true,"jetpack_social_post_already_shared":true,"jetpack_social_options":{"image_generator_settings":{"template":"highway","default_image_id":0,"font":"","enabled":false},"version":2}},"categories":[1],"tags":[],"class_list":["post-43508","post","type-post","status-publish","format-standard","hentry","category-deutsch"],"jetpack_publicize_connections":[],"jetpack_featured_media_url":"","jetpack_sharing_enabled":true,"jetpack_shortlink":"https:\/\/wp.me\/p5CDmr-bjK","jetpack-related-posts":[{"id":43793,"url":"https:\/\/www.achimbrueckner.de\/dxradio\/php\/wordpress\/?p=43793","url_meta":{"origin":43508,"position":0},"title":"Die Top 10-Platzierung der SWR1 Rheinland-Pfalz Hitparade 2025","author":"Administrator","date":"September 14, 2025","format":false,"excerpt":"https:\/\/www.radioszene.de\/206105\/die-top-10-platzierung-der-swr1-rheinland-pfalz-hitparade-2025.html","rel":"","context":"In &quot;Deutsch&quot;","block_context":{"text":"Deutsch","link":"https:\/\/www.achimbrueckner.de\/dxradio\/php\/wordpress\/?cat=1"},"img":{"alt_text":"","src":"","width":0,"height":0},"classes":[]},{"id":25409,"url":"https:\/\/www.achimbrueckner.de\/dxradio\/php\/wordpress\/?p=25409","url_meta":{"origin":43508,"position":1},"title":"Ihr direkter Blick auf die SWR1 Hitparade","author":"Administrator","date":"October 21, 2019","format":false,"excerpt":"https:\/\/www.swr.de\/swr1\/bw\/hitparade\/Hitfiebern-mit-dem-SWR1-Livestream-Ihr-direkter-Blick-auf-die-SWR1-Hitparade,livestream-swr1-hitparade-vom-fernsehturm-100.html","rel":"","context":"In &quot;Deutsch&quot;","block_context":{"text":"Deutsch","link":"https:\/\/www.achimbrueckner.de\/dxradio\/php\/wordpress\/?cat=1"},"img":{"alt_text":"","src":"","width":0,"height":0},"classes":[]},{"id":30500,"url":"https:\/\/www.achimbrueckner.de\/dxradio\/php\/wordpress\/?p=30500","url_meta":{"origin":43508,"position":2},"title":"HITFIEBERN MIT DEM SWR1 LIVESTREAM Ihr direkter Blick in die SWR1 Hitparade","author":"Administrator","date":"October 19, 2020","format":false,"excerpt":"https:\/\/www.swr.de\/swr1\/bw\/hitparade\/livestream-swr1-hitparade-100.html","rel":"","context":"In &quot;Deutsch&quot;","block_context":{"text":"Deutsch","link":"https:\/\/www.achimbrueckner.de\/dxradio\/php\/wordpress\/?cat=1"},"img":{"alt_text":"","src":"","width":0,"height":0},"classes":[]},{"id":19673,"url":"https:\/\/www.achimbrueckner.de\/dxradio\/php\/wordpress\/?p=19673","url_meta":{"origin":43508,"position":3},"title":"Marathon-Hitparade von SWR1 Baden-W\u00fcrttemberg gestartet","author":"Administrator","date":"October 22, 2018","format":false,"excerpt":"https:\/\/www.radioszene.de\/126918\/swr1-hitparade-2018.html","rel":"","context":"In &quot;Deutsch&quot;","block_context":{"text":"Deutsch","link":"https:\/\/www.achimbrueckner.de\/dxradio\/php\/wordpress\/?cat=1"},"img":{"alt_text":"","src":"","width":0,"height":0},"classes":[]},{"id":25404,"url":"https:\/\/www.achimbrueckner.de\/dxradio\/php\/wordpress\/?p=25404","url_meta":{"origin":43508,"position":4},"title":"30 Jahre SWR1 Hitparade mit \u00dcberraschungsparty","author":"Administrator","date":"October 20, 2019","format":false,"excerpt":"https:\/\/www.radioszene.de\/137645\/30-jahre-swr1-hitparade-ueberraschungsparty.html","rel":"","context":"In &quot;Deutsch&quot;","block_context":{"text":"Deutsch","link":"https:\/\/www.achimbrueckner.de\/dxradio\/php\/wordpress\/?cat=1"},"img":{"alt_text":"","src":"","width":0,"height":0},"classes":[]},{"id":29861,"url":"https:\/\/www.achimbrueckner.de\/dxradio\/php\/wordpress\/?p=29861","url_meta":{"origin":43508,"position":5},"title":"SWR1 Hitparade: Ab heute f\u00fcr die gr\u00f6\u00dften Hits aller Zeiten abstimmen","author":"Administrator","date":"August 31, 2020","format":false,"excerpt":"https:\/\/www.radioszene.de\/147034\/swr1-hitparade-2020.html","rel":"","context":"In &quot;Deutsch&quot;","block_context":{"text":"Deutsch","link":"https:\/\/www.achimbrueckner.de\/dxradio\/php\/wordpress\/?cat=1"},"img":{"alt_text":"","src":"","width":0,"height":0},"classes":[]}],"_links":{"self":[{"href":"https:\/\/www.achimbrueckner.de\/dxradio\/php\/wordpress\/index.php?rest_route=\/wp\/v2\/posts\/43508","targetHints":{"allow":["GET"]}}],"collection":[{"href":"https:\/\/www.achimbrueckner.de\/dxradio\/php\/wordpress\/index.php?rest_route=\/wp\/v2\/posts"}],"about":[{"href":"https:\/\/www.achimbrueckner.de\/dxradio\/php\/wordpress\/index.php?rest_route=\/wp\/v2\/types\/post"}],"author":[{"embeddable":true,"href":"https:\/\/www.achimbrueckner.de\/dxradio\/php\/wordpress\/index.php?rest_route=\/wp\/v2\/users\/1"}],"replies":[{"embeddable":true,"href":"https:\/\/www.achimbrueckner.de\/dxradio\/php\/wordpress\/index.php?rest_route=%2Fwp%2Fv2%2Fcomments&post=43508"}],"version-history":[{"count":0,"href":"https:\/\/www.achimbrueckner.de\/dxradio\/php\/wordpress\/index.php?rest_route=\/wp\/v2\/posts\/43508\/revisions"}],"wp:attachment":[{"href":"https:\/\/www.achimbrueckner.de\/dxradio\/php\/wordpress\/index.php?rest_route=%2Fwp%2Fv2%2Fmedia&parent=43508"}],"wp:term":[{"taxonomy":"category","embeddable":true,"href":"https:\/\/www.achimbrueckner.de\/dxradio\/php\/wordpress\/index.php?rest_route=%2Fwp%2Fv2%2Fcategories&post=43508"},{"taxonomy":"post_tag","embeddable":true,"href":"https:\/\/www.achimbrueckner.de\/dxradio\/php\/wordpress\/index.php?rest_route=%2Fwp%2Fv2%2Ftags&post=43508"}],"curies":[{"name":"wp","href":"https:\/\/api.w.org\/{rel}","templated":true}]}}