{"id":43509,"date":"2025-08-05T15:22:33","date_gmt":"2025-08-05T15:22:33","guid":{"rendered":"https:\/\/www.achimbrueckner.de\/dxradio\/php\/wordpress\/?p=43509"},"modified":"2025-08-05T15:22:33","modified_gmt":"2025-08-05T15:22:33","slug":"digital-detox-89-0-rtl-moderator-ist-89-stunden-offline","status":"publish","type":"post","link":"https:\/\/www.achimbrueckner.de\/dxradio\/php\/wordpress\/?p=43509","title":{"rendered":"Digital Detox: 89.0 RTL-Moderator ist 89 Stunden offline"},"content":{"rendered":"<p><a href=\"https:\/\/www.radioszene.de\/205075\/digital-detox.html\" target=\"_blank\">https:\/\/www.radioszene.de\/205075\/digital-detox.html<\/a><\/p>\n","protected":false},"excerpt":{"rendered":"<p>https:\/\/www.radioszene.de\/205075\/digital-detox.html<\/p>\n","protected":false},"author":1,"featured_media":0,"comment_status":"closed","ping_status":"open","sticky":false,"template":"","format":"standard","meta":{"_jetpack_memberships_contains_paid_content":false,"footnotes":"","jetpack_publicize_message":"","jetpack_publicize_feature_enabled":true,"jetpack_social_post_already_shared":true,"jetpack_social_options":{"image_generator_settings":{"template":"highway","default_image_id":0,"font":"","enabled":false},"version":2}},"categories":[1],"tags":[],"class_list":["post-43509","post","type-post","status-publish","format-standard","hentry","category-deutsch"],"jetpack_publicize_connections":[],"jetpack_featured_media_url":"","jetpack_sharing_enabled":true,"jetpack_shortlink":"https:\/\/wp.me\/p5CDmr-bjL","jetpack-related-posts":[{"id":44292,"url":"https:\/\/www.achimbrueckner.de\/dxradio\/php\/wordpress\/?p=44292","url_meta":{"origin":43509,"position":0},"title":"\u201eRadiomoment des Jahres\u201c: 89.0 RTL gewinnt S\u00e4chsischen H\u00f6rfunkpreis","author":"Administrator","date":"November 14, 2025","format":false,"excerpt":"https:\/\/www.radioszene.de\/207881\/radiomoment-des-jahres-89-0-rtl-gewinnt-saechsischen-hoerfunkpreis.html","rel":"","context":"In &quot;Deutsch&quot;","block_context":{"text":"Deutsch","link":"https:\/\/www.achimbrueckner.de\/dxradio\/php\/wordpress\/?cat=1"},"img":{"alt_text":"","src":"","width":0,"height":0},"classes":[]},{"id":20371,"url":"https:\/\/www.achimbrueckner.de\/dxradio\/php\/wordpress\/?p=20371","url_meta":{"origin":43509,"position":1},"title":"Nieders\u00e4chsischer H\u00f6rfunkpreis f\u00fcr die 89.0 RTL Social Media Show","author":"Administrator","date":"December 12, 2018","format":false,"excerpt":"https:\/\/www.radioszene.de\/128542\/niedersaechsischer-hoerfunkpreis-fuer-die-89-0-rtl-social-media-show.html","rel":"","context":"In &quot;Deutsch&quot;","block_context":{"text":"Deutsch","link":"https:\/\/www.achimbrueckner.de\/dxradio\/php\/wordpress\/?cat=1"},"img":{"alt_text":"","src":"","width":0,"height":0},"classes":[]},{"id":32636,"url":"https:\/\/www.achimbrueckner.de\/dxradio\/php\/wordpress\/?p=32636","url_meta":{"origin":43509,"position":2},"title":"Jan Hahn ist tot: RTL-Moderator starb mit 47 Jahren","author":"Administrator","date":"May 7, 2021","format":false,"excerpt":"https:\/\/www.radioszene.de\/154294\/jan-hahn-tot.html","rel":"","context":"In &quot;Deutsch&quot;","block_context":{"text":"Deutsch","link":"https:\/\/www.achimbrueckner.de\/dxradio\/php\/wordpress\/?cat=1"},"img":{"alt_text":"","src":"","width":0,"height":0},"classes":[]},{"id":39728,"url":"https:\/\/www.achimbrueckner.de\/dxradio\/php\/wordpress\/?p=39728","url_meta":{"origin":43509,"position":3},"title":"Rebranding von 104.6 RTL, RTL Deutschlands Hit-Radio und 89.0 RTL unter der gemeinsamen Dachmarke RTL","author":"Administrator","date":"June 27, 2023","format":false,"excerpt":"https:\/\/www.radiowoche.de\/rebranding-von-104-6-rtl-rtl-deutschlands-hit-radio-und-89-0-rtl-unter-der-gemeinsamen-dachmarke-rtl\/","rel":"","context":"In &quot;Deutsch&quot;","block_context":{"text":"Deutsch","link":"https:\/\/www.achimbrueckner.de\/dxradio\/php\/wordpress\/?cat=1"},"img":{"alt_text":"","src":"","width":0,"height":0},"classes":[]},{"id":45246,"url":"https:\/\/www.achimbrueckner.de\/dxradio\/php\/wordpress\/?p=45246","url_meta":{"origin":43509,"position":4},"title":"89.0 RTL: Goldene \u00dcberraschung am Freaky Friday","author":"Administrator","date":"March 15, 2026","format":false,"excerpt":"https:\/\/www.radioszene.de\/212204\/freaky-friday.html","rel":"","context":"In &quot;Deutsch&quot;","block_context":{"text":"Deutsch","link":"https:\/\/www.achimbrueckner.de\/dxradio\/php\/wordpress\/?cat=1"},"img":{"alt_text":"","src":"","width":0,"height":0},"classes":[]},{"id":40769,"url":"https:\/\/www.achimbrueckner.de\/dxradio\/php\/wordpress\/?p=40769","url_meta":{"origin":43509,"position":5},"title":"89.0 RTL: Morningman BigNick wechselt in den Nachmittag","author":"Administrator","date":"January 5, 2024","format":false,"excerpt":"https:\/\/www.radioszene.de\/182642\/890rtl-bignick-show.html","rel":"","context":"In &quot;Deutsch&quot;","block_context":{"text":"Deutsch","link":"https:\/\/www.achimbrueckner.de\/dxradio\/php\/wordpress\/?cat=1"},"img":{"alt_text":"","src":"","width":0,"height":0},"classes":[]}],"_links":{"self":[{"href":"https:\/\/www.achimbrueckner.de\/dxradio\/php\/wordpress\/index.php?rest_route=\/wp\/v2\/posts\/43509","targetHints":{"allow":["GET"]}}],"collection":[{"href":"https:\/\/www.achimbrueckner.de\/dxradio\/php\/wordpress\/index.php?rest_route=\/wp\/v2\/posts"}],"about":[{"href":"https:\/\/www.achimbrueckner.de\/dxradio\/php\/wordpress\/index.php?rest_route=\/wp\/v2\/types\/post"}],"author":[{"embeddable":true,"href":"https:\/\/www.achimbrueckner.de\/dxradio\/php\/wordpress\/index.php?rest_route=\/wp\/v2\/users\/1"}],"replies":[{"embeddable":true,"href":"https:\/\/www.achimbrueckner.de\/dxradio\/php\/wordpress\/index.php?rest_route=%2Fwp%2Fv2%2Fcomments&post=43509"}],"version-history":[{"count":0,"href":"https:\/\/www.achimbrueckner.de\/dxradio\/php\/wordpress\/index.php?rest_route=\/wp\/v2\/posts\/43509\/revisions"}],"wp:attachment":[{"href":"https:\/\/www.achimbrueckner.de\/dxradio\/php\/wordpress\/index.php?rest_route=%2Fwp%2Fv2%2Fmedia&parent=43509"}],"wp:term":[{"taxonomy":"category","embeddable":true,"href":"https:\/\/www.achimbrueckner.de\/dxradio\/php\/wordpress\/index.php?rest_route=%2Fwp%2Fv2%2Fcategories&post=43509"},{"taxonomy":"post_tag","embeddable":true,"href":"https:\/\/www.achimbrueckner.de\/dxradio\/php\/wordpress\/index.php?rest_route=%2Fwp%2Fv2%2Ftags&post=43509"}],"curies":[{"name":"wp","href":"https:\/\/api.w.org\/{rel}","templated":true}]}}