{"id":43565,"date":"2025-08-13T16:59:28","date_gmt":"2025-08-13T16:59:28","guid":{"rendered":"https:\/\/www.achimbrueckner.de\/dxradio\/php\/wordpress\/?p=43565"},"modified":"2025-08-13T16:59:28","modified_gmt":"2025-08-13T16:59:28","slug":"osterreichische-dab-multiplexe-uberraschende-empfange","status":"publish","type":"post","link":"https:\/\/www.achimbrueckner.de\/dxradio\/php\/wordpress\/?p=43565","title":{"rendered":"\u00d6sterreichische DAB+ Multiplexe: \u00dcberraschende Empf\u00e4nge"},"content":{"rendered":"<p><a href=\"https:\/\/www.radioblog.eu\/2025\/08\/12\/oesterreichische-dab-multiplexe-ueberraschende-empfaenge\/\" target=\"_blank\">https:\/\/www.radioblog.eu\/2025\/08\/12\/oesterreichische-dab-multiplexe-ueberraschende-empfaenge\/<\/a><\/p>\n","protected":false},"excerpt":{"rendered":"<p>https:\/\/www.radioblog.eu\/2025\/08\/12\/oesterreichische-dab-multiplexe-ueberraschende-empfaenge\/<\/p>\n","protected":false},"author":1,"featured_media":0,"comment_status":"closed","ping_status":"open","sticky":false,"template":"","format":"standard","meta":{"_jetpack_memberships_contains_paid_content":false,"footnotes":"","jetpack_publicize_message":"","jetpack_publicize_feature_enabled":true,"jetpack_social_post_already_shared":true,"jetpack_social_options":{"image_generator_settings":{"template":"highway","default_image_id":0,"font":"","enabled":false},"version":2}},"categories":[1],"tags":[],"class_list":["post-43565","post","type-post","status-publish","format-standard","hentry","category-deutsch"],"jetpack_publicize_connections":[],"jetpack_featured_media_url":"","jetpack_sharing_enabled":true,"jetpack_shortlink":"https:\/\/wp.me\/p5CDmr-bkF","jetpack-related-posts":[{"id":28736,"url":"https:\/\/www.achimbrueckner.de\/dxradio\/php\/wordpress\/?p=28736","url_meta":{"origin":43565,"position":0},"title":"DAB+ in den Niederlanden: Zehn lokale DAB+ Multiplexe in Betrieb","author":"Administrator","date":"May 19, 2020","format":false,"excerpt":"https:\/\/www.dabplus.de\/2020\/05\/19\/dab-in-den-niederlanden-zehn-lokale-dab-multiplexe-in-betrieb\/","rel":"","context":"In &quot;Deutsch&quot;","block_context":{"text":"Deutsch","link":"https:\/\/www.achimbrueckner.de\/dxradio\/php\/wordpress\/?cat=1"},"img":{"alt_text":"","src":"","width":0,"height":0},"classes":[]},{"id":32568,"url":"https:\/\/www.achimbrueckner.de\/dxradio\/php\/wordpress\/?p=32568","url_meta":{"origin":43565,"position":1},"title":"Small Scale: Das wird einer der interessantesten DAB+-Multiplexe","author":"Administrator","date":"April 26, 2021","format":false,"excerpt":"https:\/\/www.smartphonefan.de\/2021\/04\/26\/small-scale-das-wird-einer-der-interessantesten-dab-multiplexe\/","rel":"","context":"In &quot;Deutsch&quot;","block_context":{"text":"Deutsch","link":"https:\/\/www.achimbrueckner.de\/dxradio\/php\/wordpress\/?cat=1"},"img":{"alt_text":"","src":"","width":0,"height":0},"classes":[]},{"id":29574,"url":"https:\/\/www.achimbrueckner.de\/dxradio\/php\/wordpress\/?p=29574","url_meta":{"origin":43565,"position":2},"title":"DAB+ DX in Bamberg: Zw\u00f6lf Multiplexe aus vier Bundesl\u00e4ndern","author":"Administrator","date":"July 27, 2020","format":false,"excerpt":"https:\/\/www.smartphonefan.de\/2020\/07\/27\/dab-dx-in-bamberg-zwoelf-multiplexe-aus-vier-bundeslaendern\/","rel":"","context":"In &quot;Deutsch&quot;","block_context":{"text":"Deutsch","link":"https:\/\/www.achimbrueckner.de\/dxradio\/php\/wordpress\/?cat=1"},"img":{"alt_text":"","src":"","width":0,"height":0},"classes":[]},{"id":23955,"url":"https:\/\/www.achimbrueckner.de\/dxradio\/php\/wordpress\/?p=23955","url_meta":{"origin":43565,"position":3},"title":"DAB+-DX auf dem Eisenberg: Diese Multiplexe waren zu h\u00f6ren","author":"Administrator","date":"July 25, 2019","format":false,"excerpt":"https:\/\/www.smartphonefan.de\/2019\/07\/25\/dab-dx-auf-dem-eisenberg-diese-multiplexe-waren-zu-hoeren\/","rel":"","context":"In &quot;Deutsch&quot;","block_context":{"text":"Deutsch","link":"https:\/\/www.achimbrueckner.de\/dxradio\/php\/wordpress\/?cat=1"},"img":{"alt_text":"","src":"","width":0,"height":0},"classes":[]},{"id":40558,"url":"https:\/\/www.achimbrueckner.de\/dxradio\/php\/wordpress\/?p=40558","url_meta":{"origin":43565,"position":4},"title":"DAB+ in Rom: Zwei weitere Multiplexe","author":"Administrator","date":"November 27, 2023","format":false,"excerpt":"https:\/\/www.radioblog.eu\/2023\/11\/27\/dab-in-rom-zwei-weitere-multiplexe\/","rel":"","context":"In &quot;Deutsch&quot;","block_context":{"text":"Deutsch","link":"https:\/\/www.achimbrueckner.de\/dxradio\/php\/wordpress\/?cat=1"},"img":{"alt_text":"","src":"","width":0,"height":0},"classes":[]},{"id":37508,"url":"https:\/\/www.achimbrueckner.de\/dxradio\/php\/wordpress\/?p=37508","url_meta":{"origin":43565,"position":5},"title":"DAB+ in Amsterdam: Sieben Multiplexe verf\u00fcgbar","author":"Administrator","date":"September 18, 2022","format":false,"excerpt":"https:\/\/www.radioblog.eu\/2022\/09\/16\/dab-in-amsterdam-sieben-multiplexe-verfuegbar\/","rel":"","context":"In &quot;Deutsch&quot;","block_context":{"text":"Deutsch","link":"https:\/\/www.achimbrueckner.de\/dxradio\/php\/wordpress\/?cat=1"},"img":{"alt_text":"","src":"","width":0,"height":0},"classes":[]}],"_links":{"self":[{"href":"https:\/\/www.achimbrueckner.de\/dxradio\/php\/wordpress\/index.php?rest_route=\/wp\/v2\/posts\/43565","targetHints":{"allow":["GET"]}}],"collection":[{"href":"https:\/\/www.achimbrueckner.de\/dxradio\/php\/wordpress\/index.php?rest_route=\/wp\/v2\/posts"}],"about":[{"href":"https:\/\/www.achimbrueckner.de\/dxradio\/php\/wordpress\/index.php?rest_route=\/wp\/v2\/types\/post"}],"author":[{"embeddable":true,"href":"https:\/\/www.achimbrueckner.de\/dxradio\/php\/wordpress\/index.php?rest_route=\/wp\/v2\/users\/1"}],"replies":[{"embeddable":true,"href":"https:\/\/www.achimbrueckner.de\/dxradio\/php\/wordpress\/index.php?rest_route=%2Fwp%2Fv2%2Fcomments&post=43565"}],"version-history":[{"count":0,"href":"https:\/\/www.achimbrueckner.de\/dxradio\/php\/wordpress\/index.php?rest_route=\/wp\/v2\/posts\/43565\/revisions"}],"wp:attachment":[{"href":"https:\/\/www.achimbrueckner.de\/dxradio\/php\/wordpress\/index.php?rest_route=%2Fwp%2Fv2%2Fmedia&parent=43565"}],"wp:term":[{"taxonomy":"category","embeddable":true,"href":"https:\/\/www.achimbrueckner.de\/dxradio\/php\/wordpress\/index.php?rest_route=%2Fwp%2Fv2%2Fcategories&post=43565"},{"taxonomy":"post_tag","embeddable":true,"href":"https:\/\/www.achimbrueckner.de\/dxradio\/php\/wordpress\/index.php?rest_route=%2Fwp%2Fv2%2Ftags&post=43565"}],"curies":[{"name":"wp","href":"https:\/\/api.w.org\/{rel}","templated":true}]}}