{"id":43579,"date":"2025-08-15T12:01:20","date_gmt":"2025-08-15T12:01:20","guid":{"rendered":"https:\/\/www.achimbrueckner.de\/dxradio\/php\/wordpress\/?p=43579"},"modified":"2025-08-15T12:01:20","modified_gmt":"2025-08-15T12:01:20","slug":"darc-umfrage-ham-radio","status":"publish","type":"post","link":"https:\/\/www.achimbrueckner.de\/dxradio\/php\/wordpress\/?p=43579","title":{"rendered":"DARC Umfrage Ham Radio"},"content":{"rendered":"<p>Der DARC m\u00f6chte die HAM RADIO, Europas f\u00fchrende Messe f\u00fcr Amateurfunk, weiterentwickeln und bittet um deine Meinung!<br \/>\nEgal, ob du die Messe regelm\u00e4\u00dfig besuchst, fr\u00fcher dort warst oder sie noch nie besucht hast \u2013 deine Meinung ist uns wichtig. Nimm dir 5-10 Minuten Zeit und hilf uns, die Veranstaltung f\u00fcr die Zukunft zu gestalten.<br \/>\nDeine Antworten geben uns wertvolle Einblicke, wie die Messe attraktiver werden kann. Die Teilnahme dauert nur wenige Minuten.<br \/>\nHier geht&#8217;s zur Umfrage: <a href=\"https:\/\/www.darc.de\/umfrage\" target=\"_blank\">https:\/\/www.darc.de\/umfrage<\/a>.<br \/>\nMach mit bis zum 31.08.2025 und hilf uns dabei, die HAM RADIO f\u00fcr alle Funkamateure zu verbessern!<\/p>\n","protected":false},"excerpt":{"rendered":"<p>Der DARC m\u00f6chte die HAM RADIO, Europas f\u00fchrende Messe f\u00fcr Amateurfunk, weiterentwickeln und bittet um deine Meinung! Egal, ob du die Messe regelm\u00e4\u00dfig besuchst, fr\u00fcher dort warst oder sie noch nie besucht hast \u2013 deine Meinung ist uns wichtig. Nimm dir 5-10 Minuten Zeit und hilf uns, die Veranstaltung f\u00fcr die Zukunft zu gestalten. Deine &hellip; <a href=\"https:\/\/www.achimbrueckner.de\/dxradio\/php\/wordpress\/?p=43579\" class=\"more-link\">Continue reading <span class=\"screen-reader-text\">DARC Umfrage Ham Radio<\/span><\/a><\/p>\n","protected":false},"author":1,"featured_media":0,"comment_status":"closed","ping_status":"open","sticky":false,"template":"","format":"standard","meta":{"_jetpack_memberships_contains_paid_content":false,"footnotes":"","jetpack_publicize_message":"","jetpack_publicize_feature_enabled":true,"jetpack_social_post_already_shared":true,"jetpack_social_options":{"image_generator_settings":{"template":"highway","default_image_id":0,"font":"","enabled":false},"version":2}},"categories":[1],"tags":[],"class_list":["post-43579","post","type-post","status-publish","format-standard","hentry","category-deutsch"],"jetpack_publicize_connections":[],"jetpack_featured_media_url":"","jetpack_sharing_enabled":true,"jetpack_shortlink":"https:\/\/wp.me\/p5CDmr-bkT","jetpack-related-posts":[{"id":7826,"url":"https:\/\/www.achimbrueckner.de\/dxradio\/php\/wordpress\/?p=7826","url_meta":{"origin":43579,"position":0},"title":"HAM Radio 2017 (!) verschoben","author":"Administrator","date":"March 15, 2016","format":false,"excerpt":"Messe Friedrichshafen und DARC fixieren den Messetermin f\u00fcr 2017 \u2013 Funkamateure treffen sich vom 14. bis 16. Juli 2017 am Bodensee Neue Terminierung: Messe Ham Radio findet im Jahr 2017 im Juli in Friedrichshafen statt Friedrichshafen \u2013 Die Ham Radio zieht es in den Sommer. Die Veranstalter der Messe Friedrichshafen\u2026","rel":"","context":"In &quot;camps&quot;","block_context":{"text":"camps","link":"https:\/\/www.achimbrueckner.de\/dxradio\/php\/wordpress\/?cat=5"},"img":{"alt_text":"","src":"","width":0,"height":0},"classes":[]},{"id":21454,"url":"https:\/\/www.achimbrueckner.de\/dxradio\/php\/wordpress\/?p=21454","url_meta":{"origin":43579,"position":1},"title":"HAM Radio 2019","author":"Administrator","date":"February 10, 2019","format":false,"excerpt":"Liebe A-DXer, Die HAM Radio 2019 findet vom 21.- 23. Juni 2019 in Friedrichshafen statt. Ich m\u00f6chte daher zeitgerecht informieren falls man die M\u00f6glichkeit nutzen m\u00f6chte der Messe, nein es ist ja lt. Messegesellschaft nun nur mehr eine \u201eAusstellung\u201c, einen Besuch abzustatten und rechtzeitig eine \u00dcbernachtungsm\u00f6glichkeit zu suchen. Da es\u2026","rel":"","context":"In &quot;camps&quot;","block_context":{"text":"camps","link":"https:\/\/www.achimbrueckner.de\/dxradio\/php\/wordpress\/?cat=5"},"img":{"alt_text":"","src":"","width":0,"height":0},"classes":[]},{"id":2257,"url":"https:\/\/www.achimbrueckner.de\/dxradio\/php\/wordpress\/?p=2257","url_meta":{"origin":43579,"position":2},"title":"UKW\/TV-Arbeitskreis: Stand auf der Ham Radio","author":"Administrator","date":"June 20, 2012","format":false,"excerpt":"Hallo Liste Der UKW\/TV-Arbeitskreis hat dieses Jahr nach l\u00e4ngerer Pause wieder einen Stand auf der Ham Radio. Wir sind in Halle A1, am Standplatz A1-546, direkt gegen\u00fcber der ADDX, anzutreffen. Neben der Vorstellung unseres Spezialgebiets, des \u00dcberreichweitenempfangs auf UKW und TV, bieten wir live UKW-Empf\u00e4ngervergleiche an in der Halle aufgebauten\u2026","rel":"","context":"In &quot;camps&quot;","block_context":{"text":"camps","link":"https:\/\/www.achimbrueckner.de\/dxradio\/php\/wordpress\/?cat=5"},"img":{"alt_text":"","src":"","width":0,"height":0},"classes":[]},{"id":1729,"url":"https:\/\/www.achimbrueckner.de\/dxradio\/php\/wordpress\/?p=1729","url_meta":{"origin":43579,"position":3},"title":"IFA Berlin Hobbytreffen 2011","author":"Administrator","date":"August 4, 2011","format":false,"excerpt":"Liebe Hobbyfreunde, auch in diesem Jahr findet zur IFA in Berlin wieder ein Hobbytreffen statt, zu dem alle Radio- und Funkfreunde sowie alle DXer herzlich eingeladen sind. Das Treffen findet am Samstag, 3. September 2011, ab 18.30 Uhr MESZ im Schachcaf\u00c3\u00a9 En Passant, Sch\u00f6nhauser Allee 58\/Ecke Gneisstra\u00dfe, in 10437 Berlin\u2026","rel":"","context":"In &quot;camps&quot;","block_context":{"text":"camps","link":"https:\/\/www.achimbrueckner.de\/dxradio\/php\/wordpress\/?cat=5"},"img":{"alt_text":"","src":"","width":0,"height":0},"classes":[]},{"id":1825,"url":"https:\/\/www.achimbrueckner.de\/dxradio\/php\/wordpress\/?p=1825","url_meta":{"origin":43579,"position":4},"title":"Radio Nord 16 Oktober 2011","author":"Administrator","date":"October 14, 2011","format":false,"excerpt":"Hallo lieber Freund, F\u00f6rderer oder Radiokollege, an dieser Stelle nochmals ein herzliches Dankesch\u00f6n f\u00fcr deine Reaktion zu unserer Sendung vom 21. August 2011. NordAM geht am kommenden Wochenende in die dritte Runde - und vielleicht bist du ja wieder auf Kurzwelle 6005 kHz dabei? Wir w\u00fcrden uns freuen, dich und\u2026","rel":"","context":"In &quot;Deutsch&quot;","block_context":{"text":"Deutsch","link":"https:\/\/www.achimbrueckner.de\/dxradio\/php\/wordpress\/?cat=1"},"img":{"alt_text":"","src":"","width":0,"height":0},"classes":[]},{"id":11296,"url":"https:\/\/www.achimbrueckner.de\/dxradio\/php\/wordpress\/?p=11296","url_meta":{"origin":43579,"position":5},"title":"50 Jahre ADDX","author":"Administrator","date":"December 8, 2016","format":false,"excerpt":"Hallo in die Runde, wie vielen Hobbyfreunden bestimmt bekannt ist, wird die ADDX e.V. im Jahr 2017 ihr 50. Gr\u00fcndungsjubil\u00e4um feiern. Das ist f\u00fcr uns von Vorstand und Redaktion \"Radio-Kurier mit weltweit h\u00f6ren\" Grund genug, auch akustisch einen R\u00fcckblick auf die Anfangstage und die Vereinsentwicklung zu pr\u00e4sentieren und \u00fcber unsere\u2026","rel":"","context":"In &quot;Deutsch&quot;","block_context":{"text":"Deutsch","link":"https:\/\/www.achimbrueckner.de\/dxradio\/php\/wordpress\/?cat=1"},"img":{"alt_text":"","src":"","width":0,"height":0},"classes":[]}],"_links":{"self":[{"href":"https:\/\/www.achimbrueckner.de\/dxradio\/php\/wordpress\/index.php?rest_route=\/wp\/v2\/posts\/43579","targetHints":{"allow":["GET"]}}],"collection":[{"href":"https:\/\/www.achimbrueckner.de\/dxradio\/php\/wordpress\/index.php?rest_route=\/wp\/v2\/posts"}],"about":[{"href":"https:\/\/www.achimbrueckner.de\/dxradio\/php\/wordpress\/index.php?rest_route=\/wp\/v2\/types\/post"}],"author":[{"embeddable":true,"href":"https:\/\/www.achimbrueckner.de\/dxradio\/php\/wordpress\/index.php?rest_route=\/wp\/v2\/users\/1"}],"replies":[{"embeddable":true,"href":"https:\/\/www.achimbrueckner.de\/dxradio\/php\/wordpress\/index.php?rest_route=%2Fwp%2Fv2%2Fcomments&post=43579"}],"version-history":[{"count":0,"href":"https:\/\/www.achimbrueckner.de\/dxradio\/php\/wordpress\/index.php?rest_route=\/wp\/v2\/posts\/43579\/revisions"}],"wp:attachment":[{"href":"https:\/\/www.achimbrueckner.de\/dxradio\/php\/wordpress\/index.php?rest_route=%2Fwp%2Fv2%2Fmedia&parent=43579"}],"wp:term":[{"taxonomy":"category","embeddable":true,"href":"https:\/\/www.achimbrueckner.de\/dxradio\/php\/wordpress\/index.php?rest_route=%2Fwp%2Fv2%2Fcategories&post=43579"},{"taxonomy":"post_tag","embeddable":true,"href":"https:\/\/www.achimbrueckner.de\/dxradio\/php\/wordpress\/index.php?rest_route=%2Fwp%2Fv2%2Ftags&post=43579"}],"curies":[{"name":"wp","href":"https:\/\/api.w.org\/{rel}","templated":true}]}}