{"id":43580,"date":"2025-08-16T14:33:07","date_gmt":"2025-08-16T14:33:07","guid":{"rendered":"https:\/\/www.achimbrueckner.de\/dxradio\/php\/wordpress\/?p=43580"},"modified":"2025-08-16T14:33:07","modified_gmt":"2025-08-16T14:33:07","slug":"nius-macht-radio-neue-rechte-welle","status":"publish","type":"post","link":"https:\/\/www.achimbrueckner.de\/dxradio\/php\/wordpress\/?p=43580","title":{"rendered":"\u201eNius\u201c macht Radio Neue rechte Welle"},"content":{"rendered":"<p><a href=\"https:\/\/taz.de\/Nius-macht-Radio\/!6103351\/\" target=\"_blank\">https:\/\/taz.de\/Nius-macht-Radio\/!6103351\/<\/a><\/p>\n","protected":false},"excerpt":{"rendered":"<p>https:\/\/taz.de\/Nius-macht-Radio\/!6103351\/<\/p>\n","protected":false},"author":1,"featured_media":0,"comment_status":"closed","ping_status":"open","sticky":false,"template":"","format":"standard","meta":{"_jetpack_memberships_contains_paid_content":false,"footnotes":"","jetpack_publicize_message":"","jetpack_publicize_feature_enabled":true,"jetpack_social_post_already_shared":true,"jetpack_social_options":{"image_generator_settings":{"template":"highway","default_image_id":0,"font":"","enabled":false},"version":2}},"categories":[1],"tags":[],"class_list":["post-43580","post","type-post","status-publish","format-standard","hentry","category-deutsch"],"jetpack_publicize_connections":[],"jetpack_featured_media_url":"","jetpack_sharing_enabled":true,"jetpack_shortlink":"https:\/\/wp.me\/p5CDmr-bkU","jetpack-related-posts":[{"id":43587,"url":"https:\/\/www.achimbrueckner.de\/dxradio\/php\/wordpress\/?p=43587","url_meta":{"origin":43580,"position":0},"title":"DAB+ in Sachsen und Th\u00fcringen: Radio Holiday durch NiUS Radio ersetzt","author":"Administrator","date":"August 15, 2025","format":false,"excerpt":"https:\/\/www.radioblog.eu\/2025\/08\/15\/dab-in-sachsen-und-thueringen-radio-holiday-durch-nius-radio-ersetzt\/","rel":"","context":"In &quot;Deutsch&quot;","block_context":{"text":"Deutsch","link":"https:\/\/www.achimbrueckner.de\/dxradio\/php\/wordpress\/?cat=1"},"img":{"alt_text":"","src":"","width":0,"height":0},"classes":[]},{"id":44376,"url":"https:\/\/www.achimbrueckner.de\/dxradio\/php\/wordpress\/?p=44376","url_meta":{"origin":43580,"position":1},"title":"NIUS Radio will in Hessen auf DAB+","author":"Administrator","date":"November 25, 2025","format":false,"excerpt":"https:\/\/www.radioblog.eu\/2025\/11\/25\/nius-radio-will-in-hessen-auf-dab\/","rel":"","context":"In &quot;Deutsch&quot;","block_context":{"text":"Deutsch","link":"https:\/\/www.achimbrueckner.de\/dxradio\/php\/wordpress\/?cat=1"},"img":{"alt_text":"","src":"","width":0,"height":0},"classes":[]},{"id":44694,"url":"https:\/\/www.achimbrueckner.de\/dxradio\/php\/wordpress\/?p=44694","url_meta":{"origin":43580,"position":2},"title":"NIUS Radio sendet jetzt auch in NRW auf DAB+","author":"Administrator","date":"January 1, 2026","format":false,"excerpt":"https:\/\/www.radioszene.de\/209119\/nius-radio-nrw-hessen.html","rel":"","context":"In &quot;Deutsch&quot;","block_context":{"text":"Deutsch","link":"https:\/\/www.achimbrueckner.de\/dxradio\/php\/wordpress\/?cat=1"},"img":{"alt_text":"","src":"","width":0,"height":0},"classes":[]},{"id":44576,"url":"https:\/\/www.achimbrueckner.de\/dxradio\/php\/wordpress\/?p=44576","url_meta":{"origin":43580,"position":3},"title":"NIUS RADIO k\u00fcnftig auch in Hessen \u00fcber DAB+ verf\u00fcgbar","author":"Administrator","date":"December 17, 2025","format":false,"excerpt":"https:\/\/www.radioszene.de\/208836\/nius-das-radio-hessen.html","rel":"","context":"In &quot;Deutsch&quot;","block_context":{"text":"Deutsch","link":"https:\/\/www.achimbrueckner.de\/dxradio\/php\/wordpress\/?cat=1"},"img":{"alt_text":"","src":"","width":0,"height":0},"classes":[]},{"id":44911,"url":"https:\/\/www.achimbrueckner.de\/dxradio\/php\/wordpress\/?p=44911","url_meta":{"origin":43580,"position":4},"title":"NIUS Radio und egoFM erhalten Zulassungen f\u00fcr DAB+ in Sachsen","author":"Administrator","date":"January 28, 2026","format":false,"excerpt":"https:\/\/www.radioszene.de\/210816\/nius-radio-egofm-sachsen.html","rel":"","context":"In &quot;Deutsch&quot;","block_context":{"text":"Deutsch","link":"https:\/\/www.achimbrueckner.de\/dxradio\/php\/wordpress\/?cat=1"},"img":{"alt_text":"","src":"","width":0,"height":0},"classes":[]},{"id":43320,"url":"https:\/\/www.achimbrueckner.de\/dxradio\/php\/wordpress\/?p=43320","url_meta":{"origin":43580,"position":5},"title":"NiUS \u2013 Das Radio auf DAB+ gestartet","author":"Administrator","date":"July 17, 2025","format":false,"excerpt":"https:\/\/www.radioblog.eu\/2025\/07\/17\/nius-das-radio-auf-dab-gestartet\/","rel":"","context":"In &quot;Deutsch&quot;","block_context":{"text":"Deutsch","link":"https:\/\/www.achimbrueckner.de\/dxradio\/php\/wordpress\/?cat=1"},"img":{"alt_text":"","src":"","width":0,"height":0},"classes":[]}],"_links":{"self":[{"href":"https:\/\/www.achimbrueckner.de\/dxradio\/php\/wordpress\/index.php?rest_route=\/wp\/v2\/posts\/43580","targetHints":{"allow":["GET"]}}],"collection":[{"href":"https:\/\/www.achimbrueckner.de\/dxradio\/php\/wordpress\/index.php?rest_route=\/wp\/v2\/posts"}],"about":[{"href":"https:\/\/www.achimbrueckner.de\/dxradio\/php\/wordpress\/index.php?rest_route=\/wp\/v2\/types\/post"}],"author":[{"embeddable":true,"href":"https:\/\/www.achimbrueckner.de\/dxradio\/php\/wordpress\/index.php?rest_route=\/wp\/v2\/users\/1"}],"replies":[{"embeddable":true,"href":"https:\/\/www.achimbrueckner.de\/dxradio\/php\/wordpress\/index.php?rest_route=%2Fwp%2Fv2%2Fcomments&post=43580"}],"version-history":[{"count":0,"href":"https:\/\/www.achimbrueckner.de\/dxradio\/php\/wordpress\/index.php?rest_route=\/wp\/v2\/posts\/43580\/revisions"}],"wp:attachment":[{"href":"https:\/\/www.achimbrueckner.de\/dxradio\/php\/wordpress\/index.php?rest_route=%2Fwp%2Fv2%2Fmedia&parent=43580"}],"wp:term":[{"taxonomy":"category","embeddable":true,"href":"https:\/\/www.achimbrueckner.de\/dxradio\/php\/wordpress\/index.php?rest_route=%2Fwp%2Fv2%2Fcategories&post=43580"},{"taxonomy":"post_tag","embeddable":true,"href":"https:\/\/www.achimbrueckner.de\/dxradio\/php\/wordpress\/index.php?rest_route=%2Fwp%2Fv2%2Ftags&post=43580"}],"curies":[{"name":"wp","href":"https:\/\/api.w.org\/{rel}","templated":true}]}}