{"id":43588,"date":"2025-08-17T18:15:58","date_gmt":"2025-08-17T18:15:58","guid":{"rendered":"https:\/\/www.achimbrueckner.de\/dxradio\/php\/wordpress\/?p=43588"},"modified":"2025-08-17T18:15:58","modified_gmt":"2025-08-17T18:15:58","slug":"radiolegende-rainer-holbe-mit-85-jahren-gestorben","status":"publish","type":"post","link":"https:\/\/www.achimbrueckner.de\/dxradio\/php\/wordpress\/?p=43588","title":{"rendered":"Radiolegende Rainer Holbe mit 85 Jahren gestorben"},"content":{"rendered":"<p><a href=\"https:\/\/www.radioszene.de\/205310\/rainer-holbe-gestorben.html\" target=\"_blank\">https:\/\/www.radioszene.de\/205310\/rainer-holbe-gestorben.html<\/a><\/p>\n","protected":false},"excerpt":{"rendered":"<p>https:\/\/www.radioszene.de\/205310\/rainer-holbe-gestorben.html<\/p>\n","protected":false},"author":1,"featured_media":0,"comment_status":"closed","ping_status":"open","sticky":false,"template":"","format":"standard","meta":{"_jetpack_memberships_contains_paid_content":false,"footnotes":"","jetpack_publicize_message":"","jetpack_publicize_feature_enabled":true,"jetpack_social_post_already_shared":true,"jetpack_social_options":{"image_generator_settings":{"template":"highway","default_image_id":0,"font":"","enabled":false},"version":2}},"categories":[1],"tags":[],"class_list":["post-43588","post","type-post","status-publish","format-standard","hentry","category-deutsch"],"jetpack_publicize_connections":[],"jetpack_featured_media_url":"","jetpack_sharing_enabled":true,"jetpack_shortlink":"https:\/\/wp.me\/p5CDmr-bl2","jetpack-related-posts":[{"id":2069,"url":"https:\/\/www.achimbrueckner.de\/dxradio\/php\/wordpress\/?p=2069","url_meta":{"origin":43588,"position":0},"title":"Rainer Holbe: \u00e2\u20ac\u017eDas Radio Luxemburg von damals h\u00e4tte heute keine Chance\u00e2\u20ac\u0153","author":"Administrator","date":"December 29, 2011","format":false,"excerpt":"Rainer Holbe: \u00e2\u20ac\u017eDas Radio Luxemburg von damals h\u00e4tte heute keine Chance\u00e2\u20ac\u0153 http:\/\/www.radioszene.de\/32990\/rainer-holbe-das-radio-luxemburg-von-damals-haette-heute-keine-chance.html","rel":"","context":"In &quot;Deutsch&quot;","block_context":{"text":"Deutsch","link":"https:\/\/www.achimbrueckner.de\/dxradio\/php\/wordpress\/?cat=1"},"img":{"alt_text":"","src":"","width":0,"height":0},"classes":[]},{"id":20327,"url":"https:\/\/www.achimbrueckner.de\/dxradio\/php\/wordpress\/?p=20327","url_meta":{"origin":43588,"position":1},"title":"RMG Extra: Interview mit Rainer Holbe","author":"Administrator","date":"December 10, 2018","format":false,"excerpt":"https:\/\/soundcloud.com\/user-778506161\/rmg-extra-interview-mit-rainer-holbe\/","rel":"","context":"In &quot;Deutsch&quot;","block_context":{"text":"Deutsch","link":"https:\/\/www.achimbrueckner.de\/dxradio\/php\/wordpress\/?cat=1"},"img":{"alt_text":"","src":"","width":0,"height":0},"classes":[]},{"id":31837,"url":"https:\/\/www.achimbrueckner.de\/dxradio\/php\/wordpress\/?p=31837","url_meta":{"origin":43588,"position":2},"title":"RTL Unglaubliche Geschichten mit Rainer Holbe &#8211; Anrufe aus einer anderen Dimension (26.04.1986)","author":"Administrator","date":"January 29, 2021","format":false,"excerpt":"https:\/\/www.mixcloud.com\/MikeBrain\/rtl-unglaubliche-geschichten-mit-rainer-holbe-anrufe-aus-einer-anderen-dimension-26041986\/","rel":"","context":"In &quot;Deutsch&quot;","block_context":{"text":"Deutsch","link":"https:\/\/www.achimbrueckner.de\/dxradio\/php\/wordpress\/?cat=1"},"img":{"alt_text":"","src":"","width":0,"height":0},"classes":[]},{"id":13773,"url":"https:\/\/www.achimbrueckner.de\/dxradio\/php\/wordpress\/?p=13773","url_meta":{"origin":43588,"position":3},"title":"Rainer Holbe: &#8220;Rainer, Helga und Axel machen Spa\u00df&#8221;","author":"Administrator","date":"July 14, 2017","format":false,"excerpt":"https:\/\/www.youtube.com\/watch?v=gnIenqbhOvU","rel":"","context":"In &quot;Deutsch&quot;","block_context":{"text":"Deutsch","link":"https:\/\/www.achimbrueckner.de\/dxradio\/php\/wordpress\/?cat=1"},"img":{"alt_text":"","src":"","width":0,"height":0},"classes":[]},{"id":13772,"url":"https:\/\/www.achimbrueckner.de\/dxradio\/php\/wordpress\/?p=13772","url_meta":{"origin":43588,"position":4},"title":"Rainer Holbe: &#8220;Man musste nur gut gelaunt sein&#8221;","author":"Administrator","date":"July 14, 2017","format":false,"excerpt":"https:\/\/www.youtube.com\/watch?v=WWBHwwElj6E","rel":"","context":"In &quot;Deutsch&quot;","block_context":{"text":"Deutsch","link":"https:\/\/www.achimbrueckner.de\/dxradio\/php\/wordpress\/?cat=1"},"img":{"alt_text":"","src":"","width":0,"height":0},"classes":[]},{"id":43592,"url":"https:\/\/www.achimbrueckner.de\/dxradio\/php\/wordpress\/?p=43592","url_meta":{"origin":43588,"position":5},"title":"Laang bei RTL De Journalist a Moderator Rainer Holbe ass dout","author":"Administrator","date":"August 17, 2025","format":false,"excerpt":"https:\/\/www.rtl.lu\/kultur\/news\/a\/2328887.html","rel":"","context":"In &quot;Deutsch&quot;","block_context":{"text":"Deutsch","link":"https:\/\/www.achimbrueckner.de\/dxradio\/php\/wordpress\/?cat=1"},"img":{"alt_text":"","src":"","width":0,"height":0},"classes":[]}],"_links":{"self":[{"href":"https:\/\/www.achimbrueckner.de\/dxradio\/php\/wordpress\/index.php?rest_route=\/wp\/v2\/posts\/43588","targetHints":{"allow":["GET"]}}],"collection":[{"href":"https:\/\/www.achimbrueckner.de\/dxradio\/php\/wordpress\/index.php?rest_route=\/wp\/v2\/posts"}],"about":[{"href":"https:\/\/www.achimbrueckner.de\/dxradio\/php\/wordpress\/index.php?rest_route=\/wp\/v2\/types\/post"}],"author":[{"embeddable":true,"href":"https:\/\/www.achimbrueckner.de\/dxradio\/php\/wordpress\/index.php?rest_route=\/wp\/v2\/users\/1"}],"replies":[{"embeddable":true,"href":"https:\/\/www.achimbrueckner.de\/dxradio\/php\/wordpress\/index.php?rest_route=%2Fwp%2Fv2%2Fcomments&post=43588"}],"version-history":[{"count":0,"href":"https:\/\/www.achimbrueckner.de\/dxradio\/php\/wordpress\/index.php?rest_route=\/wp\/v2\/posts\/43588\/revisions"}],"wp:attachment":[{"href":"https:\/\/www.achimbrueckner.de\/dxradio\/php\/wordpress\/index.php?rest_route=%2Fwp%2Fv2%2Fmedia&parent=43588"}],"wp:term":[{"taxonomy":"category","embeddable":true,"href":"https:\/\/www.achimbrueckner.de\/dxradio\/php\/wordpress\/index.php?rest_route=%2Fwp%2Fv2%2Fcategories&post=43588"},{"taxonomy":"post_tag","embeddable":true,"href":"https:\/\/www.achimbrueckner.de\/dxradio\/php\/wordpress\/index.php?rest_route=%2Fwp%2Fv2%2Ftags&post=43588"}],"curies":[{"name":"wp","href":"https:\/\/api.w.org\/{rel}","templated":true}]}}