{"id":43620,"date":"2025-08-21T15:24:52","date_gmt":"2025-08-21T15:24:52","guid":{"rendered":"https:\/\/www.achimbrueckner.de\/dxradio\/php\/wordpress\/?p=43620"},"modified":"2025-08-21T15:24:52","modified_gmt":"2025-08-21T15:24:52","slug":"niederlande-qmusic-feiert-20-geburtstag-mit-top-1020","status":"publish","type":"post","link":"https:\/\/www.achimbrueckner.de\/dxradio\/php\/wordpress\/?p=43620","title":{"rendered":"Niederlande: Qmusic feiert 20. Geburtstag mit Top 1020"},"content":{"rendered":"<p><a href=\"https:\/\/www.radioblog.eu\/2025\/08\/21\/niederlande-qmusic-feiert-20-geburtstag-mit-top-1020\/\" target=\"_blank\">https:\/\/www.radioblog.eu\/2025\/08\/21\/niederlande-qmusic-feiert-20-geburtstag-mit-top-1020\/<\/a><\/p>\n","protected":false},"excerpt":{"rendered":"<p>https:\/\/www.radioblog.eu\/2025\/08\/21\/niederlande-qmusic-feiert-20-geburtstag-mit-top-1020\/<\/p>\n","protected":false},"author":1,"featured_media":0,"comment_status":"closed","ping_status":"open","sticky":false,"template":"","format":"standard","meta":{"_jetpack_memberships_contains_paid_content":false,"footnotes":"","jetpack_publicize_message":"","jetpack_publicize_feature_enabled":true,"jetpack_social_post_already_shared":true,"jetpack_social_options":{"image_generator_settings":{"template":"highway","default_image_id":0,"font":"","enabled":false},"version":2}},"categories":[1],"tags":[],"class_list":["post-43620","post","type-post","status-publish","format-standard","hentry","category-deutsch"],"jetpack_publicize_connections":[],"jetpack_featured_media_url":"","jetpack_sharing_enabled":true,"jetpack_shortlink":"https:\/\/wp.me\/p5CDmr-bly","jetpack-related-posts":[{"id":43676,"url":"https:\/\/www.achimbrueckner.de\/dxradio\/php\/wordpress\/?p=43676","url_meta":{"origin":43620,"position":0},"title":"Niederlande: Qmusic Limburg auf neuen Frequenzen","author":"Administrator","date":"August 29, 2025","format":false,"excerpt":"https:\/\/www.radioblog.eu\/2025\/08\/29\/niederlande-qmusic-limburg-auf-neuen-frequenzen\/","rel":"","context":"In &quot;Deutsch&quot;","block_context":{"text":"Deutsch","link":"https:\/\/www.achimbrueckner.de\/dxradio\/php\/wordpress\/?cat=1"},"img":{"alt_text":"","src":"","width":0,"height":0},"classes":[]},{"id":39286,"url":"https:\/\/www.achimbrueckner.de\/dxradio\/php\/wordpress\/?p=39286","url_meta":{"origin":43620,"position":1},"title":"Sky Radio feiert 35. Geburtstag mit Top 1000","author":"Administrator","date":"April 11, 2023","format":false,"excerpt":"https:\/\/www.radioblog.eu\/2023\/04\/08\/sky-radio-feiert-35-geburtstag-mit-top-1000\/","rel":"","context":"In &quot;Deutsch&quot;","block_context":{"text":"Deutsch","link":"https:\/\/www.achimbrueckner.de\/dxradio\/php\/wordpress\/?cat=1"},"img":{"alt_text":"","src":"","width":0,"height":0},"classes":[]},{"id":43426,"url":"https:\/\/www.achimbrueckner.de\/dxradio\/php\/wordpress\/?p=43426","url_meta":{"origin":43620,"position":2},"title":"Namibia: Hitradio Namibia feiert 13. Geburtstag mit Sonderprogramm","author":"Administrator","date":"July 29, 2025","format":false,"excerpt":"https:\/\/www.radioblog.eu\/2025\/07\/29\/namibia-hitradio-namibia-feiert-13-geburtstag-mit-sonderprogramm\/","rel":"","context":"In &quot;Deutsch&quot;","block_context":{"text":"Deutsch","link":"https:\/\/www.achimbrueckner.de\/dxradio\/php\/wordpress\/?cat=1"},"img":{"alt_text":"","src":"","width":0,"height":0},"classes":[]},{"id":43028,"url":"https:\/\/www.achimbrueckner.de\/dxradio\/php\/wordpress\/?p=43028","url_meta":{"origin":43620,"position":3},"title":"TOGGO Radio feiert f\u00fcnften Geburtstag mit gro\u00dfem Jubil\u00e4umsprogramm","author":"Administrator","date":"June 16, 2025","format":false,"excerpt":"https:\/\/www.radioblog.eu\/2025\/06\/16\/toggo-radio-feiert-fuenften-geburtstag-mit-grossem-jubilaeumsprogramm\/","rel":"","context":"In &quot;Deutsch&quot;","block_context":{"text":"Deutsch","link":"https:\/\/www.achimbrueckner.de\/dxradio\/php\/wordpress\/?cat=1"},"img":{"alt_text":"","src":"","width":0,"height":0},"classes":[]},{"id":27023,"url":"https:\/\/www.achimbrueckner.de\/dxradio\/php\/wordpress\/?p=27023","url_meta":{"origin":43620,"position":4},"title":"Radio Bremen feiert 75. Geburtstag mit Ausstellung und Konzerten","author":"Administrator","date":"February 5, 2020","format":false,"excerpt":"https:\/\/www.infosat.de\/digitale-welt\/radio-bremen-feiert-75-geburtstag-mit-ausstellung-und-konzerten","rel":"","context":"In &quot;Deutsch&quot;","block_context":{"text":"Deutsch","link":"https:\/\/www.achimbrueckner.de\/dxradio\/php\/wordpress\/?cat=1"},"img":{"alt_text":"","src":"","width":0,"height":0},"classes":[]},{"id":31186,"url":"https:\/\/www.achimbrueckner.de\/dxradio\/php\/wordpress\/?p=31186","url_meta":{"origin":43620,"position":5},"title":"Radiozentrale feiert den 100. Geburtstag des Radios mit neuen Spotmotiven","author":"Administrator","date":"December 16, 2020","format":false,"excerpt":"https:\/\/www.radiowoche.de\/radiozentrale-feiert-den-100-geburtstag-des-radios-mit-neuen-spotmotiven\/","rel":"","context":"In &quot;Deutsch&quot;","block_context":{"text":"Deutsch","link":"https:\/\/www.achimbrueckner.de\/dxradio\/php\/wordpress\/?cat=1"},"img":{"alt_text":"","src":"","width":0,"height":0},"classes":[]}],"_links":{"self":[{"href":"https:\/\/www.achimbrueckner.de\/dxradio\/php\/wordpress\/index.php?rest_route=\/wp\/v2\/posts\/43620","targetHints":{"allow":["GET"]}}],"collection":[{"href":"https:\/\/www.achimbrueckner.de\/dxradio\/php\/wordpress\/index.php?rest_route=\/wp\/v2\/posts"}],"about":[{"href":"https:\/\/www.achimbrueckner.de\/dxradio\/php\/wordpress\/index.php?rest_route=\/wp\/v2\/types\/post"}],"author":[{"embeddable":true,"href":"https:\/\/www.achimbrueckner.de\/dxradio\/php\/wordpress\/index.php?rest_route=\/wp\/v2\/users\/1"}],"replies":[{"embeddable":true,"href":"https:\/\/www.achimbrueckner.de\/dxradio\/php\/wordpress\/index.php?rest_route=%2Fwp%2Fv2%2Fcomments&post=43620"}],"version-history":[{"count":0,"href":"https:\/\/www.achimbrueckner.de\/dxradio\/php\/wordpress\/index.php?rest_route=\/wp\/v2\/posts\/43620\/revisions"}],"wp:attachment":[{"href":"https:\/\/www.achimbrueckner.de\/dxradio\/php\/wordpress\/index.php?rest_route=%2Fwp%2Fv2%2Fmedia&parent=43620"}],"wp:term":[{"taxonomy":"category","embeddable":true,"href":"https:\/\/www.achimbrueckner.de\/dxradio\/php\/wordpress\/index.php?rest_route=%2Fwp%2Fv2%2Fcategories&post=43620"},{"taxonomy":"post_tag","embeddable":true,"href":"https:\/\/www.achimbrueckner.de\/dxradio\/php\/wordpress\/index.php?rest_route=%2Fwp%2Fv2%2Ftags&post=43620"}],"curies":[{"name":"wp","href":"https:\/\/api.w.org\/{rel}","templated":true}]}}