{"id":43631,"date":"2025-08-22T15:09:36","date_gmt":"2025-08-22T15:09:36","guid":{"rendered":"https:\/\/www.achimbrueckner.de\/dxradio\/php\/wordpress\/?p=43631"},"modified":"2025-08-22T15:09:36","modified_gmt":"2025-08-22T15:09:36","slug":"golden-ist-der-offizielle-sommerhit-2025","status":"publish","type":"post","link":"https:\/\/www.achimbrueckner.de\/dxradio\/php\/wordpress\/?p=43631","title":{"rendered":"\u201eGolden\u201c ist der Offizielle Sommerhit 2025"},"content":{"rendered":"<p><a href=\"https:\/\/www.radioszene.de\/205441\/sommerhit-2025-golden.html\" target=\"_blank\">https:\/\/www.radioszene.de\/205441\/sommerhit-2025-golden.html<\/a><\/p>\n","protected":false},"excerpt":{"rendered":"<p>https:\/\/www.radioszene.de\/205441\/sommerhit-2025-golden.html<\/p>\n","protected":false},"author":1,"featured_media":0,"comment_status":"closed","ping_status":"open","sticky":false,"template":"","format":"standard","meta":{"_jetpack_memberships_contains_paid_content":false,"footnotes":"","jetpack_publicize_message":"","jetpack_publicize_feature_enabled":true,"jetpack_social_post_already_shared":true,"jetpack_social_options":{"image_generator_settings":{"template":"highway","default_image_id":0,"font":"","enabled":false},"version":2}},"categories":[1],"tags":[],"class_list":["post-43631","post","type-post","status-publish","format-standard","hentry","category-deutsch"],"jetpack_publicize_connections":[],"jetpack_featured_media_url":"","jetpack_sharing_enabled":true,"jetpack_shortlink":"https:\/\/wp.me\/p5CDmr-blJ","jetpack-related-posts":[{"id":29713,"url":"https:\/\/www.achimbrueckner.de\/dxradio\/php\/wordpress\/?p=29713","url_meta":{"origin":43631,"position":0},"title":"\u201eSavage Love\u201d ist offizieller Sommerhit 2020","author":"Administrator","date":"August 9, 2020","format":false,"excerpt":"https:\/\/www.radioszene.de\/146367\/sommerhit-2020-savage-love.html","rel":"","context":"In &quot;Deutsch&quot;","block_context":{"text":"Deutsch","link":"https:\/\/www.achimbrueckner.de\/dxradio\/php\/wordpress\/?cat=1"},"img":{"alt_text":"","src":"","width":0,"height":0},"classes":[]},{"id":18778,"url":"https:\/\/www.achimbrueckner.de\/dxradio\/php\/wordpress\/?p=18778","url_meta":{"origin":43631,"position":1},"title":"\u201eBella Ciao\u201c ist laut GfK Entertainment offizieller Sommerhit 2018","author":"Administrator","date":"August 13, 2018","format":false,"excerpt":"https:\/\/www.radioszene.de\/124644\/bella-ciao-sommerhit-2018.html","rel":"","context":"In &quot;Deutsch&quot;","block_context":{"text":"Deutsch","link":"https:\/\/www.achimbrueckner.de\/dxradio\/php\/wordpress\/?cat=1"},"img":{"alt_text":"","src":"","width":0,"height":0},"classes":[]},{"id":24208,"url":"https:\/\/www.achimbrueckner.de\/dxradio\/php\/wordpress\/?p=24208","url_meta":{"origin":43631,"position":2},"title":"GfK ermittelt \u201eSe\u00f1orita\u201c als offiziellen Sommerhit 2019","author":"Administrator","date":"August 12, 2019","format":false,"excerpt":"https:\/\/www.radioszene.de\/135578\/gfk-ermittelt-senorita-als-offiziellen-sommerhit-2019.html","rel":"","context":"In &quot;Deutsch&quot;","block_context":{"text":"Deutsch","link":"https:\/\/www.achimbrueckner.de\/dxradio\/php\/wordpress\/?cat=1"},"img":{"alt_text":"","src":"","width":0,"height":0},"classes":[]},{"id":13843,"url":"https:\/\/www.achimbrueckner.de\/dxradio\/php\/wordpress\/?p=13843","url_meta":{"origin":43631,"position":3},"title":"STREIT UM SOMMERHIT Malaysia verbietet &#8220;Despacito&#8221;","author":"Administrator","date":"July 20, 2017","format":false,"excerpt":"https:\/\/www.deutschlandfunknova.de\/nachrichten\/streit-um-sommerhit-malaysia-verbietet-despacito","rel":"","context":"In &quot;Deutsch&quot;","block_context":{"text":"Deutsch","link":"https:\/\/www.achimbrueckner.de\/dxradio\/php\/wordpress\/?cat=1"},"img":{"alt_text":"","src":"","width":0,"height":0},"classes":[]},{"id":42358,"url":"https:\/\/www.achimbrueckner.de\/dxradio\/php\/wordpress\/?p=42358","url_meta":{"origin":43631,"position":4},"title":"DASDING Relaunch: \u201eAuthentizit\u00e4t ist der jungen Zielgruppe extrem wichtig\u201c","author":"Administrator","date":"March 13, 2025","format":false,"excerpt":"https:\/\/www.radioszene.de\/200872\/dasding-relaunch-2025.html","rel":"","context":"In &quot;Deutsch&quot;","block_context":{"text":"Deutsch","link":"https:\/\/www.achimbrueckner.de\/dxradio\/php\/wordpress\/?cat=1"},"img":{"alt_text":"","src":"","width":0,"height":0},"classes":[]},{"id":42712,"url":"https:\/\/www.achimbrueckner.de\/dxradio\/php\/wordpress\/?p=42712","url_meta":{"origin":43631,"position":5},"title":"Benny Schnier: \u201eGr\u00f6\u00dfte Herausforderung f\u00fcr die Radio- und Musikbranche ist der Umgang mit KI\u201c","author":"Administrator","date":"April 30, 2025","format":false,"excerpt":"https:\/\/www.radioszene.de\/202272\/benny-schnier-interview-2025.html","rel":"","context":"In &quot;Deutsch&quot;","block_context":{"text":"Deutsch","link":"https:\/\/www.achimbrueckner.de\/dxradio\/php\/wordpress\/?cat=1"},"img":{"alt_text":"","src":"","width":0,"height":0},"classes":[]}],"_links":{"self":[{"href":"https:\/\/www.achimbrueckner.de\/dxradio\/php\/wordpress\/index.php?rest_route=\/wp\/v2\/posts\/43631","targetHints":{"allow":["GET"]}}],"collection":[{"href":"https:\/\/www.achimbrueckner.de\/dxradio\/php\/wordpress\/index.php?rest_route=\/wp\/v2\/posts"}],"about":[{"href":"https:\/\/www.achimbrueckner.de\/dxradio\/php\/wordpress\/index.php?rest_route=\/wp\/v2\/types\/post"}],"author":[{"embeddable":true,"href":"https:\/\/www.achimbrueckner.de\/dxradio\/php\/wordpress\/index.php?rest_route=\/wp\/v2\/users\/1"}],"replies":[{"embeddable":true,"href":"https:\/\/www.achimbrueckner.de\/dxradio\/php\/wordpress\/index.php?rest_route=%2Fwp%2Fv2%2Fcomments&post=43631"}],"version-history":[{"count":0,"href":"https:\/\/www.achimbrueckner.de\/dxradio\/php\/wordpress\/index.php?rest_route=\/wp\/v2\/posts\/43631\/revisions"}],"wp:attachment":[{"href":"https:\/\/www.achimbrueckner.de\/dxradio\/php\/wordpress\/index.php?rest_route=%2Fwp%2Fv2%2Fmedia&parent=43631"}],"wp:term":[{"taxonomy":"category","embeddable":true,"href":"https:\/\/www.achimbrueckner.de\/dxradio\/php\/wordpress\/index.php?rest_route=%2Fwp%2Fv2%2Fcategories&post=43631"},{"taxonomy":"post_tag","embeddable":true,"href":"https:\/\/www.achimbrueckner.de\/dxradio\/php\/wordpress\/index.php?rest_route=%2Fwp%2Fv2%2Ftags&post=43631"}],"curies":[{"name":"wp","href":"https:\/\/api.w.org\/{rel}","templated":true}]}}