{"id":43640,"date":"2025-08-25T15:42:01","date_gmt":"2025-08-25T15:42:01","guid":{"rendered":"https:\/\/www.achimbrueckner.de\/dxradio\/php\/wordpress\/?p=43640"},"modified":"2025-08-25T15:42:01","modified_gmt":"2025-08-25T15:42:01","slug":"attacke-gegen-abc-und-nbc-trump-droht-nachrichtensendern-mit-entzug-der-lizenz","status":"publish","type":"post","link":"https:\/\/www.achimbrueckner.de\/dxradio\/php\/wordpress\/?p=43640","title":{"rendered":"Attacke gegen ABC und NBC Trump droht Nachrichtensendern mit Entzug der Lizenz"},"content":{"rendered":"<p><a href=\"https:\/\/www.tagesschau.de\/ausland\/amerika\/trump-medien-lizenz-100.html\" target=\"_blank\">https:\/\/www.tagesschau.de\/ausland\/amerika\/trump-medien-lizenz-100.html<\/a><\/p>\n","protected":false},"excerpt":{"rendered":"<p>https:\/\/www.tagesschau.de\/ausland\/amerika\/trump-medien-lizenz-100.html<\/p>\n","protected":false},"author":1,"featured_media":0,"comment_status":"closed","ping_status":"open","sticky":false,"template":"","format":"standard","meta":{"_jetpack_memberships_contains_paid_content":false,"footnotes":"","jetpack_publicize_message":"","jetpack_publicize_feature_enabled":true,"jetpack_social_post_already_shared":true,"jetpack_social_options":{"image_generator_settings":{"template":"highway","default_image_id":0,"font":"","enabled":false},"version":2}},"categories":[1],"tags":[],"class_list":["post-43640","post","type-post","status-publish","format-standard","hentry","category-deutsch"],"jetpack_publicize_connections":[],"jetpack_featured_media_url":"","jetpack_sharing_enabled":true,"jetpack_shortlink":"https:\/\/wp.me\/p5CDmr-blS","jetpack-related-posts":[{"id":43444,"url":"https:\/\/www.achimbrueckner.de\/dxradio\/php\/wordpress\/?p=43444","url_meta":{"origin":43640,"position":0},"title":"12-j\u00e4hrige Br\u00fcder bestehen E-Lizenz im Amateurfunk Kento und Kaito Fritzsche aus Bad Sch\u00f6nborn sind mit 12 Jahren unter den j\u00fcngsten Funkamateuren mit E-Lizenz in Deutschland","author":"Administrator","date":"July 30, 2025","format":false,"excerpt":"https:\/\/www.wochenblatt-reporter.de\/bruchsal\/c-community\/kento-und-kaito-fritzsche-aus-bad-schoenborn-sind-mit-12-jahren-unter-den-juengsten-funkamateuren-mit-e-lizenz-in-deutschland_a661971","rel":"","context":"In &quot;Deutsch&quot;","block_context":{"text":"Deutsch","link":"https:\/\/www.achimbrueckner.de\/dxradio\/php\/wordpress\/?cat=1"},"img":{"alt_text":"","src":"","width":0,"height":0},"classes":[]},{"id":10302,"url":"https:\/\/www.achimbrueckner.de\/dxradio\/php\/wordpress\/?p=10302","url_meta":{"origin":43640,"position":1},"title":"Lizenz f\u00fcr Freies Radio Neum\u00fcnster","author":"Administrator","date":"September 8, 2016","format":false,"excerpt":"http:\/\/www.radiowoche.de\/lizenz-fuer-freies-radio-neumuenster\/","rel":"","context":"In &quot;Deutsch&quot;","block_context":{"text":"Deutsch","link":"https:\/\/www.achimbrueckner.de\/dxradio\/php\/wordpress\/?cat=1"},"img":{"alt_text":"","src":"","width":0,"height":0},"classes":[]},{"id":24044,"url":"https:\/\/www.achimbrueckner.de\/dxradio\/php\/wordpress\/?p=24044","url_meta":{"origin":43640,"position":2},"title":"Medienstaatsvertrag Lizenz zum Senden","author":"Administrator","date":"July 31, 2019","format":false,"excerpt":"https:\/\/www.sueddeutsche.de\/medien\/medienstaatsvertrag-lizenz-zum-senden-1.4546467","rel":"","context":"In &quot;Deutsch&quot;","block_context":{"text":"Deutsch","link":"https:\/\/www.achimbrueckner.de\/dxradio\/php\/wordpress\/?cat=1"},"img":{"alt_text":"","src":"","width":0,"height":0},"classes":[]},{"id":17186,"url":"https:\/\/www.achimbrueckner.de\/dxradio\/php\/wordpress\/?p=17186","url_meta":{"origin":43640,"position":3},"title":"\u00d624-Antr\u00e4ge auf \u00f6sterreichweite Lizenz abgelehnt","author":"Administrator","date":"April 2, 2018","format":false,"excerpt":"http:\/\/www.radiowoche.de\/oe24-antrag-auf-oesterreichweite-lizenz-abgelehnt\/","rel":"","context":"In &quot;Deutsch&quot;","block_context":{"text":"Deutsch","link":"https:\/\/www.achimbrueckner.de\/dxradio\/php\/wordpress\/?cat=1"},"img":{"alt_text":"","src":"","width":0,"height":0},"classes":[]},{"id":18173,"url":"https:\/\/www.achimbrueckner.de\/dxradio\/php\/wordpress\/?p=18173","url_meta":{"origin":43640,"position":4},"title":"Braucht \u00abBild\u00bb eine Rundfunk-Lizenz?","author":"Administrator","date":"June 12, 2018","format":false,"excerpt":"http:\/\/www.persoenlich.com\/medien\/braucht-bild-eine-rundfunk-lizenz","rel":"","context":"In &quot;Deutsch&quot;","block_context":{"text":"Deutsch","link":"https:\/\/www.achimbrueckner.de\/dxradio\/php\/wordpress\/?cat=1"},"img":{"alt_text":"","src":"","width":0,"height":0},"classes":[]},{"id":11121,"url":"https:\/\/www.achimbrueckner.de\/dxradio\/php\/wordpress\/?p=11121","url_meta":{"origin":43640,"position":5},"title":"Ungarn: Landesweiter Radiosender verliert Lizenz","author":"Administrator","date":"November 21, 2016","format":false,"excerpt":"http:\/\/www.radiowoche.de\/ungarn-landesweiter-radiosender-class-fm-verliert-lizenz\/","rel":"","context":"In &quot;Deutsch&quot;","block_context":{"text":"Deutsch","link":"https:\/\/www.achimbrueckner.de\/dxradio\/php\/wordpress\/?cat=1"},"img":{"alt_text":"","src":"","width":0,"height":0},"classes":[]}],"_links":{"self":[{"href":"https:\/\/www.achimbrueckner.de\/dxradio\/php\/wordpress\/index.php?rest_route=\/wp\/v2\/posts\/43640","targetHints":{"allow":["GET"]}}],"collection":[{"href":"https:\/\/www.achimbrueckner.de\/dxradio\/php\/wordpress\/index.php?rest_route=\/wp\/v2\/posts"}],"about":[{"href":"https:\/\/www.achimbrueckner.de\/dxradio\/php\/wordpress\/index.php?rest_route=\/wp\/v2\/types\/post"}],"author":[{"embeddable":true,"href":"https:\/\/www.achimbrueckner.de\/dxradio\/php\/wordpress\/index.php?rest_route=\/wp\/v2\/users\/1"}],"replies":[{"embeddable":true,"href":"https:\/\/www.achimbrueckner.de\/dxradio\/php\/wordpress\/index.php?rest_route=%2Fwp%2Fv2%2Fcomments&post=43640"}],"version-history":[{"count":0,"href":"https:\/\/www.achimbrueckner.de\/dxradio\/php\/wordpress\/index.php?rest_route=\/wp\/v2\/posts\/43640\/revisions"}],"wp:attachment":[{"href":"https:\/\/www.achimbrueckner.de\/dxradio\/php\/wordpress\/index.php?rest_route=%2Fwp%2Fv2%2Fmedia&parent=43640"}],"wp:term":[{"taxonomy":"category","embeddable":true,"href":"https:\/\/www.achimbrueckner.de\/dxradio\/php\/wordpress\/index.php?rest_route=%2Fwp%2Fv2%2Fcategories&post=43640"},{"taxonomy":"post_tag","embeddable":true,"href":"https:\/\/www.achimbrueckner.de\/dxradio\/php\/wordpress\/index.php?rest_route=%2Fwp%2Fv2%2Ftags&post=43640"}],"curies":[{"name":"wp","href":"https:\/\/api.w.org\/{rel}","templated":true}]}}