{"id":43684,"date":"2025-08-31T08:05:44","date_gmt":"2025-08-31T08:05:44","guid":{"rendered":"https:\/\/www.achimbrueckner.de\/dxradio\/php\/wordpress\/?p=43684"},"modified":"2025-08-31T08:05:44","modified_gmt":"2025-08-31T08:05:44","slug":"sharp-osaka-pocket-kompaktes-dab-radio-mit-spannender-funktion-im-kurzen-test","status":"publish","type":"post","link":"https:\/\/www.achimbrueckner.de\/dxradio\/php\/wordpress\/?p=43684","title":{"rendered":"Sharp Osaka Pocket: Kompaktes DAB+ Radio mit spannender Funktion im kurzen Test"},"content":{"rendered":"<p><a href=\"https:\/\/www.radioblog.eu\/2025\/08\/31\/sharp-osaka-pocket-kompaktes-dab-radio-mit-spannender-funktion-im-kurzen-test\/\" target=\"_blank\">https:\/\/www.radioblog.eu\/2025\/08\/31\/sharp-osaka-pocket-kompaktes-dab-radio-mit-spannender-funktion-im-kurzen-test\/<\/a><\/p>\n","protected":false},"excerpt":{"rendered":"<p>https:\/\/www.radioblog.eu\/2025\/08\/31\/sharp-osaka-pocket-kompaktes-dab-radio-mit-spannender-funktion-im-kurzen-test\/<\/p>\n","protected":false},"author":1,"featured_media":0,"comment_status":"closed","ping_status":"open","sticky":false,"template":"","format":"standard","meta":{"_jetpack_memberships_contains_paid_content":false,"footnotes":"","jetpack_publicize_message":"","jetpack_publicize_feature_enabled":true,"jetpack_social_post_already_shared":true,"jetpack_social_options":{"image_generator_settings":{"template":"highway","default_image_id":0,"font":"","enabled":false},"version":2}},"categories":[1],"tags":[],"class_list":["post-43684","post","type-post","status-publish","format-standard","hentry","category-deutsch"],"jetpack_publicize_connections":[],"jetpack_featured_media_url":"","jetpack_sharing_enabled":true,"jetpack_shortlink":"https:\/\/wp.me\/p5CDmr-bmA","jetpack-related-posts":[{"id":19819,"url":"https:\/\/www.achimbrueckner.de\/dxradio\/php\/wordpress\/?p=19819","url_meta":{"origin":43684,"position":0},"title":"HD-Radio auf Mittelwelle im kurzen Test","author":"Administrator","date":"October 29, 2018","format":false,"excerpt":"https:\/\/www.smartphonefan.de\/2018\/10\/29\/hd-radio-auf-mittelwelle-im-kurzen-test\/","rel":"","context":"In &quot;Deutsch&quot;","block_context":{"text":"Deutsch","link":"https:\/\/www.achimbrueckner.de\/dxradio\/php\/wordpress\/?cat=1"},"img":{"alt_text":"","src":"","width":0,"height":0},"classes":[]},{"id":37694,"url":"https:\/\/www.achimbrueckner.de\/dxradio\/php\/wordpress\/?p=37694","url_meta":{"origin":43684,"position":1},"title":"Telestar: Erste DAB+-Radios mit EWF-Funktion lieferbar","author":"Administrator","date":"October 16, 2022","format":false,"excerpt":"https:\/\/www.teltarif.de\/telestar-dira-m1a-digitalradio\/news\/89648.html","rel":"","context":"In &quot;Deutsch&quot;","block_context":{"text":"Deutsch","link":"https:\/\/www.achimbrueckner.de\/dxradio\/php\/wordpress\/?cat=1"},"img":{"alt_text":"","src":"","width":0,"height":0},"classes":[]},{"id":14014,"url":"https:\/\/www.achimbrueckner.de\/dxradio\/php\/wordpress\/?p=14014","url_meta":{"origin":43684,"position":2},"title":"DAB+-Pocket-Radio von Lenco im Praxis-Test","author":"Administrator","date":"August 5, 2017","format":false,"excerpt":"https:\/\/www.teltarif.de\/lenco-pdr-04-radio-test\/news\/69567.html","rel":"","context":"In &quot;Deutsch&quot;","block_context":{"text":"Deutsch","link":"https:\/\/www.achimbrueckner.de\/dxradio\/php\/wordpress\/?cat=1"},"img":{"alt_text":"","src":"","width":0,"height":0},"classes":[]},{"id":774,"url":"https:\/\/www.achimbrueckner.de\/dxradio\/php\/wordpress\/?p=774","url_meta":{"origin":43684,"position":3},"title":"China Radio International &#8211; Deutsche Redaktion","author":"Administrator","date":"December 18, 2009","format":false,"excerpt":"Liebe Freunde von CRI, im April 2010 feiert die Deutsche Redaktion von Radio China International ihr 50-j\u00e4hriges Bestehen. Zu diesem Jubil\u00e4um d\u00fcrfen nat\u00fcrlich alte Freunde und Bekannte nicht fehlen! Anl\u00e4sslich dieses besonderen Jahrestages der Deutschen Redaktion wollen wir unter anderem einen Jubil\u00e4umsband \u00fcber die Entwicklung unserer Redaktion herausgegeben. Diese Entwicklung\u2026","rel":"","context":"In &quot;Deutsch&quot;","block_context":{"text":"Deutsch","link":"https:\/\/www.achimbrueckner.de\/dxradio\/php\/wordpress\/?cat=1"},"img":{"alt_text":"","src":"","width":0,"height":0},"classes":[]},{"id":19601,"url":"https:\/\/www.achimbrueckner.de\/dxradio\/php\/wordpress\/?p=19601","url_meta":{"origin":43684,"position":4},"title":"Spannender Einblick in die Welt des Amateurfunks","author":"Administrator","date":"October 17, 2018","format":false,"excerpt":"https:\/\/www.rinteln-aktuell.de\/spannender-einblick-in-die-welt-des-amateurfunks\/","rel":"","context":"In &quot;Deutsch&quot;","block_context":{"text":"Deutsch","link":"https:\/\/www.achimbrueckner.de\/dxradio\/php\/wordpress\/?cat=1"},"img":{"alt_text":"","src":"","width":0,"height":0},"classes":[]},{"id":22643,"url":"https:\/\/www.achimbrueckner.de\/dxradio\/php\/wordpress\/?p=22643","url_meta":{"origin":43684,"position":5},"title":"Podcasts: Spannender Medienkanal f\u00fcr Unternehmen","author":"Administrator","date":"April 9, 2019","format":false,"excerpt":"https:\/\/www.internetworld.de\/online-marketing\/podcast\/podcasts-spannender-medienkanal-unternehmen-1696295.html","rel":"","context":"In &quot;Deutsch&quot;","block_context":{"text":"Deutsch","link":"https:\/\/www.achimbrueckner.de\/dxradio\/php\/wordpress\/?cat=1"},"img":{"alt_text":"","src":"","width":0,"height":0},"classes":[]}],"_links":{"self":[{"href":"https:\/\/www.achimbrueckner.de\/dxradio\/php\/wordpress\/index.php?rest_route=\/wp\/v2\/posts\/43684","targetHints":{"allow":["GET"]}}],"collection":[{"href":"https:\/\/www.achimbrueckner.de\/dxradio\/php\/wordpress\/index.php?rest_route=\/wp\/v2\/posts"}],"about":[{"href":"https:\/\/www.achimbrueckner.de\/dxradio\/php\/wordpress\/index.php?rest_route=\/wp\/v2\/types\/post"}],"author":[{"embeddable":true,"href":"https:\/\/www.achimbrueckner.de\/dxradio\/php\/wordpress\/index.php?rest_route=\/wp\/v2\/users\/1"}],"replies":[{"embeddable":true,"href":"https:\/\/www.achimbrueckner.de\/dxradio\/php\/wordpress\/index.php?rest_route=%2Fwp%2Fv2%2Fcomments&post=43684"}],"version-history":[{"count":0,"href":"https:\/\/www.achimbrueckner.de\/dxradio\/php\/wordpress\/index.php?rest_route=\/wp\/v2\/posts\/43684\/revisions"}],"wp:attachment":[{"href":"https:\/\/www.achimbrueckner.de\/dxradio\/php\/wordpress\/index.php?rest_route=%2Fwp%2Fv2%2Fmedia&parent=43684"}],"wp:term":[{"taxonomy":"category","embeddable":true,"href":"https:\/\/www.achimbrueckner.de\/dxradio\/php\/wordpress\/index.php?rest_route=%2Fwp%2Fv2%2Fcategories&post=43684"},{"taxonomy":"post_tag","embeddable":true,"href":"https:\/\/www.achimbrueckner.de\/dxradio\/php\/wordpress\/index.php?rest_route=%2Fwp%2Fv2%2Ftags&post=43684"}],"curies":[{"name":"wp","href":"https:\/\/api.w.org\/{rel}","templated":true}]}}