{"id":43715,"date":"2025-09-03T15:48:16","date_gmt":"2025-09-03T15:48:16","guid":{"rendered":"https:\/\/www.achimbrueckner.de\/dxradio\/php\/wordpress\/?p=43715"},"modified":"2025-09-03T15:48:16","modified_gmt":"2025-09-03T15:48:16","slug":"tschechien-comeback-fur-oldies-radio-rock-radio-stage-auf-dab","status":"publish","type":"post","link":"https:\/\/www.achimbrueckner.de\/dxradio\/php\/wordpress\/?p=43715","title":{"rendered":"Tschechien: Comeback f\u00fcr Oldies Radio \u2013 Rock Radio Stage auf DAB+"},"content":{"rendered":"<p><a href=\"https:\/\/www.radioblog.eu\/2025\/09\/02\/tschechien-comeback-fuer-oldies-radio-rock-radio-stage-auf-dab\/\" target=\"_blank\">https:\/\/www.radioblog.eu\/2025\/09\/02\/tschechien-comeback-fuer-oldies-radio-rock-radio-stage-auf-dab\/<\/a><\/p>\n","protected":false},"excerpt":{"rendered":"<p>https:\/\/www.radioblog.eu\/2025\/09\/02\/tschechien-comeback-fuer-oldies-radio-rock-radio-stage-auf-dab\/<\/p>\n","protected":false},"author":1,"featured_media":0,"comment_status":"closed","ping_status":"open","sticky":false,"template":"","format":"standard","meta":{"_jetpack_memberships_contains_paid_content":false,"footnotes":"","jetpack_publicize_message":"","jetpack_publicize_feature_enabled":true,"jetpack_social_post_already_shared":true,"jetpack_social_options":{"image_generator_settings":{"template":"highway","default_image_id":0,"font":"","enabled":false},"version":2}},"categories":[1],"tags":[],"class_list":["post-43715","post","type-post","status-publish","format-standard","hentry","category-deutsch"],"jetpack_publicize_connections":[],"jetpack_featured_media_url":"","jetpack_sharing_enabled":true,"jetpack_shortlink":"https:\/\/wp.me\/p5CDmr-bn5","jetpack-related-posts":[{"id":42986,"url":"https:\/\/www.achimbrueckner.de\/dxradio\/php\/wordpress\/?p=42986","url_meta":{"origin":43715,"position":0},"title":"Tschechien: \u010cesk\u00fd Blan\u00edk, Helax, Oldies und Hitr\u00e1dio 90 starten im Juli auf DAB+","author":"Administrator","date":"June 8, 2025","format":false,"excerpt":"https:\/\/www.radioblog.eu\/2025\/06\/08\/tschechien-cesky-blanik-helax-oldies-und-hitradio-90-starten-im-juli-auf-dab\/","rel":"","context":"In &quot;Deutsch&quot;","block_context":{"text":"Deutsch","link":"https:\/\/www.achimbrueckner.de\/dxradio\/php\/wordpress\/?cat=1"},"img":{"alt_text":"","src":"","width":0,"height":0},"classes":[]},{"id":45193,"url":"https:\/\/www.achimbrueckner.de\/dxradio\/php\/wordpress\/?p=45193","url_meta":{"origin":43715,"position":1},"title":"Tschechien: \u0160l\u00e1gr R\u00e1dio testet auf DAB+","author":"Administrator","date":"March 9, 2026","format":false,"excerpt":"https:\/\/www.radioblog.eu\/2026\/03\/09\/tschechien-slagr-radio-testet-auf-dab\/","rel":"","context":"In &quot;Deutsch&quot;","block_context":{"text":"Deutsch","link":"https:\/\/www.achimbrueckner.de\/dxradio\/php\/wordpress\/?cat=1"},"img":{"alt_text":"","src":"","width":0,"height":0},"classes":[]},{"id":36658,"url":"https:\/\/www.achimbrueckner.de\/dxradio\/php\/wordpress\/?p=36658","url_meta":{"origin":43715,"position":2},"title":"Lakeshore Radio: Oldies auf Mittelwelle und per Stream","author":"Administrator","date":"June 22, 2022","format":false,"excerpt":"https:\/\/www.radioblog.eu\/2022\/06\/22\/lakeshore-radio-oldies-auf-mittelwelle-und-per-stream\/","rel":"","context":"In &quot;Deutsch&quot;","block_context":{"text":"Deutsch","link":"https:\/\/www.achimbrueckner.de\/dxradio\/php\/wordpress\/?cat=1"},"img":{"alt_text":"","src":"","width":0,"height":0},"classes":[]},{"id":33704,"url":"https:\/\/www.achimbrueckner.de\/dxradio\/php\/wordpress\/?p=33704","url_meta":{"origin":43715,"position":3},"title":"Tschechien: Aus ROCK MAX wird Rock Radio","author":"Administrator","date":"October 4, 2021","format":false,"excerpt":"https:\/\/www.radiowoche.de\/tschechien-aus-rock-max-wird-rock-radio\/","rel":"","context":"In &quot;Deutsch&quot;","block_context":{"text":"Deutsch","link":"https:\/\/www.achimbrueckner.de\/dxradio\/php\/wordpress\/?cat=1"},"img":{"alt_text":"","src":"","width":0,"height":0},"classes":[]},{"id":42618,"url":"https:\/\/www.achimbrueckner.de\/dxradio\/php\/wordpress\/?p=42618","url_meta":{"origin":43715,"position":4},"title":"Tschechien: Gro\u00dfe Privatradios starten auf DAB+","author":"Administrator","date":"April 18, 2025","format":false,"excerpt":"https:\/\/www.radioblog.eu\/2025\/04\/18\/tschechien-grosse-privatradios-starten-auf-dab\/","rel":"","context":"In &quot;Deutsch&quot;","block_context":{"text":"Deutsch","link":"https:\/\/www.achimbrueckner.de\/dxradio\/php\/wordpress\/?cat=1"},"img":{"alt_text":"","src":"","width":0,"height":0},"classes":[]},{"id":42408,"url":"https:\/\/www.achimbrueckner.de\/dxradio\/php\/wordpress\/?p=42408","url_meta":{"origin":43715,"position":5},"title":"UKW-Abschaltung auch in Tschechien: Privatsender steigt (weitgehend) auf DAB+ um","author":"Administrator","date":"March 20, 2025","format":false,"excerpt":"https:\/\/www.digitalfernsehen.de\/news\/medien-news\/international\/ukw-abschaltung-auch-in-tschechien-privatsender-steigt-weitgehend-auf-dab-um-1137710\/","rel":"","context":"In &quot;Deutsch&quot;","block_context":{"text":"Deutsch","link":"https:\/\/www.achimbrueckner.de\/dxradio\/php\/wordpress\/?cat=1"},"img":{"alt_text":"","src":"","width":0,"height":0},"classes":[]}],"_links":{"self":[{"href":"https:\/\/www.achimbrueckner.de\/dxradio\/php\/wordpress\/index.php?rest_route=\/wp\/v2\/posts\/43715","targetHints":{"allow":["GET"]}}],"collection":[{"href":"https:\/\/www.achimbrueckner.de\/dxradio\/php\/wordpress\/index.php?rest_route=\/wp\/v2\/posts"}],"about":[{"href":"https:\/\/www.achimbrueckner.de\/dxradio\/php\/wordpress\/index.php?rest_route=\/wp\/v2\/types\/post"}],"author":[{"embeddable":true,"href":"https:\/\/www.achimbrueckner.de\/dxradio\/php\/wordpress\/index.php?rest_route=\/wp\/v2\/users\/1"}],"replies":[{"embeddable":true,"href":"https:\/\/www.achimbrueckner.de\/dxradio\/php\/wordpress\/index.php?rest_route=%2Fwp%2Fv2%2Fcomments&post=43715"}],"version-history":[{"count":0,"href":"https:\/\/www.achimbrueckner.de\/dxradio\/php\/wordpress\/index.php?rest_route=\/wp\/v2\/posts\/43715\/revisions"}],"wp:attachment":[{"href":"https:\/\/www.achimbrueckner.de\/dxradio\/php\/wordpress\/index.php?rest_route=%2Fwp%2Fv2%2Fmedia&parent=43715"}],"wp:term":[{"taxonomy":"category","embeddable":true,"href":"https:\/\/www.achimbrueckner.de\/dxradio\/php\/wordpress\/index.php?rest_route=%2Fwp%2Fv2%2Fcategories&post=43715"},{"taxonomy":"post_tag","embeddable":true,"href":"https:\/\/www.achimbrueckner.de\/dxradio\/php\/wordpress\/index.php?rest_route=%2Fwp%2Fv2%2Ftags&post=43715"}],"curies":[{"name":"wp","href":"https:\/\/api.w.org\/{rel}","templated":true}]}}