{"id":43757,"date":"2025-09-09T14:06:16","date_gmt":"2025-09-09T14:06:16","guid":{"rendered":"https:\/\/www.achimbrueckner.de\/dxradio\/php\/wordpress\/?p=43757"},"modified":"2025-09-09T14:06:16","modified_gmt":"2025-09-09T14:06:16","slug":"rheinland-pfalz-lockert-regeln-fur-radiobeteiligungen","status":"publish","type":"post","link":"https:\/\/www.achimbrueckner.de\/dxradio\/php\/wordpress\/?p=43757","title":{"rendered":"Rheinland-Pfalz lockert Regeln f\u00fcr Radiobeteiligungen"},"content":{"rendered":"<p><a href=\"https:\/\/www.radioszene.de\/205914\/rheinland-pfalz-radiobeteiligungen.html\" target=\"_blank\">https:\/\/www.radioszene.de\/205914\/rheinland-pfalz-radiobeteiligungen.html<\/a><\/p>\n","protected":false},"excerpt":{"rendered":"<p>https:\/\/www.radioszene.de\/205914\/rheinland-pfalz-radiobeteiligungen.html<\/p>\n","protected":false},"author":1,"featured_media":0,"comment_status":"closed","ping_status":"open","sticky":false,"template":"","format":"standard","meta":{"_jetpack_memberships_contains_paid_content":false,"footnotes":"","jetpack_publicize_message":"","jetpack_publicize_feature_enabled":true,"jetpack_social_post_already_shared":true,"jetpack_social_options":{"image_generator_settings":{"template":"highway","default_image_id":0,"font":"","enabled":false},"version":2}},"categories":[1],"tags":[],"class_list":["post-43757","post","type-post","status-publish","format-standard","hentry","category-deutsch"],"jetpack_publicize_connections":[],"jetpack_featured_media_url":"","jetpack_sharing_enabled":true,"jetpack_shortlink":"https:\/\/wp.me\/p5CDmr-bnL","jetpack-related-posts":[{"id":43976,"url":"https:\/\/www.achimbrueckner.de\/dxradio\/php\/wordpress\/?p=43976","url_meta":{"origin":43757,"position":0},"title":"Rheinland-Pfalz modernisiert Landesmediengesetz: Verlage d\u00fcrfen k\u00fcnftig Radios \u00fcbernehmen","author":"Administrator","date":"October 12, 2025","format":false,"excerpt":"https:\/\/www.radioszene.de\/206912\/landesmediengesetz-rheinland-pfalz-2026.html","rel":"","context":"In &quot;Deutsch&quot;","block_context":{"text":"Deutsch","link":"https:\/\/www.achimbrueckner.de\/dxradio\/php\/wordpress\/?cat=1"},"img":{"alt_text":"","src":"","width":0,"height":0},"classes":[]},{"id":35077,"url":"https:\/\/www.achimbrueckner.de\/dxradio\/php\/wordpress\/?p=35077","url_meta":{"origin":43757,"position":1},"title":"Regionale DAB+ Plattform: Lokalradios in Rheinland-Pfalz bewerben sich gemeinsam","author":"Administrator","date":"March 10, 2022","format":false,"excerpt":"https:\/\/www.radioszene.de\/162003\/regionale-dab-plattform-rheinland-pfalz-drlp.html","rel":"","context":"In &quot;Deutsch&quot;","block_context":{"text":"Deutsch","link":"https:\/\/www.achimbrueckner.de\/dxradio\/php\/wordpress\/?cat=1"},"img":{"alt_text":"","src":"","width":0,"height":0},"classes":[]},{"id":43793,"url":"https:\/\/www.achimbrueckner.de\/dxradio\/php\/wordpress\/?p=43793","url_meta":{"origin":43757,"position":2},"title":"Die Top 10-Platzierung der SWR1 Rheinland-Pfalz Hitparade 2025","author":"Administrator","date":"September 14, 2025","format":false,"excerpt":"https:\/\/www.radioszene.de\/206105\/die-top-10-platzierung-der-swr1-rheinland-pfalz-hitparade-2025.html","rel":"","context":"In &quot;Deutsch&quot;","block_context":{"text":"Deutsch","link":"https:\/\/www.achimbrueckner.de\/dxradio\/php\/wordpress\/?cat=1"},"img":{"alt_text":"","src":"","width":0,"height":0},"classes":[]},{"id":28510,"url":"https:\/\/www.achimbrueckner.de\/dxradio\/php\/wordpress\/?p=28510","url_meta":{"origin":43757,"position":3},"title":"DAB+ in Rheinland-Pfalz: Ma\u00dfnahmenpaket f\u00fcr Privaten Rundfunk","author":"Administrator","date":"May 5, 2020","format":false,"excerpt":"https:\/\/www.infosat.de\/radio\/dab-rheinland-pfalz-ma-nahmenpaket-f-r-privaten-rundfunk","rel":"","context":"In &quot;Deutsch&quot;","block_context":{"text":"Deutsch","link":"https:\/\/www.achimbrueckner.de\/dxradio\/php\/wordpress\/?cat=1"},"img":{"alt_text":"","src":"","width":0,"height":0},"classes":[]},{"id":25552,"url":"https:\/\/www.achimbrueckner.de\/dxradio\/php\/wordpress\/?p=25552","url_meta":{"origin":43757,"position":4},"title":"Startschuss f\u00fcr Rockland Radio auf DAB+ in ganz Rheinland-Pfalz","author":"Administrator","date":"October 31, 2019","format":false,"excerpt":"https:\/\/www.infosat.de\/radio\/startschuss-f-r-rockland-radio-auf-dab-ganz-rheinland-pfalz","rel":"","context":"In &quot;Deutsch&quot;","block_context":{"text":"Deutsch","link":"https:\/\/www.achimbrueckner.de\/dxradio\/php\/wordpress\/?cat=1"},"img":{"alt_text":"","src":"","width":0,"height":0},"classes":[]},{"id":44756,"url":"https:\/\/www.achimbrueckner.de\/dxradio\/php\/wordpress\/?p=44756","url_meta":{"origin":43757,"position":5},"title":"Neues Landesmediengesetz in Rheinland-Pfalz: Aus f\u00fcr neue UKW-Programme","author":"Administrator","date":"January 8, 2026","format":false,"excerpt":"https:\/\/www.radioblog.eu\/2026\/01\/08\/neues-landesmediengesetz-in-rheinland-pfalz-aus-fuer-neue-ukw-programme\/","rel":"","context":"In &quot;Deutsch&quot;","block_context":{"text":"Deutsch","link":"https:\/\/www.achimbrueckner.de\/dxradio\/php\/wordpress\/?cat=1"},"img":{"alt_text":"","src":"","width":0,"height":0},"classes":[]}],"_links":{"self":[{"href":"https:\/\/www.achimbrueckner.de\/dxradio\/php\/wordpress\/index.php?rest_route=\/wp\/v2\/posts\/43757","targetHints":{"allow":["GET"]}}],"collection":[{"href":"https:\/\/www.achimbrueckner.de\/dxradio\/php\/wordpress\/index.php?rest_route=\/wp\/v2\/posts"}],"about":[{"href":"https:\/\/www.achimbrueckner.de\/dxradio\/php\/wordpress\/index.php?rest_route=\/wp\/v2\/types\/post"}],"author":[{"embeddable":true,"href":"https:\/\/www.achimbrueckner.de\/dxradio\/php\/wordpress\/index.php?rest_route=\/wp\/v2\/users\/1"}],"replies":[{"embeddable":true,"href":"https:\/\/www.achimbrueckner.de\/dxradio\/php\/wordpress\/index.php?rest_route=%2Fwp%2Fv2%2Fcomments&post=43757"}],"version-history":[{"count":0,"href":"https:\/\/www.achimbrueckner.de\/dxradio\/php\/wordpress\/index.php?rest_route=\/wp\/v2\/posts\/43757\/revisions"}],"wp:attachment":[{"href":"https:\/\/www.achimbrueckner.de\/dxradio\/php\/wordpress\/index.php?rest_route=%2Fwp%2Fv2%2Fmedia&parent=43757"}],"wp:term":[{"taxonomy":"category","embeddable":true,"href":"https:\/\/www.achimbrueckner.de\/dxradio\/php\/wordpress\/index.php?rest_route=%2Fwp%2Fv2%2Fcategories&post=43757"},{"taxonomy":"post_tag","embeddable":true,"href":"https:\/\/www.achimbrueckner.de\/dxradio\/php\/wordpress\/index.php?rest_route=%2Fwp%2Fv2%2Ftags&post=43757"}],"curies":[{"name":"wp","href":"https:\/\/api.w.org\/{rel}","templated":true}]}}