{"id":43784,"date":"2025-09-12T06:46:25","date_gmt":"2025-09-12T06:46:25","guid":{"rendered":"https:\/\/www.achimbrueckner.de\/dxradio\/php\/wordpress\/?p=43784"},"modified":"2025-09-14T06:46:52","modified_gmt":"2025-09-14T06:46:52","slug":"grosbritannien-stv-radio-will-in-schottland-auf-dab-und-online-starten","status":"publish","type":"post","link":"https:\/\/www.achimbrueckner.de\/dxradio\/php\/wordpress\/?p=43784","title":{"rendered":"Gro\u00dfbritannien: STV Radio will in Schottland auf DAB+ und online starten"},"content":{"rendered":"<p><a href=\"https:\/\/www.radioblog.eu\/2025\/09\/12\/grossbritannien-stv-radio-will-in-schottland-auf-dab-und-online-starten\/\" target=\"_blank\">https:\/\/www.radioblog.eu\/2025\/09\/12\/grossbritannien-stv-radio-will-in-schottland-auf-dab-und-online-starten\/<\/a><\/p>\n","protected":false},"excerpt":{"rendered":"<p>https:\/\/www.radioblog.eu\/2025\/09\/12\/grossbritannien-stv-radio-will-in-schottland-auf-dab-und-online-starten\/<\/p>\n","protected":false},"author":1,"featured_media":0,"comment_status":"closed","ping_status":"open","sticky":false,"template":"","format":"standard","meta":{"_jetpack_memberships_contains_paid_content":false,"footnotes":"","jetpack_publicize_message":"","jetpack_publicize_feature_enabled":true,"jetpack_social_post_already_shared":true,"jetpack_social_options":{"image_generator_settings":{"template":"highway","default_image_id":0,"font":"","enabled":false},"version":2}},"categories":[1],"tags":[],"class_list":["post-43784","post","type-post","status-publish","format-standard","hentry","category-deutsch"],"jetpack_publicize_connections":[],"jetpack_featured_media_url":"","jetpack_sharing_enabled":true,"jetpack_shortlink":"https:\/\/wp.me\/p5CDmr-boc","jetpack-related-posts":[{"id":44855,"url":"https:\/\/www.achimbrueckner.de\/dxradio\/php\/wordpress\/?p=44855","url_meta":{"origin":43784,"position":0},"title":"Gro\u00dfbritannien: STV Radio planm\u00e4\u00dfig gestartet","author":"Administrator","date":"January 20, 2026","format":false,"excerpt":"https:\/\/www.radioblog.eu\/2026\/01\/20\/grossbritannien-stv-radio-planmaessig-gestartet\/","rel":"","context":"In &quot;Deutsch&quot;","block_context":{"text":"Deutsch","link":"https:\/\/www.achimbrueckner.de\/dxradio\/php\/wordpress\/?cat=1"},"img":{"alt_text":"","src":"","width":0,"height":0},"classes":[]},{"id":44595,"url":"https:\/\/www.achimbrueckner.de\/dxradio\/php\/wordpress\/?p=44595","url_meta":{"origin":43784,"position":1},"title":"Gro\u00dfbritannien: STV Radio nennt Details zum Sendestart","author":"Administrator","date":"December 19, 2025","format":false,"excerpt":"https:\/\/www.radioblog.eu\/2025\/12\/19\/grossbritannien-stv-radio-nennt-details-zum-sendestart\/","rel":"","context":"In &quot;Deutsch&quot;","block_context":{"text":"Deutsch","link":"https:\/\/www.achimbrueckner.de\/dxradio\/php\/wordpress\/?cat=1"},"img":{"alt_text":"","src":"","width":0,"height":0},"classes":[]},{"id":43202,"url":"https:\/\/www.achimbrueckner.de\/dxradio\/php\/wordpress\/?p=43202","url_meta":{"origin":43784,"position":2},"title":"Gro\u00dfbritannien: Greatest Hits Radio streicht regionale Programme in Schottland","author":"Administrator","date":"July 2, 2025","format":false,"excerpt":"https:\/\/www.radioblog.eu\/2025\/07\/02\/grossbritannien-greatest-hits-radio-streicht-regionale-programme-in-schottland\/","rel":"","context":"In &quot;Deutsch&quot;","block_context":{"text":"Deutsch","link":"https:\/\/www.achimbrueckner.de\/dxradio\/php\/wordpress\/?cat=1"},"img":{"alt_text":"","src":"","width":0,"height":0},"classes":[]},{"id":10964,"url":"https:\/\/www.achimbrueckner.de\/dxradio\/php\/wordpress\/?p=10964","url_meta":{"origin":43784,"position":3},"title":"Schottland: BBC Radio Scotland testet Musikprogramm \u00fcber DAB","author":"Administrator","date":"November 7, 2016","format":false,"excerpt":"http:\/\/www.radiowoche.de\/schottland-bbc-testet-musikprogramm-ueber-dab\/","rel":"","context":"In &quot;Deutsch&quot;","block_context":{"text":"Deutsch","link":"https:\/\/www.achimbrueckner.de\/dxradio\/php\/wordpress\/?cat=1"},"img":{"alt_text":"","src":"","width":0,"height":0},"classes":[]},{"id":40910,"url":"https:\/\/www.achimbrueckner.de\/dxradio\/php\/wordpress\/?p=40910","url_meta":{"origin":43784,"position":4},"title":"Gro\u00dfbritannien: BBC will drei neue Radios auf DAB+ starten","author":"Administrator","date":"February 8, 2024","format":false,"excerpt":"https:\/\/www.satellifax.de\/mlesen.php?id=409a22407b98aa4a9a6f5324d2b1e3e3","rel":"","context":"In &quot;Deutsch&quot;","block_context":{"text":"Deutsch","link":"https:\/\/www.achimbrueckner.de\/dxradio\/php\/wordpress\/?cat=1"},"img":{"alt_text":"","src":"","width":0,"height":0},"classes":[]},{"id":45524,"url":"https:\/\/www.achimbrueckner.de\/dxradio\/php\/wordpress\/?p=45524","url_meta":{"origin":43784,"position":5},"title":"Gro\u00dfbritannien: BBC Radio 6 Music kann neuen Indie-Rock und -Popkanal starten","author":"Administrator","date":"April 27, 2026","format":false,"excerpt":"https:\/\/www.radioblog.eu\/2026\/04\/27\/grossbritannien-bbc-radio-6-music-kann-neuen-indie-rock-und-popkanal-starten\/","rel":"","context":"In &quot;Deutsch&quot;","block_context":{"text":"Deutsch","link":"https:\/\/www.achimbrueckner.de\/dxradio\/php\/wordpress\/?cat=1"},"img":{"alt_text":"","src":"","width":0,"height":0},"classes":[]}],"_links":{"self":[{"href":"https:\/\/www.achimbrueckner.de\/dxradio\/php\/wordpress\/index.php?rest_route=\/wp\/v2\/posts\/43784","targetHints":{"allow":["GET"]}}],"collection":[{"href":"https:\/\/www.achimbrueckner.de\/dxradio\/php\/wordpress\/index.php?rest_route=\/wp\/v2\/posts"}],"about":[{"href":"https:\/\/www.achimbrueckner.de\/dxradio\/php\/wordpress\/index.php?rest_route=\/wp\/v2\/types\/post"}],"author":[{"embeddable":true,"href":"https:\/\/www.achimbrueckner.de\/dxradio\/php\/wordpress\/index.php?rest_route=\/wp\/v2\/users\/1"}],"replies":[{"embeddable":true,"href":"https:\/\/www.achimbrueckner.de\/dxradio\/php\/wordpress\/index.php?rest_route=%2Fwp%2Fv2%2Fcomments&post=43784"}],"version-history":[{"count":0,"href":"https:\/\/www.achimbrueckner.de\/dxradio\/php\/wordpress\/index.php?rest_route=\/wp\/v2\/posts\/43784\/revisions"}],"wp:attachment":[{"href":"https:\/\/www.achimbrueckner.de\/dxradio\/php\/wordpress\/index.php?rest_route=%2Fwp%2Fv2%2Fmedia&parent=43784"}],"wp:term":[{"taxonomy":"category","embeddable":true,"href":"https:\/\/www.achimbrueckner.de\/dxradio\/php\/wordpress\/index.php?rest_route=%2Fwp%2Fv2%2Fcategories&post=43784"},{"taxonomy":"post_tag","embeddable":true,"href":"https:\/\/www.achimbrueckner.de\/dxradio\/php\/wordpress\/index.php?rest_route=%2Fwp%2Fv2%2Ftags&post=43784"}],"curies":[{"name":"wp","href":"https:\/\/api.w.org\/{rel}","templated":true}]}}