{"id":43807,"date":"2025-09-16T15:02:13","date_gmt":"2025-09-16T15:02:13","guid":{"rendered":"https:\/\/www.achimbrueckner.de\/dxradio\/php\/wordpress\/?p=43807"},"modified":"2025-09-16T15:02:13","modified_gmt":"2025-09-16T15:02:13","slug":"vaunet-kritisiert-ard-offentlich-rechtliche-wollen-zu-wenige-programme-streichen","status":"publish","type":"post","link":"https:\/\/www.achimbrueckner.de\/dxradio\/php\/wordpress\/?p=43807","title":{"rendered":"VAUNET kritisiert ARD: \u00d6ffentlich-Rechtliche wollen zu wenige Programme streichen"},"content":{"rendered":"<p><a href=\"https:\/\/www.radioblog.eu\/2025\/09\/16\/vaunet-kritisiert-ard-oeffentlich-rechtliche-wollen-zu-wenige-programme-streichen\/\" target=\"_blank\">https:\/\/www.radioblog.eu\/2025\/09\/16\/vaunet-kritisiert-ard-oeffentlich-rechtliche-wollen-zu-wenige-programme-streichen\/<\/a><\/p>\n","protected":false},"excerpt":{"rendered":"<p>https:\/\/www.radioblog.eu\/2025\/09\/16\/vaunet-kritisiert-ard-oeffentlich-rechtliche-wollen-zu-wenige-programme-streichen\/<\/p>\n","protected":false},"author":1,"featured_media":0,"comment_status":"closed","ping_status":"open","sticky":false,"template":"","format":"standard","meta":{"_jetpack_memberships_contains_paid_content":false,"footnotes":"","jetpack_publicize_message":"","jetpack_publicize_feature_enabled":true,"jetpack_social_post_already_shared":true,"jetpack_social_options":{"image_generator_settings":{"template":"highway","default_image_id":0,"font":"","enabled":false},"version":2}},"categories":[1],"tags":[],"class_list":["post-43807","post","type-post","status-publish","format-standard","hentry","category-deutsch"],"jetpack_publicize_connections":[],"jetpack_featured_media_url":"","jetpack_sharing_enabled":true,"jetpack_shortlink":"https:\/\/wp.me\/p5CDmr-boz","jetpack-related-posts":[{"id":39881,"url":"https:\/\/www.achimbrueckner.de\/dxradio\/php\/wordpress\/?p=39881","url_meta":{"origin":43807,"position":0},"title":"ARD ZU M\u00c4CHTIG : Privatradios geben Alarm","author":"Administrator","date":"July 20, 2023","format":false,"excerpt":"https:\/\/www.faz.net\/aktuell\/feuilleton\/medien\/verband-vaunet-kritisiert-radio-uebermacht-der-ard-19046891.html","rel":"","context":"In &quot;Deutsch&quot;","block_context":{"text":"Deutsch","link":"https:\/\/www.achimbrueckner.de\/dxradio\/php\/wordpress\/?cat=1"},"img":{"alt_text":"","src":"","width":0,"height":0},"classes":[]},{"id":31388,"url":"https:\/\/www.achimbrueckner.de\/dxradio\/php\/wordpress\/?p=31388","url_meta":{"origin":43807,"position":1},"title":"Unterhaltung streichen, Sport k\u00fcrzen? Debatte \u00fcber Umbau von ARD und ZDF","author":"Administrator","date":"December 27, 2020","format":false,"excerpt":"https:\/\/www.welt.de\/politik\/deutschland\/article223252636\/Oeffentlich-rechtliche-Sender-Unterhaltung-streichen-Sport-kuerzen-Debatte-ueber-Umbau-von-ARD-und-ZDF.html","rel":"","context":"In &quot;Deutsch&quot;","block_context":{"text":"Deutsch","link":"https:\/\/www.achimbrueckner.de\/dxradio\/php\/wordpress\/?cat=1"},"img":{"alt_text":"","src":"","width":0,"height":0},"classes":[]},{"id":22668,"url":"https:\/\/www.achimbrueckner.de\/dxradio\/php\/wordpress\/?p=22668","url_meta":{"origin":43807,"position":2},"title":"Steuervorteile: Rechnungshof kritisiert Subventionen f\u00fcr \u00d6ffentlich-Rechtliche","author":"Administrator","date":"April 11, 2019","format":false,"excerpt":"https:\/\/www.spiegel.de\/wirtschaft\/soziales\/ard-zdf-bundesrechnungshof-kritisiert-steuervorteile-fuer-oeffentlich-rechtliche-a-1262147.html","rel":"","context":"In &quot;Deutsch&quot;","block_context":{"text":"Deutsch","link":"https:\/\/www.achimbrueckner.de\/dxradio\/php\/wordpress\/?cat=1"},"img":{"alt_text":"","src":"","width":0,"height":0},"classes":[]},{"id":34073,"url":"https:\/\/www.achimbrueckner.de\/dxradio\/php\/wordpress\/?p=34073","url_meta":{"origin":43807,"position":3},"title":"Vaunet zu ARD\/ZDF: Keine Werbung, weniger Mediathek","author":"Administrator","date":"November 24, 2021","format":false,"excerpt":"https:\/\/www.teltarif.de\/vaunet-ard-zdf-werbung-mediathek\/news\/86419.html","rel":"","context":"In &quot;Deutsch&quot;","block_context":{"text":"Deutsch","link":"https:\/\/www.achimbrueckner.de\/dxradio\/php\/wordpress\/?cat=1"},"img":{"alt_text":"","src":"","width":0,"height":0},"classes":[]},{"id":43812,"url":"https:\/\/www.achimbrueckner.de\/dxradio\/php\/wordpress\/?p=43812","url_meta":{"origin":43807,"position":4},"title":"VAUNET: ARD missachtet Pl\u00e4ne f\u00fcr Programmreduzierung im H\u00f6rfunk","author":"Administrator","date":"September 16, 2025","format":false,"excerpt":"https:\/\/www.radioszene.de\/206203\/vaunet-ard-missachtet-plaene-fuer-programmreduzierung-im-hoerfunk.html","rel":"","context":"In &quot;Deutsch&quot;","block_context":{"text":"Deutsch","link":"https:\/\/www.achimbrueckner.de\/dxradio\/php\/wordpress\/?cat=1"},"img":{"alt_text":"","src":"","width":0,"height":0},"classes":[]},{"id":42527,"url":"https:\/\/www.achimbrueckner.de\/dxradio\/php\/wordpress\/?p=42527","url_meta":{"origin":43807,"position":5},"title":"Offiziell: ARD-Anstalten m\u00fcssen 17 H\u00f6rfunkprogramme streichen","author":"Administrator","date":"April 5, 2025","format":false,"excerpt":"https:\/\/www.radioblog.eu\/2025\/04\/04\/offiziell-ard-anstalten-muessen-17-hoerfunkprogramme-streichen\/","rel":"","context":"In &quot;Deutsch&quot;","block_context":{"text":"Deutsch","link":"https:\/\/www.achimbrueckner.de\/dxradio\/php\/wordpress\/?cat=1"},"img":{"alt_text":"","src":"","width":0,"height":0},"classes":[]}],"_links":{"self":[{"href":"https:\/\/www.achimbrueckner.de\/dxradio\/php\/wordpress\/index.php?rest_route=\/wp\/v2\/posts\/43807","targetHints":{"allow":["GET"]}}],"collection":[{"href":"https:\/\/www.achimbrueckner.de\/dxradio\/php\/wordpress\/index.php?rest_route=\/wp\/v2\/posts"}],"about":[{"href":"https:\/\/www.achimbrueckner.de\/dxradio\/php\/wordpress\/index.php?rest_route=\/wp\/v2\/types\/post"}],"author":[{"embeddable":true,"href":"https:\/\/www.achimbrueckner.de\/dxradio\/php\/wordpress\/index.php?rest_route=\/wp\/v2\/users\/1"}],"replies":[{"embeddable":true,"href":"https:\/\/www.achimbrueckner.de\/dxradio\/php\/wordpress\/index.php?rest_route=%2Fwp%2Fv2%2Fcomments&post=43807"}],"version-history":[{"count":0,"href":"https:\/\/www.achimbrueckner.de\/dxradio\/php\/wordpress\/index.php?rest_route=\/wp\/v2\/posts\/43807\/revisions"}],"wp:attachment":[{"href":"https:\/\/www.achimbrueckner.de\/dxradio\/php\/wordpress\/index.php?rest_route=%2Fwp%2Fv2%2Fmedia&parent=43807"}],"wp:term":[{"taxonomy":"category","embeddable":true,"href":"https:\/\/www.achimbrueckner.de\/dxradio\/php\/wordpress\/index.php?rest_route=%2Fwp%2Fv2%2Fcategories&post=43807"},{"taxonomy":"post_tag","embeddable":true,"href":"https:\/\/www.achimbrueckner.de\/dxradio\/php\/wordpress\/index.php?rest_route=%2Fwp%2Fv2%2Ftags&post=43807"}],"curies":[{"name":"wp","href":"https:\/\/api.w.org\/{rel}","templated":true}]}}