{"id":4381,"date":"2015-04-13T14:37:05","date_gmt":"2015-04-13T14:37:05","guid":{"rendered":"https:\/\/www.achimbrueckner.de\/dxradio\/php\/wordpress\/?p=4381"},"modified":"2015-04-13T14:37:05","modified_gmt":"2015-04-13T14:37:05","slug":"toms-funkwellen-blog","status":"publish","type":"post","link":"https:\/\/www.achimbrueckner.de\/dxradio\/php\/wordpress\/?p=4381","title":{"rendered":"Tom&#8217;s Funkwellen Blog"},"content":{"rendered":"<p><a href=\"http:\/\/funkwellen.jimdo.com\/\" target=\"_blank\">http:\/\/funkwellen.jimdo.com\/<\/a><\/p>\n","protected":false},"excerpt":{"rendered":"<p>http:\/\/funkwellen.jimdo.com\/<\/p>\n","protected":false},"author":1,"featured_media":0,"comment_status":"open","ping_status":"open","sticky":false,"template":"","format":"standard","meta":{"_jetpack_memberships_contains_paid_content":false,"footnotes":"","jetpack_publicize_message":"","jetpack_publicize_feature_enabled":true,"jetpack_social_post_already_shared":true,"jetpack_social_options":{"image_generator_settings":{"template":"highway","default_image_id":0,"font":"","enabled":false},"version":2}},"categories":[1],"tags":[],"class_list":["post-4381","post","type-post","status-publish","format-standard","hentry","category-deutsch"],"jetpack_publicize_connections":[],"jetpack_featured_media_url":"","jetpack_sharing_enabled":true,"jetpack_shortlink":"https:\/\/wp.me\/p5CDmr-18F","jetpack-related-posts":[{"id":680,"url":"https:\/\/www.achimbrueckner.de\/dxradio\/php\/wordpress\/?p=680","url_meta":{"origin":4381,"position":0},"title":"Computerprogramme \u00fcber Funkwellen","author":"Administrator","date":"November 7, 2009","format":false,"excerpt":"Auf der A-DX-Liste l\u00e4uft ein interssanter Thread zu Computer\u00fcbertragungen \u00fcber Funkwellen: http:\/\/www.cczwei.de\/ http:\/\/de.wikipedia.org\/wiki\/Channel_Videodat http:\/\/www.youtube.com\/watch?gl=DE&hl=de&v=abWlBRZD5KM http:\/\/de.wikipedia.org\/wiki\/BASICODE","rel":"","context":"In &quot;Deutsch&quot;","block_context":{"text":"Deutsch","link":"https:\/\/www.achimbrueckner.de\/dxradio\/php\/wordpress\/?cat=1"},"img":{"alt_text":"","src":"","width":0,"height":0},"classes":[]},{"id":13802,"url":"https:\/\/www.achimbrueckner.de\/dxradio\/php\/wordpress\/?p=13802","url_meta":{"origin":4381,"position":1},"title":"Funkwellen und Robotermusiker treffen aufeinander","author":"Administrator","date":"July 17, 2017","format":false,"excerpt":"http:\/\/www.schwaebische.de\/region_artikel,-Funkwellen-und-Robotermusiker-treffen-aufeinander-_arid,10702372_toid,310.html","rel":"","context":"In &quot;Deutsch&quot;","block_context":{"text":"Deutsch","link":"https:\/\/www.achimbrueckner.de\/dxradio\/php\/wordpress\/?cat=1"},"img":{"alt_text":"","src":"","width":0,"height":0},"classes":[]},{"id":15141,"url":"https:\/\/www.achimbrueckner.de\/dxradio\/php\/wordpress\/?p=15141","url_meta":{"origin":4381,"position":2},"title":"Funkwellen um die Welt geschickt","author":"Administrator","date":"October 26, 2017","format":false,"excerpt":"http:\/\/www.gnz.de\/artikelansicht01\/noticias\/834939\/region+waechtersbach\/funkwellen-um-die-welt-geschickt-2900116","rel":"","context":"In &quot;Deutsch&quot;","block_context":{"text":"Deutsch","link":"https:\/\/www.achimbrueckner.de\/dxradio\/php\/wordpress\/?cat=1"},"img":{"alt_text":"","src":"","width":0,"height":0},"classes":[]},{"id":17480,"url":"https:\/\/www.achimbrueckner.de\/dxradio\/php\/wordpress\/?p=17480","url_meta":{"origin":4381,"position":3},"title":"Radio f\u00fcr die kosmische Ewigkeit Soweit die Funkwellen tragen","author":"Administrator","date":"April 24, 2018","format":false,"excerpt":"http:\/\/www.deutschlandfunk.de\/radio-fuer-die-kosmische-ewigkeit-soweit-die-funkwellen.732.de.html?dram:article_id=416164","rel":"","context":"In &quot;Deutsch&quot;","block_context":{"text":"Deutsch","link":"https:\/\/www.achimbrueckner.de\/dxradio\/php\/wordpress\/?cat=1"},"img":{"alt_text":"","src":"","width":0,"height":0},"classes":[]},{"id":14376,"url":"https:\/\/www.achimbrueckner.de\/dxradio\/php\/wordpress\/?p=14376","url_meta":{"origin":4381,"position":4},"title":"Funkwellen auf der Spur: Die Bundesnetzagentur wird 25 Jahre alt","author":"Administrator","date":"September 2, 2017","format":false,"excerpt":"http:\/\/www.suedkurier.de\/region\/kreis-konstanz\/konstanz\/Funkwellen-auf-der-Spur-Die-Bundesnetzagentur-wird-25-Jahre-alt;art372448,9396065","rel":"","context":"In &quot;Deutsch&quot;","block_context":{"text":"Deutsch","link":"https:\/\/www.achimbrueckner.de\/dxradio\/php\/wordpress\/?cat=1"},"img":{"alt_text":"","src":"","width":0,"height":0},"classes":[]},{"id":16457,"url":"https:\/\/www.achimbrueckner.de\/dxradio\/php\/wordpress\/?p=16457","url_meta":{"origin":4381,"position":5},"title":"Wozu sind Funkwellen n\u00fctzlich?","author":"Administrator","date":"February 11, 2018","format":false,"excerpt":"https:\/\/www.aachener-nachrichten.de\/news\/karlo-clever\/wozu-sind-funkwellen-nuetzlich-1.1824476","rel":"","context":"In &quot;Deutsch&quot;","block_context":{"text":"Deutsch","link":"https:\/\/www.achimbrueckner.de\/dxradio\/php\/wordpress\/?cat=1"},"img":{"alt_text":"","src":"","width":0,"height":0},"classes":[]}],"_links":{"self":[{"href":"https:\/\/www.achimbrueckner.de\/dxradio\/php\/wordpress\/index.php?rest_route=\/wp\/v2\/posts\/4381","targetHints":{"allow":["GET"]}}],"collection":[{"href":"https:\/\/www.achimbrueckner.de\/dxradio\/php\/wordpress\/index.php?rest_route=\/wp\/v2\/posts"}],"about":[{"href":"https:\/\/www.achimbrueckner.de\/dxradio\/php\/wordpress\/index.php?rest_route=\/wp\/v2\/types\/post"}],"author":[{"embeddable":true,"href":"https:\/\/www.achimbrueckner.de\/dxradio\/php\/wordpress\/index.php?rest_route=\/wp\/v2\/users\/1"}],"replies":[{"embeddable":true,"href":"https:\/\/www.achimbrueckner.de\/dxradio\/php\/wordpress\/index.php?rest_route=%2Fwp%2Fv2%2Fcomments&post=4381"}],"version-history":[{"count":0,"href":"https:\/\/www.achimbrueckner.de\/dxradio\/php\/wordpress\/index.php?rest_route=\/wp\/v2\/posts\/4381\/revisions"}],"wp:attachment":[{"href":"https:\/\/www.achimbrueckner.de\/dxradio\/php\/wordpress\/index.php?rest_route=%2Fwp%2Fv2%2Fmedia&parent=4381"}],"wp:term":[{"taxonomy":"category","embeddable":true,"href":"https:\/\/www.achimbrueckner.de\/dxradio\/php\/wordpress\/index.php?rest_route=%2Fwp%2Fv2%2Fcategories&post=4381"},{"taxonomy":"post_tag","embeddable":true,"href":"https:\/\/www.achimbrueckner.de\/dxradio\/php\/wordpress\/index.php?rest_route=%2Fwp%2Fv2%2Ftags&post=4381"}],"curies":[{"name":"wp","href":"https:\/\/api.w.org\/{rel}","templated":true}]}}