{"id":43812,"date":"2025-09-16T15:05:49","date_gmt":"2025-09-16T15:05:49","guid":{"rendered":"https:\/\/www.achimbrueckner.de\/dxradio\/php\/wordpress\/?p=43812"},"modified":"2025-09-16T15:05:49","modified_gmt":"2025-09-16T15:05:49","slug":"vaunet-ard-missachtet-plane-fur-programmreduzierung-im-horfunk","status":"publish","type":"post","link":"https:\/\/www.achimbrueckner.de\/dxradio\/php\/wordpress\/?p=43812","title":{"rendered":"VAUNET: ARD missachtet Pl\u00e4ne f\u00fcr Programmreduzierung im H\u00f6rfunk"},"content":{"rendered":"<p><a href=\"https:\/\/www.radioszene.de\/206203\/vaunet-ard-missachtet-plaene-fuer-programmreduzierung-im-hoerfunk.html\" target=\"_blank\">https:\/\/www.radioszene.de\/206203\/vaunet-ard-missachtet-plaene-fuer-programmreduzierung-im-hoerfunk.html<\/a><\/p>\n","protected":false},"excerpt":{"rendered":"<p>https:\/\/www.radioszene.de\/206203\/vaunet-ard-missachtet-plaene-fuer-programmreduzierung-im-hoerfunk.html<\/p>\n","protected":false},"author":1,"featured_media":0,"comment_status":"closed","ping_status":"open","sticky":false,"template":"","format":"standard","meta":{"_jetpack_memberships_contains_paid_content":false,"footnotes":"","jetpack_publicize_message":"","jetpack_publicize_feature_enabled":true,"jetpack_social_post_already_shared":true,"jetpack_social_options":{"image_generator_settings":{"template":"highway","default_image_id":0,"font":"","enabled":false},"version":2}},"categories":[1],"tags":[],"class_list":["post-43812","post","type-post","status-publish","format-standard","hentry","category-deutsch"],"jetpack_publicize_connections":[],"jetpack_featured_media_url":"","jetpack_sharing_enabled":true,"jetpack_shortlink":"https:\/\/wp.me\/p5CDmr-boE","jetpack-related-posts":[{"id":34073,"url":"https:\/\/www.achimbrueckner.de\/dxradio\/php\/wordpress\/?p=34073","url_meta":{"origin":43812,"position":0},"title":"Vaunet zu ARD\/ZDF: Keine Werbung, weniger Mediathek","author":"Administrator","date":"November 24, 2021","format":false,"excerpt":"https:\/\/www.teltarif.de\/vaunet-ard-zdf-werbung-mediathek\/news\/86419.html","rel":"","context":"In &quot;Deutsch&quot;","block_context":{"text":"Deutsch","link":"https:\/\/www.achimbrueckner.de\/dxradio\/php\/wordpress\/?cat=1"},"img":{"alt_text":"","src":"","width":0,"height":0},"classes":[]},{"id":43807,"url":"https:\/\/www.achimbrueckner.de\/dxradio\/php\/wordpress\/?p=43807","url_meta":{"origin":43812,"position":1},"title":"VAUNET kritisiert ARD: \u00d6ffentlich-Rechtliche wollen zu wenige Programme streichen","author":"Administrator","date":"September 16, 2025","format":false,"excerpt":"https:\/\/www.radioblog.eu\/2025\/09\/16\/vaunet-kritisiert-ard-oeffentlich-rechtliche-wollen-zu-wenige-programme-streichen\/","rel":"","context":"In &quot;Deutsch&quot;","block_context":{"text":"Deutsch","link":"https:\/\/www.achimbrueckner.de\/dxradio\/php\/wordpress\/?cat=1"},"img":{"alt_text":"","src":"","width":0,"height":0},"classes":[]},{"id":39881,"url":"https:\/\/www.achimbrueckner.de\/dxradio\/php\/wordpress\/?p=39881","url_meta":{"origin":43812,"position":2},"title":"ARD ZU M\u00c4CHTIG : Privatradios geben Alarm","author":"Administrator","date":"July 20, 2023","format":false,"excerpt":"https:\/\/www.faz.net\/aktuell\/feuilleton\/medien\/verband-vaunet-kritisiert-radio-uebermacht-der-ard-19046891.html","rel":"","context":"In &quot;Deutsch&quot;","block_context":{"text":"Deutsch","link":"https:\/\/www.achimbrueckner.de\/dxradio\/php\/wordpress\/?cat=1"},"img":{"alt_text":"","src":"","width":0,"height":0},"classes":[]},{"id":32470,"url":"https:\/\/www.achimbrueckner.de\/dxradio\/php\/wordpress\/?p=32470","url_meta":{"origin":43812,"position":3},"title":"Debatte \u00fcber die Zukunft von ARD und ZDF VAUNET warnt vor &#8220;ungebremster Expansion&#8221; von ARD\/ZDF","author":"Administrator","date":"April 10, 2021","format":false,"excerpt":"https:\/\/www.dwdl.de\/nachrichten\/82264\/vaunet_warnt_vor_ungebremster_expansion_von_ardzdf\/","rel":"","context":"In &quot;Deutsch&quot;","block_context":{"text":"Deutsch","link":"https:\/\/www.achimbrueckner.de\/dxradio\/php\/wordpress\/?cat=1"},"img":{"alt_text":"","src":"","width":0,"height":0},"classes":[]},{"id":30421,"url":"https:\/\/www.achimbrueckner.de\/dxradio\/php\/wordpress\/?p=30421","url_meta":{"origin":43812,"position":4},"title":"ARD, ZDF und Vaunet kritisieren geplante Urheberrechtsreform","author":"Administrator","date":"October 15, 2020","format":false,"excerpt":"https:\/\/www.dwdl.de\/nachrichten\/79839\/ard_zdf_und_vaunet_kritisieren_geplante_urheberrechtsreform\/","rel":"","context":"In &quot;Deutsch&quot;","block_context":{"text":"Deutsch","link":"https:\/\/www.achimbrueckner.de\/dxradio\/php\/wordpress\/?cat=1"},"img":{"alt_text":"","src":"","width":0,"height":0},"classes":[]},{"id":42217,"url":"https:\/\/www.achimbrueckner.de\/dxradio\/php\/wordpress\/?p=42217","url_meta":{"origin":43812,"position":5},"title":"VAUNET-Mediennutzungsanalyse 2024 erschienen","author":"Administrator","date":"February 14, 2025","format":false,"excerpt":"https:\/\/www.radioszene.de\/200269\/vaunet-mediennutzungsanalyse-2024.html","rel":"","context":"In &quot;Deutsch&quot;","block_context":{"text":"Deutsch","link":"https:\/\/www.achimbrueckner.de\/dxradio\/php\/wordpress\/?cat=1"},"img":{"alt_text":"","src":"","width":0,"height":0},"classes":[]}],"_links":{"self":[{"href":"https:\/\/www.achimbrueckner.de\/dxradio\/php\/wordpress\/index.php?rest_route=\/wp\/v2\/posts\/43812","targetHints":{"allow":["GET"]}}],"collection":[{"href":"https:\/\/www.achimbrueckner.de\/dxradio\/php\/wordpress\/index.php?rest_route=\/wp\/v2\/posts"}],"about":[{"href":"https:\/\/www.achimbrueckner.de\/dxradio\/php\/wordpress\/index.php?rest_route=\/wp\/v2\/types\/post"}],"author":[{"embeddable":true,"href":"https:\/\/www.achimbrueckner.de\/dxradio\/php\/wordpress\/index.php?rest_route=\/wp\/v2\/users\/1"}],"replies":[{"embeddable":true,"href":"https:\/\/www.achimbrueckner.de\/dxradio\/php\/wordpress\/index.php?rest_route=%2Fwp%2Fv2%2Fcomments&post=43812"}],"version-history":[{"count":0,"href":"https:\/\/www.achimbrueckner.de\/dxradio\/php\/wordpress\/index.php?rest_route=\/wp\/v2\/posts\/43812\/revisions"}],"wp:attachment":[{"href":"https:\/\/www.achimbrueckner.de\/dxradio\/php\/wordpress\/index.php?rest_route=%2Fwp%2Fv2%2Fmedia&parent=43812"}],"wp:term":[{"taxonomy":"category","embeddable":true,"href":"https:\/\/www.achimbrueckner.de\/dxradio\/php\/wordpress\/index.php?rest_route=%2Fwp%2Fv2%2Fcategories&post=43812"},{"taxonomy":"post_tag","embeddable":true,"href":"https:\/\/www.achimbrueckner.de\/dxradio\/php\/wordpress\/index.php?rest_route=%2Fwp%2Fv2%2Ftags&post=43812"}],"curies":[{"name":"wp","href":"https:\/\/api.w.org\/{rel}","templated":true}]}}