{"id":43849,"date":"2025-09-20T20:38:24","date_gmt":"2025-09-20T20:38:24","guid":{"rendered":"https:\/\/www.achimbrueckner.de\/dxradio\/php\/wordpress\/?p=43849"},"modified":"2025-09-20T20:38:24","modified_gmt":"2025-09-20T20:38:24","slug":"lizenzen-fur-radio-deck-1-und-metropol-fm","status":"publish","type":"post","link":"https:\/\/www.achimbrueckner.de\/dxradio\/php\/wordpress\/?p=43849","title":{"rendered":"Lizenzen f\u00fcr Radio Deck 1 und Metropol FM"},"content":{"rendered":"<p><a href=\"https:\/\/www.radioblog.eu\/2025\/09\/20\/lizenzen-fuer-radio-deck-1-und-metropol-fm\/\" target=\"_blank\">https:\/\/www.radioblog.eu\/2025\/09\/20\/lizenzen-fuer-radio-deck-1-und-metropol-fm\/<\/a><\/p>\n","protected":false},"excerpt":{"rendered":"<p>https:\/\/www.radioblog.eu\/2025\/09\/20\/lizenzen-fuer-radio-deck-1-und-metropol-fm\/<\/p>\n","protected":false},"author":1,"featured_media":0,"comment_status":"closed","ping_status":"open","sticky":false,"template":"","format":"standard","meta":{"_jetpack_memberships_contains_paid_content":false,"footnotes":"","jetpack_publicize_message":"","jetpack_publicize_feature_enabled":true,"jetpack_social_post_already_shared":true,"jetpack_social_options":{"image_generator_settings":{"template":"highway","default_image_id":0,"font":"","enabled":false},"version":2}},"categories":[1],"tags":[],"class_list":["post-43849","post","type-post","status-publish","format-standard","hentry","category-deutsch"],"jetpack_publicize_connections":[],"jetpack_featured_media_url":"","jetpack_sharing_enabled":true,"jetpack_shortlink":"https:\/\/wp.me\/p5CDmr-bpf","jetpack-related-posts":[{"id":43730,"url":"https:\/\/www.achimbrueckner.de\/dxradio\/php\/wordpress\/?p=43730","url_meta":{"origin":43849,"position":0},"title":"Lizenzen f\u00fcr Antenne Th\u00fcringen und Radio Top 40 verl\u00e4ngert","author":"Administrator","date":"September 5, 2025","format":false,"excerpt":"https:\/\/www.radioblog.eu\/2025\/09\/05\/lizenzen-fuer-antenne-thueringen-und-radio-top-40-verlaengert\/","rel":"","context":"In &quot;Deutsch&quot;","block_context":{"text":"Deutsch","link":"https:\/\/www.achimbrueckner.de\/dxradio\/php\/wordpress\/?cat=1"},"img":{"alt_text":"","src":"","width":0,"height":0},"classes":[]},{"id":42993,"url":"https:\/\/www.achimbrueckner.de\/dxradio\/php\/wordpress\/?p=42993","url_meta":{"origin":43849,"position":1},"title":"Belgien: Befristete Lizenzen f\u00fcr 100,5 Das Hitradio und Radio Sunshine","author":"Administrator","date":"June 10, 2025","format":false,"excerpt":"https:\/\/www.radioblog.eu\/2025\/06\/09\/belgien-befristete-lizenzen-fuer-1005-das-hitradio-und-radio-sunshine\/","rel":"","context":"In &quot;Deutsch&quot;","block_context":{"text":"Deutsch","link":"https:\/\/www.achimbrueckner.de\/dxradio\/php\/wordpress\/?cat=1"},"img":{"alt_text":"","src":"","width":0,"height":0},"classes":[]},{"id":43381,"url":"https:\/\/www.achimbrueckner.de\/dxradio\/php\/wordpress\/?p=43381","url_meta":{"origin":43849,"position":2},"title":"SLM verl\u00e4ngert UKW-Lizenzen f\u00fcr Energy, Radio Erzgebirge 107,7 und coloRadio","author":"Administrator","date":"July 24, 2025","format":false,"excerpt":"https:\/\/www.radioblog.eu\/2025\/07\/23\/slm-verlaengert-ukw-lizenzen-fuer-energy-radio-erzgebirge-1077-und-coloradio\/","rel":"","context":"In &quot;Deutsch&quot;","block_context":{"text":"Deutsch","link":"https:\/\/www.achimbrueckner.de\/dxradio\/php\/wordpress\/?cat=1"},"img":{"alt_text":"","src":"","width":0,"height":0},"classes":[]},{"id":44957,"url":"https:\/\/www.achimbrueckner.de\/dxradio\/php\/wordpress\/?p=44957","url_meta":{"origin":43849,"position":3},"title":"NRW: StreamD, Radio MusicStar und Metropol FM auf Sendung","author":"Administrator","date":"February 3, 2026","format":false,"excerpt":"https:\/\/www.radioblog.eu\/2026\/02\/02\/nrw-streamd-radio-musicstar-und-metropol-fm-auf-sendung\/","rel":"","context":"In &quot;Deutsch&quot;","block_context":{"text":"Deutsch","link":"https:\/\/www.achimbrueckner.de\/dxradio\/php\/wordpress\/?cat=1"},"img":{"alt_text":"","src":"","width":0,"height":0},"classes":[]},{"id":20453,"url":"https:\/\/www.achimbrueckner.de\/dxradio\/php\/wordpress\/?p=20453","url_meta":{"origin":43849,"position":4},"title":"Rock Antenne, Radio Teddy und Metropol FM bald in Hessen auf UKW","author":"Administrator","date":"December 18, 2018","format":false,"excerpt":"https:\/\/www.smartphonefan.de\/2018\/12\/18\/rock-antenne-radio-teddy-und-metropol-fm-bald-in-hessen-auf-ukw\/","rel":"","context":"In &quot;Deutsch&quot;","block_context":{"text":"Deutsch","link":"https:\/\/www.achimbrueckner.de\/dxradio\/php\/wordpress\/?cat=1"},"img":{"alt_text":"","src":"","width":0,"height":0},"classes":[]},{"id":41744,"url":"https:\/\/www.achimbrueckner.de\/dxradio\/php\/wordpress\/?p=41744","url_meta":{"origin":43849,"position":5},"title":"99.7 Doggy FM gestartet: Radio f\u00fcr und \u00fcber Hunde","author":"Administrator","date":"September 29, 2024","format":false,"excerpt":"https:\/\/www.radioblog.eu\/2024\/09\/29\/99-7-doggy-fm-gestartet-radio-fuer-und-ueber-hunde\/","rel":"","context":"In &quot;Deutsch&quot;","block_context":{"text":"Deutsch","link":"https:\/\/www.achimbrueckner.de\/dxradio\/php\/wordpress\/?cat=1"},"img":{"alt_text":"","src":"","width":0,"height":0},"classes":[]}],"_links":{"self":[{"href":"https:\/\/www.achimbrueckner.de\/dxradio\/php\/wordpress\/index.php?rest_route=\/wp\/v2\/posts\/43849","targetHints":{"allow":["GET"]}}],"collection":[{"href":"https:\/\/www.achimbrueckner.de\/dxradio\/php\/wordpress\/index.php?rest_route=\/wp\/v2\/posts"}],"about":[{"href":"https:\/\/www.achimbrueckner.de\/dxradio\/php\/wordpress\/index.php?rest_route=\/wp\/v2\/types\/post"}],"author":[{"embeddable":true,"href":"https:\/\/www.achimbrueckner.de\/dxradio\/php\/wordpress\/index.php?rest_route=\/wp\/v2\/users\/1"}],"replies":[{"embeddable":true,"href":"https:\/\/www.achimbrueckner.de\/dxradio\/php\/wordpress\/index.php?rest_route=%2Fwp%2Fv2%2Fcomments&post=43849"}],"version-history":[{"count":0,"href":"https:\/\/www.achimbrueckner.de\/dxradio\/php\/wordpress\/index.php?rest_route=\/wp\/v2\/posts\/43849\/revisions"}],"wp:attachment":[{"href":"https:\/\/www.achimbrueckner.de\/dxradio\/php\/wordpress\/index.php?rest_route=%2Fwp%2Fv2%2Fmedia&parent=43849"}],"wp:term":[{"taxonomy":"category","embeddable":true,"href":"https:\/\/www.achimbrueckner.de\/dxradio\/php\/wordpress\/index.php?rest_route=%2Fwp%2Fv2%2Fcategories&post=43849"},{"taxonomy":"post_tag","embeddable":true,"href":"https:\/\/www.achimbrueckner.de\/dxradio\/php\/wordpress\/index.php?rest_route=%2Fwp%2Fv2%2Ftags&post=43849"}],"curies":[{"name":"wp","href":"https:\/\/api.w.org\/{rel}","templated":true}]}}