{"id":43850,"date":"2025-09-20T20:46:12","date_gmt":"2025-09-20T20:46:12","guid":{"rendered":"https:\/\/www.achimbrueckner.de\/dxradio\/php\/wordpress\/?p=43850"},"modified":"2025-09-20T20:46:12","modified_gmt":"2025-09-20T20:46:12","slug":"audio-trends-2025-dab-macht-grosen-sprung-nach-oben","status":"publish","type":"post","link":"https:\/\/www.achimbrueckner.de\/dxradio\/php\/wordpress\/?p=43850","title":{"rendered":"Audio Trends 2025: DAB+ macht gro\u00dfen Sprung nach oben"},"content":{"rendered":"<p><a href=\"https:\/\/www.teltarif.de\/dabplus-radio-ukw-streaming\/news\/99773.html\" target=\"_blank\">https:\/\/www.teltarif.de\/dabplus-radio-ukw-streaming\/news\/99773.html<\/a><\/p>\n","protected":false},"excerpt":{"rendered":"<p>https:\/\/www.teltarif.de\/dabplus-radio-ukw-streaming\/news\/99773.html<\/p>\n","protected":false},"author":1,"featured_media":0,"comment_status":"closed","ping_status":"open","sticky":false,"template":"","format":"standard","meta":{"_jetpack_memberships_contains_paid_content":false,"footnotes":"","jetpack_publicize_message":"","jetpack_publicize_feature_enabled":true,"jetpack_social_post_already_shared":true,"jetpack_social_options":{"image_generator_settings":{"template":"highway","default_image_id":0,"font":"","enabled":false},"version":2}},"categories":[1],"tags":[],"class_list":["post-43850","post","type-post","status-publish","format-standard","hentry","category-deutsch"],"jetpack_publicize_connections":[],"jetpack_featured_media_url":"","jetpack_sharing_enabled":true,"jetpack_shortlink":"https:\/\/wp.me\/p5CDmr-bpg","jetpack-related-posts":[{"id":42147,"url":"https:\/\/www.achimbrueckner.de\/dxradio\/php\/wordpress\/?p=42147","url_meta":{"origin":43850,"position":0},"title":"UKW-Aus im Kabel: Verein empfiehlt Umstieg auf DAB+","author":"Administrator","date":"January 28, 2025","format":false,"excerpt":"https:\/\/www.teltarif.de\/dabplus-radio-streaming-digitalradio\/news\/97660.html","rel":"","context":"In &quot;Deutsch&quot;","block_context":{"text":"Deutsch","link":"https:\/\/www.achimbrueckner.de\/dxradio\/php\/wordpress\/?cat=1"},"img":{"alt_text":"","src":"","width":0,"height":0},"classes":[]},{"id":40409,"url":"https:\/\/www.achimbrueckner.de\/dxradio\/php\/wordpress\/?p=40409","url_meta":{"origin":43850,"position":1},"title":"Audio-Trends: Jeder dritte Haushalt mit DAB+-Radio","author":"Administrator","date":"October 26, 2023","format":false,"excerpt":"https:\/\/www.teltarif.de\/radio-dab-plus-streaming-audio-trends-2023\/news\/93484.html","rel":"","context":"In &quot;Deutsch&quot;","block_context":{"text":"Deutsch","link":"https:\/\/www.achimbrueckner.de\/dxradio\/php\/wordpress\/?cat=1"},"img":{"alt_text":"","src":"","width":0,"height":0},"classes":[]},{"id":11728,"url":"https:\/\/www.achimbrueckner.de\/dxradio\/php\/wordpress\/?p=11728","url_meta":{"origin":43850,"position":2},"title":"Empfangstest: Was ist besser, UKW oder DAB+?","author":"Administrator","date":"January 14, 2017","format":false,"excerpt":"https:\/\/www.teltarif.de\/dabplus-radio-ukw-umfrage\/news\/67035.html","rel":"","context":"In &quot;Deutsch&quot;","block_context":{"text":"Deutsch","link":"https:\/\/www.achimbrueckner.de\/dxradio\/php\/wordpress\/?cat=1"},"img":{"alt_text":"","src":"","width":0,"height":0},"classes":[]},{"id":41404,"url":"https:\/\/www.achimbrueckner.de\/dxradio\/php\/wordpress\/?p=41404","url_meta":{"origin":43850,"position":3},"title":"Bayern: Nur 40 Prozent h\u00f6ren Radio ausschlie\u00dflich \u00fcber UKW","author":"Administrator","date":"June 24, 2024","format":false,"excerpt":"https:\/\/www.teltarif.de\/dabplus-streaming-ukw-radio-bayern\/news\/95834.html","rel":"","context":"In &quot;Deutsch&quot;","block_context":{"text":"Deutsch","link":"https:\/\/www.achimbrueckner.de\/dxradio\/php\/wordpress\/?cat=1"},"img":{"alt_text":"","src":"","width":0,"height":0},"classes":[]},{"id":42094,"url":"https:\/\/www.achimbrueckner.de\/dxradio\/php\/wordpress\/?p=42094","url_meta":{"origin":43850,"position":4},"title":"DAB+ &#038; UKW: Diese \u00c4nderungen gibt es zum Jahreswechsel","author":"Administrator","date":"January 2, 2025","format":false,"excerpt":"https:\/\/www.teltarif.de\/dabplus-radio-ukw\/news\/97458.html","rel":"","context":"In &quot;Deutsch&quot;","block_context":{"text":"Deutsch","link":"https:\/\/www.achimbrueckner.de\/dxradio\/php\/wordpress\/?cat=1"},"img":{"alt_text":"","src":"","width":0,"height":0},"classes":[]},{"id":42516,"url":"https:\/\/www.achimbrueckner.de\/dxradio\/php\/wordpress\/?p=42516","url_meta":{"origin":43850,"position":5},"title":"Umstieg auf DAB+: Weitere Radiosender geben UKW auf","author":"Administrator","date":"April 3, 2025","format":false,"excerpt":"https:\/\/www.teltarif.de\/radio-dabplus-ukw-digitalradio\/news\/98240.html","rel":"","context":"In &quot;Deutsch&quot;","block_context":{"text":"Deutsch","link":"https:\/\/www.achimbrueckner.de\/dxradio\/php\/wordpress\/?cat=1"},"img":{"alt_text":"","src":"","width":0,"height":0},"classes":[]}],"_links":{"self":[{"href":"https:\/\/www.achimbrueckner.de\/dxradio\/php\/wordpress\/index.php?rest_route=\/wp\/v2\/posts\/43850","targetHints":{"allow":["GET"]}}],"collection":[{"href":"https:\/\/www.achimbrueckner.de\/dxradio\/php\/wordpress\/index.php?rest_route=\/wp\/v2\/posts"}],"about":[{"href":"https:\/\/www.achimbrueckner.de\/dxradio\/php\/wordpress\/index.php?rest_route=\/wp\/v2\/types\/post"}],"author":[{"embeddable":true,"href":"https:\/\/www.achimbrueckner.de\/dxradio\/php\/wordpress\/index.php?rest_route=\/wp\/v2\/users\/1"}],"replies":[{"embeddable":true,"href":"https:\/\/www.achimbrueckner.de\/dxradio\/php\/wordpress\/index.php?rest_route=%2Fwp%2Fv2%2Fcomments&post=43850"}],"version-history":[{"count":0,"href":"https:\/\/www.achimbrueckner.de\/dxradio\/php\/wordpress\/index.php?rest_route=\/wp\/v2\/posts\/43850\/revisions"}],"wp:attachment":[{"href":"https:\/\/www.achimbrueckner.de\/dxradio\/php\/wordpress\/index.php?rest_route=%2Fwp%2Fv2%2Fmedia&parent=43850"}],"wp:term":[{"taxonomy":"category","embeddable":true,"href":"https:\/\/www.achimbrueckner.de\/dxradio\/php\/wordpress\/index.php?rest_route=%2Fwp%2Fv2%2Fcategories&post=43850"},{"taxonomy":"post_tag","embeddable":true,"href":"https:\/\/www.achimbrueckner.de\/dxradio\/php\/wordpress\/index.php?rest_route=%2Fwp%2Fv2%2Ftags&post=43850"}],"curies":[{"name":"wp","href":"https:\/\/api.w.org\/{rel}","templated":true}]}}