{"id":43864,"date":"2025-09-23T15:01:12","date_gmt":"2025-09-23T15:01:12","guid":{"rendered":"https:\/\/www.achimbrueckner.de\/dxradio\/php\/wordpress\/?p=43864"},"modified":"2025-09-23T15:01:12","modified_gmt":"2025-09-23T15:01:12","slug":"medientage-munchen-wie-bleibt-audio-in-zukunft-relevant","status":"publish","type":"post","link":"https:\/\/www.achimbrueckner.de\/dxradio\/php\/wordpress\/?p=43864","title":{"rendered":"MEDIENTAGE M\u00dcNCHEN: Wie bleibt Audio in Zukunft relevant?"},"content":{"rendered":"<p><a href=\"https:\/\/www.radioszene.de\/206292\/medientage-muenchen-2025-audio.html\" target=\"_blank\">https:\/\/www.radioszene.de\/206292\/medientage-muenchen-2025-audio.html<\/a><\/p>\n","protected":false},"excerpt":{"rendered":"<p>https:\/\/www.radioszene.de\/206292\/medientage-muenchen-2025-audio.html<\/p>\n","protected":false},"author":1,"featured_media":0,"comment_status":"closed","ping_status":"open","sticky":false,"template":"","format":"standard","meta":{"_jetpack_memberships_contains_paid_content":false,"footnotes":"","jetpack_publicize_message":"","jetpack_publicize_feature_enabled":true,"jetpack_social_post_already_shared":true,"jetpack_social_options":{"image_generator_settings":{"template":"highway","default_image_id":0,"font":"","enabled":false},"version":2}},"categories":[1],"tags":[],"class_list":["post-43864","post","type-post","status-publish","format-standard","hentry","category-deutsch"],"jetpack_publicize_connections":[],"jetpack_featured_media_url":"","jetpack_sharing_enabled":true,"jetpack_shortlink":"https:\/\/wp.me\/p5CDmr-bpu","jetpack-related-posts":[{"id":44087,"url":"https:\/\/www.achimbrueckner.de\/dxradio\/php\/wordpress\/?p=44087","url_meta":{"origin":43864,"position":0},"title":"MEDIENTAGE M\u00dcNCHEN: Wie bleibt Audio in Zukunft relevant?","author":"Administrator","date":"October 22, 2025","format":false,"excerpt":"https:\/\/www.radioszene.de\/206292\/medientage-muenchen-2025-audio.html","rel":"","context":"In &quot;Deutsch&quot;","block_context":{"text":"Deutsch","link":"https:\/\/www.achimbrueckner.de\/dxradio\/php\/wordpress\/?cat=1"},"img":{"alt_text":"","src":"","width":0,"height":0},"classes":[]},{"id":19776,"url":"https:\/\/www.achimbrueckner.de\/dxradio\/php\/wordpress\/?p=19776","url_meta":{"origin":43864,"position":1},"title":"Medientage M\u00fcnchen F\u00fcnf Thesen f\u00fcr die Zukunft von Audio","author":"Administrator","date":"October 26, 2018","format":false,"excerpt":"https:\/\/www.deutschlandfunknova.de\/beitrag\/medientage-muenchen-fuenf-thesen-fuer-die-zukunft-von-audio","rel":"","context":"In &quot;audio&quot;","block_context":{"text":"audio","link":"https:\/\/www.achimbrueckner.de\/dxradio\/php\/wordpress\/?cat=47"},"img":{"alt_text":"","src":"","width":0,"height":0},"classes":[]},{"id":41845,"url":"https:\/\/www.achimbrueckner.de\/dxradio\/php\/wordpress\/?p=41845","url_meta":{"origin":43864,"position":2},"title":"Die Audio-Highlights der MEDIENTAGE M\u00dcNCHEN 2024","author":"Administrator","date":"October 23, 2024","format":false,"excerpt":"https:\/\/www.radioszene.de\/191418\/audio-highlights-medientage-muenchen-2024.html","rel":"","context":"In &quot;Deutsch&quot;","block_context":{"text":"Deutsch","link":"https:\/\/www.achimbrueckner.de\/dxradio\/php\/wordpress\/?cat=1"},"img":{"alt_text":"","src":"","width":0,"height":0},"classes":[]},{"id":19594,"url":"https:\/\/www.achimbrueckner.de\/dxradio\/php\/wordpress\/?p=19594","url_meta":{"origin":43864,"position":3},"title":"Wie Sender den neuen Audio-Hype f\u00fcr sich nutzen k\u00f6nnen","author":"Administrator","date":"October 17, 2018","format":false,"excerpt":"https:\/\/www.radioszene.de\/126794\/medientage-2018-audio.html","rel":"","context":"In &quot;audio&quot;","block_context":{"text":"audio","link":"https:\/\/www.achimbrueckner.de\/dxradio\/php\/wordpress\/?cat=47"},"img":{"alt_text":"","src":"","width":0,"height":0},"classes":[]},{"id":25090,"url":"https:\/\/www.achimbrueckner.de\/dxradio\/php\/wordpress\/?p=25090","url_meta":{"origin":43864,"position":4},"title":"Audio liegt im Trend \u2013 auch bei MEDIENTAGEN M\u00dcNCHEN","author":"Administrator","date":"October 3, 2019","format":false,"excerpt":"https:\/\/www.radioszene.de\/137203\/medientage-muenchen-audio-trend.html","rel":"","context":"In &quot;audio&quot;","block_context":{"text":"audio","link":"https:\/\/www.achimbrueckner.de\/dxradio\/php\/wordpress\/?cat=47"},"img":{"alt_text":"","src":"","width":0,"height":0},"classes":[]},{"id":30637,"url":"https:\/\/www.achimbrueckner.de\/dxradio\/php\/wordpress\/?p=30637","url_meta":{"origin":43864,"position":5},"title":"Das war der Audio-Gipfel auf den Medientagen M\u00fcnchen","author":"Administrator","date":"October 29, 2020","format":false,"excerpt":"https:\/\/www.radioszene.de\/149023\/medientage-muenchen-audio-gipfel-2020.html","rel":"","context":"In &quot;audio&quot;","block_context":{"text":"audio","link":"https:\/\/www.achimbrueckner.de\/dxradio\/php\/wordpress\/?cat=47"},"img":{"alt_text":"","src":"","width":0,"height":0},"classes":[]}],"_links":{"self":[{"href":"https:\/\/www.achimbrueckner.de\/dxradio\/php\/wordpress\/index.php?rest_route=\/wp\/v2\/posts\/43864","targetHints":{"allow":["GET"]}}],"collection":[{"href":"https:\/\/www.achimbrueckner.de\/dxradio\/php\/wordpress\/index.php?rest_route=\/wp\/v2\/posts"}],"about":[{"href":"https:\/\/www.achimbrueckner.de\/dxradio\/php\/wordpress\/index.php?rest_route=\/wp\/v2\/types\/post"}],"author":[{"embeddable":true,"href":"https:\/\/www.achimbrueckner.de\/dxradio\/php\/wordpress\/index.php?rest_route=\/wp\/v2\/users\/1"}],"replies":[{"embeddable":true,"href":"https:\/\/www.achimbrueckner.de\/dxradio\/php\/wordpress\/index.php?rest_route=%2Fwp%2Fv2%2Fcomments&post=43864"}],"version-history":[{"count":0,"href":"https:\/\/www.achimbrueckner.de\/dxradio\/php\/wordpress\/index.php?rest_route=\/wp\/v2\/posts\/43864\/revisions"}],"wp:attachment":[{"href":"https:\/\/www.achimbrueckner.de\/dxradio\/php\/wordpress\/index.php?rest_route=%2Fwp%2Fv2%2Fmedia&parent=43864"}],"wp:term":[{"taxonomy":"category","embeddable":true,"href":"https:\/\/www.achimbrueckner.de\/dxradio\/php\/wordpress\/index.php?rest_route=%2Fwp%2Fv2%2Fcategories&post=43864"},{"taxonomy":"post_tag","embeddable":true,"href":"https:\/\/www.achimbrueckner.de\/dxradio\/php\/wordpress\/index.php?rest_route=%2Fwp%2Fv2%2Ftags&post=43864"}],"curies":[{"name":"wp","href":"https:\/\/api.w.org\/{rel}","templated":true}]}}