{"id":43871,"date":"2025-09-23T15:54:40","date_gmt":"2025-09-23T15:54:40","guid":{"rendered":"https:\/\/www.achimbrueckner.de\/dxradio\/php\/wordpress\/?p=43871"},"modified":"2025-09-23T15:54:40","modified_gmt":"2025-09-23T15:54:40","slug":"ausweitung-ins-uferlose-wie-die-ard-bei-der-radioreform-trickst","status":"publish","type":"post","link":"https:\/\/www.achimbrueckner.de\/dxradio\/php\/wordpress\/?p=43871","title":{"rendered":"Ausweitung ins \u201eUferlose\u201c: Wie die ARD bei der Radioreform trickst"},"content":{"rendered":"<p><a href=\"https:\/\/www.faz.net\/aktuell\/feuilleton\/medien-und-film\/medienpolitik\/wie-die-ard-bei-der-radioreform-trickst-ausweitung-ins-uferlose-accg-110697994.html\" target=\"_blank\">https:\/\/www.faz.net\/aktuell\/feuilleton\/medien-und-film\/medienpolitik\/wie-die-ard-bei-der-radioreform-trickst-ausweitung-ins-uferlose-accg-110697994.html<\/a><\/p>\n","protected":false},"excerpt":{"rendered":"<p>https:\/\/www.faz.net\/aktuell\/feuilleton\/medien-und-film\/medienpolitik\/wie-die-ard-bei-der-radioreform-trickst-ausweitung-ins-uferlose-accg-110697994.html<\/p>\n","protected":false},"author":1,"featured_media":0,"comment_status":"closed","ping_status":"open","sticky":false,"template":"","format":"standard","meta":{"_jetpack_memberships_contains_paid_content":false,"footnotes":"","jetpack_publicize_message":"","jetpack_publicize_feature_enabled":true,"jetpack_social_post_already_shared":true,"jetpack_social_options":{"image_generator_settings":{"template":"highway","default_image_id":0,"font":"","enabled":false},"version":2}},"categories":[1],"tags":[],"class_list":["post-43871","post","type-post","status-publish","format-standard","hentry","category-deutsch"],"jetpack_publicize_connections":[],"jetpack_featured_media_url":"","jetpack_sharing_enabled":true,"jetpack_shortlink":"https:\/\/wp.me\/p5CDmr-bpB","jetpack-related-posts":[{"id":43436,"url":"https:\/\/www.achimbrueckner.de\/dxradio\/php\/wordpress\/?p=43436","url_meta":{"origin":43871,"position":0},"title":"Digitalradio kontra UKW: Die ARD trickst bei der Radioreform","author":"Administrator","date":"July 30, 2025","format":false,"excerpt":"https:\/\/www.faz.net\/aktuell\/feuilleton\/medien-und-film\/medienpolitik\/die-ard-trickst-bei-der-radioreform-das-digitalradio-dab-muss-kommen-110611507.html","rel":"","context":"In &quot;Deutsch&quot;","block_context":{"text":"Deutsch","link":"https:\/\/www.achimbrueckner.de\/dxradio\/php\/wordpress\/?cat=1"},"img":{"alt_text":"","src":"","width":0,"height":0},"classes":[]},{"id":14176,"url":"https:\/\/www.achimbrueckner.de\/dxradio\/php\/wordpress\/?p=14176","url_meta":{"origin":43871,"position":1},"title":"\u00abBlick zur\u00fcck\u00bb auf die Radioreform 1978 Die UK-Fee bringt UKW","author":"Administrator","date":"August 15, 2017","format":false,"excerpt":"https:\/\/www.nzz.ch\/schweiz\/blick-zurueck-die-uk-fee-erzieht-die-schweiz-ld.1310583","rel":"","context":"In &quot;Deutsch&quot;","block_context":{"text":"Deutsch","link":"https:\/\/www.achimbrueckner.de\/dxradio\/php\/wordpress\/?cat=1"},"img":{"alt_text":"","src":"","width":0,"height":0},"classes":[]},{"id":10,"url":"https:\/\/www.achimbrueckner.de\/dxradio\/php\/wordpress\/?p=10","url_meta":{"origin":43871,"position":2},"title":"Ramadan 2005","author":"Administrator","date":"September 15, 2005","format":false,"excerpt":"Der Ramadan dauert dies Jahr vom 5. Oktober bis zum 3. November. In diesem Zeitraum ist in den islamisch gepr\u00e4gten L\u00e4ndern mit einer Ausweitung der Sendezeiten zu rechnen. So sind im Tropenband manchmal interessante Lokalstationen aufzunehmen, die sonst, weil der Signalweg nicht im Dunkeln liegt, nicht zu h\u00f6ren sind.","rel":"","context":"In &quot;Deutsch&quot;","block_context":{"text":"Deutsch","link":"https:\/\/www.achimbrueckner.de\/dxradio\/php\/wordpress\/?cat=1"},"img":{"alt_text":"","src":"","width":0,"height":0},"classes":[]},{"id":15599,"url":"https:\/\/www.achimbrueckner.de\/dxradio\/php\/wordpress\/?p=15599","url_meta":{"origin":43871,"position":3},"title":"ARD-Reporter berichten, wie der Fu\u00dfball ins Radio kommt","author":"Administrator","date":"November 20, 2017","format":false,"excerpt":"https:\/\/www.bo.de\/lokales\/achern-oberkirch\/ard-reporter-berichten-wie-der-fussball-ins-radio-kommt","rel":"","context":"In &quot;Deutsch&quot;","block_context":{"text":"Deutsch","link":"https:\/\/www.achimbrueckner.de\/dxradio\/php\/wordpress\/?cat=1"},"img":{"alt_text":"","src":"","width":0,"height":0},"classes":[]},{"id":29964,"url":"https:\/\/www.achimbrueckner.de\/dxradio\/php\/wordpress\/?p=29964","url_meta":{"origin":43871,"position":4},"title":"Expansion von Fox News : Ausweitung der Kampfzone","author":"Administrator","date":"September 7, 2020","format":false,"excerpt":"https:\/\/www.sueddeutsche.de\/medien\/fox-news-trump-populismus-1.5022696?utm_source=Twitter&utm_campaign=twitterbot","rel":"","context":"In &quot;Deutsch&quot;","block_context":{"text":"Deutsch","link":"https:\/\/www.achimbrueckner.de\/dxradio\/php\/wordpress\/?cat=1"},"img":{"alt_text":"","src":"","width":0,"height":0},"classes":[]},{"id":33672,"url":"https:\/\/www.achimbrueckner.de\/dxradio\/php\/wordpress\/?p=33672","url_meta":{"origin":43871,"position":5},"title":"Katja Berg: Grenzenlose Unterhaltung: Radio Luxemburg","author":"Administrator","date":"September 29, 2021","format":false,"excerpt":"Buch-Tipp: Auf und Ab der Radiolegende Radio Luxemburg war der gro\u00dfe kommerzielle \u00fcberregionale Sender der 50er- bis 80er-Jahre. In Deutschland wurde er im Saarland und in Nordrhein-Westfalen wegen der N\u00e4he zum Nachbarland und dem damit einhergehenden guten Empfang besonders viel geh\u00f6rt und wird dort heute noch oft nostalgisch verkl\u00e4rt. Das\u2026","rel":"","context":"In &quot;Deutsch&quot;","block_context":{"text":"Deutsch","link":"https:\/\/www.achimbrueckner.de\/dxradio\/php\/wordpress\/?cat=1"},"img":{"alt_text":"","src":"","width":0,"height":0},"classes":[]}],"_links":{"self":[{"href":"https:\/\/www.achimbrueckner.de\/dxradio\/php\/wordpress\/index.php?rest_route=\/wp\/v2\/posts\/43871","targetHints":{"allow":["GET"]}}],"collection":[{"href":"https:\/\/www.achimbrueckner.de\/dxradio\/php\/wordpress\/index.php?rest_route=\/wp\/v2\/posts"}],"about":[{"href":"https:\/\/www.achimbrueckner.de\/dxradio\/php\/wordpress\/index.php?rest_route=\/wp\/v2\/types\/post"}],"author":[{"embeddable":true,"href":"https:\/\/www.achimbrueckner.de\/dxradio\/php\/wordpress\/index.php?rest_route=\/wp\/v2\/users\/1"}],"replies":[{"embeddable":true,"href":"https:\/\/www.achimbrueckner.de\/dxradio\/php\/wordpress\/index.php?rest_route=%2Fwp%2Fv2%2Fcomments&post=43871"}],"version-history":[{"count":0,"href":"https:\/\/www.achimbrueckner.de\/dxradio\/php\/wordpress\/index.php?rest_route=\/wp\/v2\/posts\/43871\/revisions"}],"wp:attachment":[{"href":"https:\/\/www.achimbrueckner.de\/dxradio\/php\/wordpress\/index.php?rest_route=%2Fwp%2Fv2%2Fmedia&parent=43871"}],"wp:term":[{"taxonomy":"category","embeddable":true,"href":"https:\/\/www.achimbrueckner.de\/dxradio\/php\/wordpress\/index.php?rest_route=%2Fwp%2Fv2%2Fcategories&post=43871"},{"taxonomy":"post_tag","embeddable":true,"href":"https:\/\/www.achimbrueckner.de\/dxradio\/php\/wordpress\/index.php?rest_route=%2Fwp%2Fv2%2Ftags&post=43871"}],"curies":[{"name":"wp","href":"https:\/\/api.w.org\/{rel}","templated":true}]}}