{"id":43883,"date":"2025-09-24T15:29:20","date_gmt":"2025-09-24T15:29:20","guid":{"rendered":"https:\/\/www.achimbrueckner.de\/dxradio\/php\/wordpress\/?p=43883"},"modified":"2025-09-24T15:29:20","modified_gmt":"2025-09-24T15:29:20","slug":"5-jahre-afrobeats-neue-spotify-doku-online","status":"publish","type":"post","link":"https:\/\/www.achimbrueckner.de\/dxradio\/php\/wordpress\/?p=43883","title":{"rendered":"5 Jahre Afrobeats \u2013 Neue Spotify Doku online"},"content":{"rendered":"<p><a href=\"https:\/\/www.radioszene.de\/206497\/5-jahre-afrobeats.html\" target=\"_blank\">https:\/\/www.radioszene.de\/206497\/5-jahre-afrobeats.html<\/a><\/p>\n","protected":false},"excerpt":{"rendered":"<p>https:\/\/www.radioszene.de\/206497\/5-jahre-afrobeats.html<\/p>\n","protected":false},"author":1,"featured_media":0,"comment_status":"closed","ping_status":"open","sticky":false,"template":"","format":"standard","meta":{"_jetpack_memberships_contains_paid_content":false,"footnotes":"","jetpack_publicize_message":"","jetpack_publicize_feature_enabled":true,"jetpack_social_post_already_shared":true,"jetpack_social_options":{"image_generator_settings":{"template":"highway","default_image_id":0,"font":"","enabled":false},"version":2}},"categories":[1],"tags":[],"class_list":["post-43883","post","type-post","status-publish","format-standard","hentry","category-deutsch"],"jetpack_publicize_connections":[],"jetpack_featured_media_url":"","jetpack_sharing_enabled":true,"jetpack_shortlink":"https:\/\/wp.me\/p5CDmr-bpN","jetpack-related-posts":[{"id":43816,"url":"https:\/\/www.achimbrueckner.de\/dxradio\/php\/wordpress\/?p=43816","url_meta":{"origin":43883,"position":0},"title":"5 Jahre Spotify RADAR: Eine B\u00fchne f\u00fcr \u00fcber 1.000 neue Stimmen","author":"Administrator","date":"September 16, 2025","format":false,"excerpt":"https:\/\/www.radioszene.de\/206186\/5-jahre-spotify-radar.html","rel":"","context":"In &quot;Deutsch&quot;","block_context":{"text":"Deutsch","link":"https:\/\/www.achimbrueckner.de\/dxradio\/php\/wordpress\/?cat=1"},"img":{"alt_text":"","src":"","width":0,"height":0},"classes":[]},{"id":42465,"url":"https:\/\/www.achimbrueckner.de\/dxradio\/php\/wordpress\/?p=42465","url_meta":{"origin":43883,"position":1},"title":"30 Jahre 1LIVE: Geburtstags-Doku im TV ab 21. Mai","author":"Administrator","date":"March 29, 2025","format":false,"excerpt":"https:\/\/www.radioszene.de\/201427\/30-jahre-1live-geburtstag.html","rel":"","context":"In &quot;Deutsch&quot;","block_context":{"text":"Deutsch","link":"https:\/\/www.achimbrueckner.de\/dxradio\/php\/wordpress\/?cat=1"},"img":{"alt_text":"","src":"","width":0,"height":0},"classes":[]},{"id":42842,"url":"https:\/\/www.achimbrueckner.de\/dxradio\/php\/wordpress\/?p=42842","url_meta":{"origin":43883,"position":2},"title":"30 Jahre 1LIVE: TV-Doku ab Mittwoch in der ARD Mediathek","author":"Administrator","date":"May 20, 2025","format":false,"excerpt":"https:\/\/www.radioszene.de\/202740\/30-jahre-1live-tv-doku.html","rel":"","context":"In &quot;Deutsch&quot;","block_context":{"text":"Deutsch","link":"https:\/\/www.achimbrueckner.de\/dxradio\/php\/wordpress\/?cat=1"},"img":{"alt_text":"","src":"","width":0,"height":0},"classes":[]},{"id":43205,"url":"https:\/\/www.achimbrueckner.de\/dxradio\/php\/wordpress\/?p=43205","url_meta":{"origin":43883,"position":3},"title":"Spotify feiert 10 Jahre \u201eDein Mix der Woche\u201c","author":"Administrator","date":"July 4, 2025","format":false,"excerpt":"https:\/\/www.radioszene.de\/204008\/spotify-dein-mix-der-woche.html","rel":"","context":"In &quot;Deutsch&quot;","block_context":{"text":"Deutsch","link":"https:\/\/www.achimbrueckner.de\/dxradio\/php\/wordpress\/?cat=1"},"img":{"alt_text":"","src":"","width":0,"height":0},"classes":[]},{"id":45530,"url":"https:\/\/www.achimbrueckner.de\/dxradio\/php\/wordpress\/?p=45530","url_meta":{"origin":43883,"position":4},"title":"Die meist gestreamte Musik nach 20 Jahren Spotify","author":"Administrator","date":"April 27, 2026","format":false,"excerpt":"https:\/\/www.radioszene.de\/213387\/20-jahre-spotify-das-ist-die-meist-gestreamte-musik.html","rel":"","context":"In &quot;Deutsch&quot;","block_context":{"text":"Deutsch","link":"https:\/\/www.achimbrueckner.de\/dxradio\/php\/wordpress\/?cat=1"},"img":{"alt_text":"","src":"","width":0,"height":0},"classes":[]},{"id":45433,"url":"https:\/\/www.achimbrueckner.de\/dxradio\/php\/wordpress\/?p=45433","url_meta":{"origin":43883,"position":5},"title":"F\u00fcnf Jahre Radio Saalewelle: Neues Studio er\u00f6ffnet neue M\u00f6glichkeiten","author":"Administrator","date":"April 13, 2026","format":false,"excerpt":"https:\/\/www.radioszene.de\/213058\/fuenf-jahre-radio-saalewelle.html","rel":"","context":"In &quot;Deutsch&quot;","block_context":{"text":"Deutsch","link":"https:\/\/www.achimbrueckner.de\/dxradio\/php\/wordpress\/?cat=1"},"img":{"alt_text":"","src":"","width":0,"height":0},"classes":[]}],"_links":{"self":[{"href":"https:\/\/www.achimbrueckner.de\/dxradio\/php\/wordpress\/index.php?rest_route=\/wp\/v2\/posts\/43883","targetHints":{"allow":["GET"]}}],"collection":[{"href":"https:\/\/www.achimbrueckner.de\/dxradio\/php\/wordpress\/index.php?rest_route=\/wp\/v2\/posts"}],"about":[{"href":"https:\/\/www.achimbrueckner.de\/dxradio\/php\/wordpress\/index.php?rest_route=\/wp\/v2\/types\/post"}],"author":[{"embeddable":true,"href":"https:\/\/www.achimbrueckner.de\/dxradio\/php\/wordpress\/index.php?rest_route=\/wp\/v2\/users\/1"}],"replies":[{"embeddable":true,"href":"https:\/\/www.achimbrueckner.de\/dxradio\/php\/wordpress\/index.php?rest_route=%2Fwp%2Fv2%2Fcomments&post=43883"}],"version-history":[{"count":0,"href":"https:\/\/www.achimbrueckner.de\/dxradio\/php\/wordpress\/index.php?rest_route=\/wp\/v2\/posts\/43883\/revisions"}],"wp:attachment":[{"href":"https:\/\/www.achimbrueckner.de\/dxradio\/php\/wordpress\/index.php?rest_route=%2Fwp%2Fv2%2Fmedia&parent=43883"}],"wp:term":[{"taxonomy":"category","embeddable":true,"href":"https:\/\/www.achimbrueckner.de\/dxradio\/php\/wordpress\/index.php?rest_route=%2Fwp%2Fv2%2Fcategories&post=43883"},{"taxonomy":"post_tag","embeddable":true,"href":"https:\/\/www.achimbrueckner.de\/dxradio\/php\/wordpress\/index.php?rest_route=%2Fwp%2Fv2%2Ftags&post=43883"}],"curies":[{"name":"wp","href":"https:\/\/api.w.org\/{rel}","templated":true}]}}