{"id":43911,"date":"2025-09-29T16:01:05","date_gmt":"2025-09-29T16:01:05","guid":{"rendered":"https:\/\/www.achimbrueckner.de\/dxradio\/php\/wordpress\/?p=43911"},"modified":"2025-09-29T16:01:05","modified_gmt":"2025-09-29T16:01:05","slug":"swr-setzt-einspar-und-reformprozess-des-senders-fort","status":"publish","type":"post","link":"https:\/\/www.achimbrueckner.de\/dxradio\/php\/wordpress\/?p=43911","title":{"rendered":"SWR setzt Einspar- und Reformprozess des Senders fort"},"content":{"rendered":"<p><a href=\"https:\/\/www.radioszene.de\/206627\/swr-reformprozess.html\" target=\"_blank\">https:\/\/www.radioszene.de\/206627\/swr-reformprozess.html<\/a><\/p>\n","protected":false},"excerpt":{"rendered":"<p>https:\/\/www.radioszene.de\/206627\/swr-reformprozess.html<\/p>\n","protected":false},"author":1,"featured_media":0,"comment_status":"closed","ping_status":"open","sticky":false,"template":"","format":"standard","meta":{"_jetpack_memberships_contains_paid_content":false,"footnotes":"","jetpack_publicize_message":"","jetpack_publicize_feature_enabled":true,"jetpack_social_post_already_shared":true,"jetpack_social_options":{"image_generator_settings":{"template":"highway","default_image_id":0,"font":"","enabled":false},"version":2}},"categories":[1],"tags":[],"class_list":["post-43911","post","type-post","status-publish","format-standard","hentry","category-deutsch"],"jetpack_publicize_connections":[],"jetpack_featured_media_url":"","jetpack_sharing_enabled":true,"jetpack_shortlink":"https:\/\/wp.me\/p5CDmr-bqf","jetpack-related-posts":[{"id":38278,"url":"https:\/\/www.achimbrueckner.de\/dxradio\/php\/wordpress\/?p=38278","url_meta":{"origin":43911,"position":0},"title":"SWR setzt DAB+-Sendernetzausbau fort","author":"Administrator","date":"December 20, 2022","format":false,"excerpt":"https:\/\/www.radioblog.eu\/2022\/12\/19\/swr-setzt-dab-sendernetzausbau-fort\/","rel":"","context":"In &quot;Deutsch&quot;","block_context":{"text":"Deutsch","link":"https:\/\/www.achimbrueckner.de\/dxradio\/php\/wordpress\/?cat=1"},"img":{"alt_text":"","src":"","width":0,"height":0},"classes":[]},{"id":42414,"url":"https:\/\/www.achimbrueckner.de\/dxradio\/php\/wordpress\/?p=42414","url_meta":{"origin":43911,"position":1},"title":"Orchester trifft Gaming: SWR setzt \u201aAnno\u2018-Podcast in Szene","author":"Administrator","date":"March 21, 2025","format":false,"excerpt":"https:\/\/www.radioszene.de\/201085\/orchester-trifft-gaming-swr-setzt-anno-podcast-in-szene.html","rel":"","context":"In &quot;Deutsch&quot;","block_context":{"text":"Deutsch","link":"https:\/\/www.achimbrueckner.de\/dxradio\/php\/wordpress\/?cat=1"},"img":{"alt_text":"","src":"","width":0,"height":0},"classes":[]},{"id":42464,"url":"https:\/\/www.achimbrueckner.de\/dxradio\/php\/wordpress\/?p=42464","url_meta":{"origin":43911,"position":2},"title":"Vier von f\u00fcnf Menschen im S\u00fcdwesten finden den SWR verl\u00e4sslich und glaubw\u00fcrdig","author":"Administrator","date":"March 29, 2025","format":false,"excerpt":"https:\/\/www.radioszene.de\/201447\/vier-von-fuenf-menschen-im-suedwesten-finden-den-swr-verlaesslich-und-glaubwuerdig.html","rel":"","context":"In &quot;Deutsch&quot;","block_context":{"text":"Deutsch","link":"https:\/\/www.achimbrueckner.de\/dxradio\/php\/wordpress\/?cat=1"},"img":{"alt_text":"","src":"","width":0,"height":0},"classes":[]},{"id":40186,"url":"https:\/\/www.achimbrueckner.de\/dxradio\/php\/wordpress\/?p=40186","url_meta":{"origin":43911,"position":3},"title":"SWR Medienzentrum Baden-Baden: TV, Radio und Online wachsen zusammen","author":"Administrator","date":"September 23, 2023","format":false,"excerpt":"https:\/\/www.radioszene.de\/179927\/swr-medienzentrum-baden-baden.html","rel":"","context":"In &quot;Deutsch&quot;","block_context":{"text":"Deutsch","link":"https:\/\/www.achimbrueckner.de\/dxradio\/php\/wordpress\/?cat=1"},"img":{"alt_text":"","src":"","width":0,"height":0},"classes":[]},{"id":38967,"url":"https:\/\/www.achimbrueckner.de\/dxradio\/php\/wordpress\/?p=38967","url_meta":{"origin":43911,"position":4},"title":"SWR will Kosten senken durch Abbau von Doppelstrukturen","author":"Administrator","date":"March 2, 2023","format":false,"excerpt":"https:\/\/www.radioszene.de\/171968\/swr-baut-doppelstrukturen-ab-und-wird-schlanker.html","rel":"","context":"In &quot;Deutsch&quot;","block_context":{"text":"Deutsch","link":"https:\/\/www.achimbrueckner.de\/dxradio\/php\/wordpress\/?cat=1"},"img":{"alt_text":"","src":"","width":0,"height":0},"classes":[]},{"id":45314,"url":"https:\/\/www.achimbrueckner.de\/dxradio\/php\/wordpress\/?p=45314","url_meta":{"origin":43911,"position":5},"title":"hr, SR und SWR starten gemeinsames Jugendradio bereits am 1. Juni","author":"Administrator","date":"March 24, 2026","format":false,"excerpt":"https:\/\/www.radioszene.de\/212400\/hr-sr-swr-jugendradio.html","rel":"","context":"In &quot;Deutsch&quot;","block_context":{"text":"Deutsch","link":"https:\/\/www.achimbrueckner.de\/dxradio\/php\/wordpress\/?cat=1"},"img":{"alt_text":"","src":"","width":0,"height":0},"classes":[]}],"_links":{"self":[{"href":"https:\/\/www.achimbrueckner.de\/dxradio\/php\/wordpress\/index.php?rest_route=\/wp\/v2\/posts\/43911","targetHints":{"allow":["GET"]}}],"collection":[{"href":"https:\/\/www.achimbrueckner.de\/dxradio\/php\/wordpress\/index.php?rest_route=\/wp\/v2\/posts"}],"about":[{"href":"https:\/\/www.achimbrueckner.de\/dxradio\/php\/wordpress\/index.php?rest_route=\/wp\/v2\/types\/post"}],"author":[{"embeddable":true,"href":"https:\/\/www.achimbrueckner.de\/dxradio\/php\/wordpress\/index.php?rest_route=\/wp\/v2\/users\/1"}],"replies":[{"embeddable":true,"href":"https:\/\/www.achimbrueckner.de\/dxradio\/php\/wordpress\/index.php?rest_route=%2Fwp%2Fv2%2Fcomments&post=43911"}],"version-history":[{"count":0,"href":"https:\/\/www.achimbrueckner.de\/dxradio\/php\/wordpress\/index.php?rest_route=\/wp\/v2\/posts\/43911\/revisions"}],"wp:attachment":[{"href":"https:\/\/www.achimbrueckner.de\/dxradio\/php\/wordpress\/index.php?rest_route=%2Fwp%2Fv2%2Fmedia&parent=43911"}],"wp:term":[{"taxonomy":"category","embeddable":true,"href":"https:\/\/www.achimbrueckner.de\/dxradio\/php\/wordpress\/index.php?rest_route=%2Fwp%2Fv2%2Fcategories&post=43911"},{"taxonomy":"post_tag","embeddable":true,"href":"https:\/\/www.achimbrueckner.de\/dxradio\/php\/wordpress\/index.php?rest_route=%2Fwp%2Fv2%2Ftags&post=43911"}],"curies":[{"name":"wp","href":"https:\/\/api.w.org\/{rel}","templated":true}]}}