{"id":43917,"date":"2025-09-30T15:19:44","date_gmt":"2025-09-30T15:19:44","guid":{"rendered":"https:\/\/www.achimbrueckner.de\/dxradio\/php\/wordpress\/?p=43917"},"modified":"2025-09-30T15:19:44","modified_gmt":"2025-09-30T15:19:44","slug":"planet-radio-erhalt-unbefristete-zulassung","status":"publish","type":"post","link":"https:\/\/www.achimbrueckner.de\/dxradio\/php\/wordpress\/?p=43917","title":{"rendered":"planet radio erh\u00e4lt unbefristete Zulassung"},"content":{"rendered":"<p><a href=\"https:\/\/www.radioszene.de\/206645\/planet-radio-erhaelt-unbefristete-zulassung.html\" target=\"_blank\">https:\/\/www.radioszene.de\/206645\/planet-radio-erhaelt-unbefristete-zulassung.html<\/a><\/p>\n","protected":false},"excerpt":{"rendered":"<p>https:\/\/www.radioszene.de\/206645\/planet-radio-erhaelt-unbefristete-zulassung.html<\/p>\n","protected":false},"author":1,"featured_media":0,"comment_status":"closed","ping_status":"open","sticky":false,"template":"","format":"standard","meta":{"_jetpack_memberships_contains_paid_content":false,"footnotes":"","jetpack_publicize_message":"","jetpack_publicize_feature_enabled":true,"jetpack_social_post_already_shared":true,"jetpack_social_options":{"image_generator_settings":{"template":"highway","default_image_id":0,"font":"","enabled":false},"version":2}},"categories":[1],"tags":[],"class_list":["post-43917","post","type-post","status-publish","format-standard","hentry","category-deutsch"],"jetpack_publicize_connections":[],"jetpack_featured_media_url":"","jetpack_sharing_enabled":true,"jetpack_shortlink":"https:\/\/wp.me\/p5CDmr-bql","jetpack-related-posts":[{"id":13065,"url":"https:\/\/www.achimbrueckner.de\/dxradio\/php\/wordpress\/?p=13065","url_meta":{"origin":43917,"position":0},"title":"START F\u00dcR NICHTKOMMERZIELLES LOKALRADIO : Freies Radio Flensburg erh\u00e4lt Zulassung","author":"Administrator","date":"May 3, 2017","format":false,"excerpt":"http:\/\/www.shz.de\/lokales\/flensburger-tageblatt\/freies-radio-flensburg-erhaelt-zulassung-id16723831.html","rel":"","context":"In &quot;Deutsch&quot;","block_context":{"text":"Deutsch","link":"https:\/\/www.achimbrueckner.de\/dxradio\/php\/wordpress\/?cat=1"},"img":{"alt_text":"","src":"","width":0,"height":0},"classes":[]},{"id":44233,"url":"https:\/\/www.achimbrueckner.de\/dxradio\/php\/wordpress\/?p=44233","url_meta":{"origin":43917,"position":1},"title":"BR erh\u00e4lt Zulassung f\u00fcr l\u00e4ngst aktivierte Sender in \u00d6sterreich (Update: Verl\u00e4ngerung)","author":"Administrator","date":"November 7, 2025","format":false,"excerpt":"https:\/\/www.radioblog.eu\/2025\/11\/07\/br-erhaelt-zulassung-fuer-laengst-aktivierte-sender-in-oesterreich\/","rel":"","context":"In &quot;Deutsch&quot;","block_context":{"text":"Deutsch","link":"https:\/\/www.achimbrueckner.de\/dxradio\/php\/wordpress\/?cat=1"},"img":{"alt_text":"","src":"","width":0,"height":0},"classes":[]},{"id":17901,"url":"https:\/\/www.achimbrueckner.de\/dxradio\/php\/wordpress\/?p=17901","url_meta":{"origin":43917,"position":2},"title":"Neue Digital-Studios bei HIT RADIO FFH, planet radio und harmony.fm","author":"Administrator","date":"May 24, 2018","format":false,"excerpt":"https:\/\/www.radioszene.de\/122399\/neue-studios-ffh-planet-radio-harmony.html","rel":"","context":"In &quot;Deutsch&quot;","block_context":{"text":"Deutsch","link":"https:\/\/www.achimbrueckner.de\/dxradio\/php\/wordpress\/?cat=1"},"img":{"alt_text":"","src":"","width":0,"height":0},"classes":[]},{"id":44789,"url":"https:\/\/www.achimbrueckner.de\/dxradio\/php\/wordpress\/?p=44789","url_meta":{"origin":43917,"position":3},"title":"\u201eDas neue planet radio\u201c mit Yella und Leander am Morgen","author":"Administrator","date":"January 12, 2026","format":false,"excerpt":"https:\/\/www.radioszene.de\/209310\/das-neue-planet-radio-2026.html","rel":"","context":"In &quot;Deutsch&quot;","block_context":{"text":"Deutsch","link":"https:\/\/www.achimbrueckner.de\/dxradio\/php\/wordpress\/?cat=1"},"img":{"alt_text":"","src":"","width":0,"height":0},"classes":[]},{"id":43178,"url":"https:\/\/www.achimbrueckner.de\/dxradio\/php\/wordpress\/?p=43178","url_meta":{"origin":43917,"position":4},"title":"Radio Corax erh\u00e4lt Sendelizenz bis 2035 \u2013 Freies Radio feiert 25 Jahre mit Sonderprogramm","author":"Administrator","date":"July 1, 2025","format":false,"excerpt":"https:\/\/www.radiowoche.de\/radio-corax-erhaelt-sendelizenz-bis-2035-freies-radio-feiert-25-jahre-mit-sonderprogramm\/","rel":"","context":"In &quot;Deutsch&quot;","block_context":{"text":"Deutsch","link":"https:\/\/www.achimbrueckner.de\/dxradio\/php\/wordpress\/?cat=1"},"img":{"alt_text":"","src":"","width":0,"height":0},"classes":[]},{"id":37832,"url":"https:\/\/www.achimbrueckner.de\/dxradio\/php\/wordpress\/?p=37832","url_meta":{"origin":43917,"position":5},"title":"Schlager Radio erh\u00e4lt neue UKW-Frequenzen in Th\u00fcringen","author":"Administrator","date":"November 2, 2022","format":false,"excerpt":"https:\/\/www.radiowoche.de\/schlager-radio-erhaelt-neue-ukw-frequenzen-in-thueringen\/","rel":"","context":"In &quot;Deutsch&quot;","block_context":{"text":"Deutsch","link":"https:\/\/www.achimbrueckner.de\/dxradio\/php\/wordpress\/?cat=1"},"img":{"alt_text":"","src":"","width":0,"height":0},"classes":[]}],"_links":{"self":[{"href":"https:\/\/www.achimbrueckner.de\/dxradio\/php\/wordpress\/index.php?rest_route=\/wp\/v2\/posts\/43917","targetHints":{"allow":["GET"]}}],"collection":[{"href":"https:\/\/www.achimbrueckner.de\/dxradio\/php\/wordpress\/index.php?rest_route=\/wp\/v2\/posts"}],"about":[{"href":"https:\/\/www.achimbrueckner.de\/dxradio\/php\/wordpress\/index.php?rest_route=\/wp\/v2\/types\/post"}],"author":[{"embeddable":true,"href":"https:\/\/www.achimbrueckner.de\/dxradio\/php\/wordpress\/index.php?rest_route=\/wp\/v2\/users\/1"}],"replies":[{"embeddable":true,"href":"https:\/\/www.achimbrueckner.de\/dxradio\/php\/wordpress\/index.php?rest_route=%2Fwp%2Fv2%2Fcomments&post=43917"}],"version-history":[{"count":0,"href":"https:\/\/www.achimbrueckner.de\/dxradio\/php\/wordpress\/index.php?rest_route=\/wp\/v2\/posts\/43917\/revisions"}],"wp:attachment":[{"href":"https:\/\/www.achimbrueckner.de\/dxradio\/php\/wordpress\/index.php?rest_route=%2Fwp%2Fv2%2Fmedia&parent=43917"}],"wp:term":[{"taxonomy":"category","embeddable":true,"href":"https:\/\/www.achimbrueckner.de\/dxradio\/php\/wordpress\/index.php?rest_route=%2Fwp%2Fv2%2Fcategories&post=43917"},{"taxonomy":"post_tag","embeddable":true,"href":"https:\/\/www.achimbrueckner.de\/dxradio\/php\/wordpress\/index.php?rest_route=%2Fwp%2Fv2%2Ftags&post=43917"}],"curies":[{"name":"wp","href":"https:\/\/api.w.org\/{rel}","templated":true}]}}