{"id":43939,"date":"2025-10-03T10:28:40","date_gmt":"2025-10-03T10:28:40","guid":{"rendered":"https:\/\/www.achimbrueckner.de\/dxradio\/php\/wordpress\/?p=43939"},"modified":"2025-10-03T10:28:40","modified_gmt":"2025-10-03T10:28:40","slug":"debatte-uber-den-offentlich-rechtlichen-rundfunk-wie-die-ard-sich-selbst-zerstort","status":"publish","type":"post","link":"https:\/\/www.achimbrueckner.de\/dxradio\/php\/wordpress\/?p=43939","title":{"rendered":"Debatte \u00fcber den \u00f6ffentlich-rechtlichen Rundfunk Wie die ARD sich selbst zerst\u00f6rt"},"content":{"rendered":"<p><a href=\"https:\/\/www.spiegel.de\/kultur\/tv\/julia-ruhs-wie-die-ard-sich-selbst-zerstoert-meinung-a-ce299c3e-9dca-42ac-9314-20d5fa3063e7\" target=\"_blank\">https:\/\/www.spiegel.de\/kultur\/tv\/julia-ruhs-wie-die-ard-sich-selbst-zerstoert-meinung-a-ce299c3e-9dca-42ac-9314-20d5fa3063e7<\/a><\/p>\n","protected":false},"excerpt":{"rendered":"<p>https:\/\/www.spiegel.de\/kultur\/tv\/julia-ruhs-wie-die-ard-sich-selbst-zerstoert-meinung-a-ce299c3e-9dca-42ac-9314-20d5fa3063e7<\/p>\n","protected":false},"author":1,"featured_media":0,"comment_status":"closed","ping_status":"open","sticky":false,"template":"","format":"standard","meta":{"_jetpack_memberships_contains_paid_content":false,"footnotes":"","jetpack_publicize_message":"","jetpack_publicize_feature_enabled":true,"jetpack_social_post_already_shared":true,"jetpack_social_options":{"image_generator_settings":{"template":"highway","default_image_id":0,"font":"","enabled":false},"version":2}},"categories":[1],"tags":[],"class_list":["post-43939","post","type-post","status-publish","format-standard","hentry","category-deutsch"],"jetpack_publicize_connections":[],"jetpack_featured_media_url":"","jetpack_sharing_enabled":true,"jetpack_shortlink":"https:\/\/wp.me\/p5CDmr-bqH","jetpack-related-posts":[{"id":33672,"url":"https:\/\/www.achimbrueckner.de\/dxradio\/php\/wordpress\/?p=33672","url_meta":{"origin":43939,"position":0},"title":"Katja Berg: Grenzenlose Unterhaltung: Radio Luxemburg","author":"Administrator","date":"September 29, 2021","format":false,"excerpt":"Buch-Tipp: Auf und Ab der Radiolegende Radio Luxemburg war der gro\u00dfe kommerzielle \u00fcberregionale Sender der 50er- bis 80er-Jahre. In Deutschland wurde er im Saarland und in Nordrhein-Westfalen wegen der N\u00e4he zum Nachbarland und dem damit einhergehenden guten Empfang besonders viel geh\u00f6rt und wird dort heute noch oft nostalgisch verkl\u00e4rt. Das\u2026","rel":"","context":"In &quot;Deutsch&quot;","block_context":{"text":"Deutsch","link":"https:\/\/www.achimbrueckner.de\/dxradio\/php\/wordpress\/?cat=1"},"img":{"alt_text":"","src":"","width":0,"height":0},"classes":[]},{"id":16639,"url":"https:\/\/www.achimbrueckner.de\/dxradio\/php\/wordpress\/?p=16639","url_meta":{"origin":43939,"position":1},"title":"Besoffen von sich selbst: Die ARD und ihre Audiothek","author":"Administrator","date":"February 25, 2018","format":false,"excerpt":"https:\/\/www.dwdl.de\/hoffzumsonntag\/65738\/besoffen_von_sich_selbst_die_ard_und_ihre_audiothek\/","rel":"","context":"In &quot;audio&quot;","block_context":{"text":"audio","link":"https:\/\/www.achimbrueckner.de\/dxradio\/php\/wordpress\/?cat=47"},"img":{"alt_text":"","src":"","width":0,"height":0},"classes":[]},{"id":21569,"url":"https:\/\/www.achimbrueckner.de\/dxradio\/php\/wordpress\/?p=21569","url_meta":{"origin":43939,"position":2},"title":"G\u00fcnther Jauch kritisiert ARD und ZDF: \u201cSie sind nicht so frei und unabh\u00e4ngig, wie man es sich vorstellen k\u00f6nnte\u201d","author":"Administrator","date":"February 13, 2019","format":false,"excerpt":"https:\/\/meedia.de\/2019\/02\/13\/guenther-jauch-kritisiert-ard-und-zdf-sie-sind-nicht-so-frei-und-unabhaengig-wie-man-es-sich-vorstellen-koennte\/","rel":"","context":"In &quot;Deutsch&quot;","block_context":{"text":"Deutsch","link":"https:\/\/www.achimbrueckner.de\/dxradio\/php\/wordpress\/?cat=1"},"img":{"alt_text":"","src":"","width":0,"height":0},"classes":[]},{"id":30253,"url":"https:\/\/www.achimbrueckner.de\/dxradio\/php\/wordpress\/?p=30253","url_meta":{"origin":43939,"position":3},"title":"Unmut in der Doku-Branche &#8220;Die ARD gibt selbst f\u00fcrs Wetter mehr aus als f\u00fcr Dokumentarfilme&#8221;","author":"Administrator","date":"September 29, 2020","format":false,"excerpt":"https:\/\/www.dwdl.de\/interviews\/79523\/die_ard_gibt_selbst_fuers_wetter_mehr_aus_als_fuer_dokumentarfilme\/","rel":"","context":"In &quot;Deutsch&quot;","block_context":{"text":"Deutsch","link":"https:\/\/www.achimbrueckner.de\/dxradio\/php\/wordpress\/?cat=1"},"img":{"alt_text":"","src":"","width":0,"height":0},"classes":[]},{"id":18696,"url":"https:\/\/www.achimbrueckner.de\/dxradio\/php\/wordpress\/?p=18696","url_meta":{"origin":43939,"position":4},"title":"Vorsitzender Ulrich Wilhelm Ja, die ARD muss sich \u00e4ndern","author":"Administrator","date":"August 5, 2018","format":false,"excerpt":"https:\/\/www.tagesspiegel.de\/medien\/vorsitzender-ulrich-wilhelm-ja-die-ard-muss-sich-aendern\/22880830.html","rel":"","context":"In &quot;Deutsch&quot;","block_context":{"text":"Deutsch","link":"https:\/\/www.achimbrueckner.de\/dxradio\/php\/wordpress\/?cat=1"},"img":{"alt_text":"","src":"","width":0,"height":0},"classes":[]},{"id":33813,"url":"https:\/\/www.achimbrueckner.de\/dxradio\/php\/wordpress\/?p=33813","url_meta":{"origin":43939,"position":5},"title":"Programmreform: Wie die ARD mehr j\u00fcngere Leute erreichen will","author":"Administrator","date":"October 18, 2021","format":false,"excerpt":"https:\/\/www.heise.de\/news\/Programmreform-Wie-die-ARD-mehr-juengere-Leute-erreichen-will-6220104.html","rel":"","context":"In &quot;Deutsch&quot;","block_context":{"text":"Deutsch","link":"https:\/\/www.achimbrueckner.de\/dxradio\/php\/wordpress\/?cat=1"},"img":{"alt_text":"","src":"","width":0,"height":0},"classes":[]}],"_links":{"self":[{"href":"https:\/\/www.achimbrueckner.de\/dxradio\/php\/wordpress\/index.php?rest_route=\/wp\/v2\/posts\/43939","targetHints":{"allow":["GET"]}}],"collection":[{"href":"https:\/\/www.achimbrueckner.de\/dxradio\/php\/wordpress\/index.php?rest_route=\/wp\/v2\/posts"}],"about":[{"href":"https:\/\/www.achimbrueckner.de\/dxradio\/php\/wordpress\/index.php?rest_route=\/wp\/v2\/types\/post"}],"author":[{"embeddable":true,"href":"https:\/\/www.achimbrueckner.de\/dxradio\/php\/wordpress\/index.php?rest_route=\/wp\/v2\/users\/1"}],"replies":[{"embeddable":true,"href":"https:\/\/www.achimbrueckner.de\/dxradio\/php\/wordpress\/index.php?rest_route=%2Fwp%2Fv2%2Fcomments&post=43939"}],"version-history":[{"count":0,"href":"https:\/\/www.achimbrueckner.de\/dxradio\/php\/wordpress\/index.php?rest_route=\/wp\/v2\/posts\/43939\/revisions"}],"wp:attachment":[{"href":"https:\/\/www.achimbrueckner.de\/dxradio\/php\/wordpress\/index.php?rest_route=%2Fwp%2Fv2%2Fmedia&parent=43939"}],"wp:term":[{"taxonomy":"category","embeddable":true,"href":"https:\/\/www.achimbrueckner.de\/dxradio\/php\/wordpress\/index.php?rest_route=%2Fwp%2Fv2%2Fcategories&post=43939"},{"taxonomy":"post_tag","embeddable":true,"href":"https:\/\/www.achimbrueckner.de\/dxradio\/php\/wordpress\/index.php?rest_route=%2Fwp%2Fv2%2Ftags&post=43939"}],"curies":[{"name":"wp","href":"https:\/\/api.w.org\/{rel}","templated":true}]}}