{"id":43951,"date":"2025-10-06T15:37:38","date_gmt":"2025-10-06T15:37:38","guid":{"rendered":"https:\/\/www.achimbrueckner.de\/dxradio\/php\/wordpress\/?p=43951"},"modified":"2025-10-06T15:37:38","modified_gmt":"2025-10-06T15:37:38","slug":"ki-konnte-danische-musikbranche-bis-2030-uber-900-mio-euro-kosten","status":"publish","type":"post","link":"https:\/\/www.achimbrueckner.de\/dxradio\/php\/wordpress\/?p=43951","title":{"rendered":"KI k\u00f6nnte d\u00e4nische Musikbranche bis 2030 \u00fcber 900 Mio. Euro kosten"},"content":{"rendered":"<p><a href=\"https:\/\/www.radioszene.de\/206766\/daenische-musikbranche-ki.html\" target=\"_blank\">https:\/\/www.radioszene.de\/206766\/daenische-musikbranche-ki.html<\/a><\/p>\n","protected":false},"excerpt":{"rendered":"<p>https:\/\/www.radioszene.de\/206766\/daenische-musikbranche-ki.html<\/p>\n","protected":false},"author":1,"featured_media":0,"comment_status":"closed","ping_status":"open","sticky":false,"template":"","format":"standard","meta":{"_jetpack_memberships_contains_paid_content":false,"footnotes":"","jetpack_publicize_message":"","jetpack_publicize_feature_enabled":true,"jetpack_social_post_already_shared":true,"jetpack_social_options":{"image_generator_settings":{"template":"highway","default_image_id":0,"font":"","enabled":false},"version":2}},"categories":[1],"tags":[],"class_list":["post-43951","post","type-post","status-publish","format-standard","hentry","category-deutsch"],"jetpack_publicize_connections":[],"jetpack_featured_media_url":"","jetpack_sharing_enabled":true,"jetpack_shortlink":"https:\/\/wp.me\/p5CDmr-bqT","jetpack-related-posts":[{"id":40907,"url":"https:\/\/www.achimbrueckner.de\/dxradio\/php\/wordpress\/?p=40907","url_meta":{"origin":43951,"position":0},"title":"Goldmedia-Studie zu Auswirkungen von KI auf die Musikbranche","author":"Administrator","date":"February 7, 2024","format":false,"excerpt":"https:\/\/www.radioszene.de\/183438\/goldmedia-studie-ki-musik.html","rel":"","context":"In &quot;Deutsch&quot;","block_context":{"text":"Deutsch","link":"https:\/\/www.achimbrueckner.de\/dxradio\/php\/wordpress\/?cat=1"},"img":{"alt_text":"","src":"","width":0,"height":0},"classes":[]},{"id":42712,"url":"https:\/\/www.achimbrueckner.de\/dxradio\/php\/wordpress\/?p=42712","url_meta":{"origin":43951,"position":1},"title":"Benny Schnier: \u201eGr\u00f6\u00dfte Herausforderung f\u00fcr die Radio- und Musikbranche ist der Umgang mit KI\u201c","author":"Administrator","date":"April 30, 2025","format":false,"excerpt":"https:\/\/www.radioszene.de\/202272\/benny-schnier-interview-2025.html","rel":"","context":"In &quot;Deutsch&quot;","block_context":{"text":"Deutsch","link":"https:\/\/www.achimbrueckner.de\/dxradio\/php\/wordpress\/?cat=1"},"img":{"alt_text":"","src":"","width":0,"height":0},"classes":[]},{"id":28154,"url":"https:\/\/www.achimbrueckner.de\/dxradio\/php\/wordpress\/?p=28154","url_meta":{"origin":43951,"position":2},"title":"Retten Streamingprojekte die Musikbranche?","author":"Administrator","date":"April 16, 2020","format":false,"excerpt":"https:\/\/oe1.orf.at\/artikel\/670612\/Retten-Streamingprojekte-die-Musikbranche","rel":"","context":"In &quot;Deutsch&quot;","block_context":{"text":"Deutsch","link":"https:\/\/www.achimbrueckner.de\/dxradio\/php\/wordpress\/?cat=1"},"img":{"alt_text":"","src":"","width":0,"height":0},"classes":[]},{"id":36740,"url":"https:\/\/www.achimbrueckner.de\/dxradio\/php\/wordpress\/?p=36740","url_meta":{"origin":43951,"position":3},"title":"Digitale Musikbranche Trotz Klicks kaum Geld f\u00fcr Musiker","author":"Administrator","date":"June 28, 2022","format":false,"excerpt":"https:\/\/www.tagesschau.de\/wirtschaft\/unternehmen\/digitalisierung-musikbranche-101.html","rel":"","context":"In &quot;Deutsch&quot;","block_context":{"text":"Deutsch","link":"https:\/\/www.achimbrueckner.de\/dxradio\/php\/wordpress\/?cat=1"},"img":{"alt_text":"","src":"","width":0,"height":0},"classes":[]},{"id":28533,"url":"https:\/\/www.achimbrueckner.de\/dxradio\/php\/wordpress\/?p=28533","url_meta":{"origin":43951,"position":4},"title":"Musikbranche: Streaming ist jetzt Haupteinnahmequelle","author":"Administrator","date":"May 6, 2020","format":false,"excerpt":"https:\/\/www.heise.de\/newsticker\/meldung\/Musikbranche-Streaming-ist-jetzt-Haupteinnahmequelle-4714942.html","rel":"","context":"In &quot;Deutsch&quot;","block_context":{"text":"Deutsch","link":"https:\/\/www.achimbrueckner.de\/dxradio\/php\/wordpress\/?cat=1"},"img":{"alt_text":"","src":"","width":0,"height":0},"classes":[]},{"id":28499,"url":"https:\/\/www.achimbrueckner.de\/dxradio\/php\/wordpress\/?p=28499","url_meta":{"origin":43951,"position":5},"title":"Plattenl\u00e4den, Tonstudios, Filmmusik Not und Chancen in Hamburgs Musikbranche","author":"Administrator","date":"May 5, 2020","format":false,"excerpt":"https:\/\/www.mopo.de\/hamburg\/plattenlaeden--tonstudios--filmmusik-not-und-chancen-in-hamburgs-musikbranche-36624666","rel":"","context":"In &quot;Deutsch&quot;","block_context":{"text":"Deutsch","link":"https:\/\/www.achimbrueckner.de\/dxradio\/php\/wordpress\/?cat=1"},"img":{"alt_text":"","src":"","width":0,"height":0},"classes":[]}],"_links":{"self":[{"href":"https:\/\/www.achimbrueckner.de\/dxradio\/php\/wordpress\/index.php?rest_route=\/wp\/v2\/posts\/43951","targetHints":{"allow":["GET"]}}],"collection":[{"href":"https:\/\/www.achimbrueckner.de\/dxradio\/php\/wordpress\/index.php?rest_route=\/wp\/v2\/posts"}],"about":[{"href":"https:\/\/www.achimbrueckner.de\/dxradio\/php\/wordpress\/index.php?rest_route=\/wp\/v2\/types\/post"}],"author":[{"embeddable":true,"href":"https:\/\/www.achimbrueckner.de\/dxradio\/php\/wordpress\/index.php?rest_route=\/wp\/v2\/users\/1"}],"replies":[{"embeddable":true,"href":"https:\/\/www.achimbrueckner.de\/dxradio\/php\/wordpress\/index.php?rest_route=%2Fwp%2Fv2%2Fcomments&post=43951"}],"version-history":[{"count":0,"href":"https:\/\/www.achimbrueckner.de\/dxradio\/php\/wordpress\/index.php?rest_route=\/wp\/v2\/posts\/43951\/revisions"}],"wp:attachment":[{"href":"https:\/\/www.achimbrueckner.de\/dxradio\/php\/wordpress\/index.php?rest_route=%2Fwp%2Fv2%2Fmedia&parent=43951"}],"wp:term":[{"taxonomy":"category","embeddable":true,"href":"https:\/\/www.achimbrueckner.de\/dxradio\/php\/wordpress\/index.php?rest_route=%2Fwp%2Fv2%2Fcategories&post=43951"},{"taxonomy":"post_tag","embeddable":true,"href":"https:\/\/www.achimbrueckner.de\/dxradio\/php\/wordpress\/index.php?rest_route=%2Fwp%2Fv2%2Ftags&post=43951"}],"curies":[{"name":"wp","href":"https:\/\/api.w.org\/{rel}","templated":true}]}}