{"id":44078,"date":"2025-10-21T18:24:31","date_gmt":"2025-10-21T18:24:31","guid":{"rendered":"https:\/\/www.achimbrueckner.de\/dxradio\/php\/wordpress\/?p=44078"},"modified":"2025-10-21T18:24:31","modified_gmt":"2025-10-21T18:24:31","slug":"dokumentation-osterreichische-rundfunkgeschichte","status":"publish","type":"post","link":"https:\/\/www.achimbrueckner.de\/dxradio\/php\/wordpress\/?p=44078","title":{"rendered":"Dokumentation: \u00d6sterreichische Rundfunkgeschichte"},"content":{"rendered":"<p>Hallo zusammen,<br \/>\nheute Abend ab 22:30 Uhr MESZ auf 3sat und auch in der Mediathek verf\u00fcgbar:<br \/>\n&#8220;In Bild und Ton &#8211; \u00d6sterreichische Rundfunkgeschichte&#8221;,<br \/>\nzwei Teile, ORF 2023.<\/p>\n<p><a href=\"https:\/\/www.3sat.de\/dokumentation\/geschichte\/in-bild-und-ton-oesterreichische-rundfunkgeschichte-1-100.html\" target=\"_blank\">https:\/\/www.3sat.de\/dokumentation\/geschichte\/in-bild-und-ton-oesterreichische-rundfunkgeschichte-1-100.html<\/a><\/p>\n<p>Info via <a href=\"https:\/\/www.ratzer.at\" target=\"_blank\">A-DX<\/a><\/p>\n","protected":false},"excerpt":{"rendered":"<p>Hallo zusammen, heute Abend ab 22:30 Uhr MESZ auf 3sat und auch in der Mediathek verf\u00fcgbar: &#8220;In Bild und Ton &#8211; \u00d6sterreichische Rundfunkgeschichte&#8221;, zwei Teile, ORF 2023. https:\/\/www.3sat.de\/dokumentation\/geschichte\/in-bild-und-ton-oesterreichische-rundfunkgeschichte-1-100.html Info via A-DX<\/p>\n","protected":false},"author":1,"featured_media":0,"comment_status":"closed","ping_status":"open","sticky":false,"template":"","format":"standard","meta":{"_jetpack_memberships_contains_paid_content":false,"footnotes":"","jetpack_publicize_message":"","jetpack_publicize_feature_enabled":true,"jetpack_social_post_already_shared":true,"jetpack_social_options":{"image_generator_settings":{"template":"highway","default_image_id":0,"font":"","enabled":false},"version":2}},"categories":[1],"tags":[],"class_list":["post-44078","post","type-post","status-publish","format-standard","hentry","category-deutsch"],"jetpack_publicize_connections":[],"jetpack_featured_media_url":"","jetpack_sharing_enabled":true,"jetpack_shortlink":"https:\/\/wp.me\/p5CDmr-bsW","jetpack-related-posts":[{"id":39117,"url":"https:\/\/www.achimbrueckner.de\/dxradio\/php\/wordpress\/?p=39117","url_meta":{"origin":44078,"position":0},"title":"In Bild und Ton &#8211; \u00d6sterreichische Rundfunkgeschichte","author":"Administrator","date":"March 25, 2023","format":false,"excerpt":"https:\/\/tvheute.at\/orf_iii-programm\/sendung\/in-bild-und-ton-oesterreichische-rundfunkgeschichte-doku_1476550586","rel":"","context":"In &quot;Deutsch&quot;","block_context":{"text":"Deutsch","link":"https:\/\/www.achimbrueckner.de\/dxradio\/php\/wordpress\/?cat=1"},"img":{"alt_text":"","src":"","width":0,"height":0},"classes":[]},{"id":929,"url":"https:\/\/www.achimbrueckner.de\/dxradio\/php\/wordpress\/?p=929","url_meta":{"origin":44078,"position":1},"title":"Menschen im Gespr\u00e4ch &#8211; Wolf Harranth","author":"Administrator","date":"March 2, 2010","format":false,"excerpt":"in der o.g. Sendereihe beim ORF-Radio-Wien war am 13.2.2010: Zu Gast ist der Rundfunkhistoriker Wolf Harranth. Er arbeitet f\u00fcr das Dokumentationsarchiv Funk, das die \u00f6sterreichische Rundfunkgeschichte aufarbeitet und dokumentiert. Bernd Matschedolnig spricht mit ihm \u00fcber die Faszination des Radios, die Entwicklung des Rundfunks in \u00d6sterreich und \u00fcber ein stadtpr\u00e4gendes St\u00fcck\u2026","rel":"","context":"In &quot;Deutsch&quot;","block_context":{"text":"Deutsch","link":"https:\/\/www.achimbrueckner.de\/dxradio\/php\/wordpress\/?cat=1"},"img":{"alt_text":"","src":"","width":0,"height":0},"classes":[]},{"id":38035,"url":"https:\/\/www.achimbrueckner.de\/dxradio\/php\/wordpress\/?p=38035","url_meta":{"origin":44078,"position":2},"title":"\u00d6sterreich-Bild aus dem Landesstudio Tirol Wer gibt den Ton an? Die Tiroler Rundfunkgeschichte","author":"Administrator","date":"November 27, 2022","format":false,"excerpt":"https:\/\/tv.orf.at\/program\/orf2\/oesterreic3028.html","rel":"","context":"In &quot;Deutsch&quot;","block_context":{"text":"Deutsch","link":"https:\/\/www.achimbrueckner.de\/dxradio\/php\/wordpress\/?cat=1"},"img":{"alt_text":"","src":"","width":0,"height":0},"classes":[]},{"id":2031,"url":"https:\/\/www.achimbrueckner.de\/dxradio\/php\/wordpress\/?p=2031","url_meta":{"origin":44078,"position":3},"title":"TV-Tip: BR Alpha Rundfunkgeschichten","author":"Administrator","date":"December 10, 2011","format":false,"excerpt":"Dienstag, 27. Dezember 12:00 Rundfunkgeschichte(n) Radiozeiten Folge 1 von 4 Doku-Reihe 1999 (bis 13:00) BR-alpha Mittwoch, 28. Dezember 12:00 Rundfunkgeschichte(n) Gleichschaltung Folge 2 von 4 Doku-Reihe 1999 (bis 13:00) BR-alpha Donnerstag, 29. Dezember 12:00 Rundfunkgeschichte(n) Radio Munich Folge 3 von 4 Doku-Reihe 1999 (bis 13:00) BR-alpha Freitag, 30. Dezember 12:00\u2026","rel":"","context":"In &quot;Deutsch&quot;","block_context":{"text":"Deutsch","link":"https:\/\/www.achimbrueckner.de\/dxradio\/php\/wordpress\/?cat=1"},"img":{"alt_text":"","src":"","width":0,"height":0},"classes":[]},{"id":39697,"url":"https:\/\/www.achimbrueckner.de\/dxradio\/php\/wordpress\/?p=39697","url_meta":{"origin":44078,"position":4},"title":"SALZBURGER NACHTSTUDIO  Rundfunkgeschichte: 1974-1994","author":"Administrator","date":"June 21, 2023","format":false,"excerpt":"https:\/\/oe1.orf.at\/programm\/20230621\/722961\/Rundfunkgeschichte-1974-1994","rel":"","context":"In &quot;Deutsch&quot;","block_context":{"text":"Deutsch","link":"https:\/\/www.achimbrueckner.de\/dxradio\/php\/wordpress\/?cat=1"},"img":{"alt_text":"","src":"","width":0,"height":0},"classes":[]},{"id":3370,"url":"https:\/\/www.achimbrueckner.de\/dxradio\/php\/wordpress\/?p=3370","url_meta":{"origin":44078,"position":5},"title":"Deutsche Rundfunkgeschichte findet eine Heimat","author":"Administrator","date":"July 29, 2014","format":false,"excerpt":"http:\/\/www.presseportal.de\/pm\/7169\/2795199\/deutsche-rundfunkgeschichte-findet-eine-heimat","rel":"","context":"In &quot;Deutsch&quot;","block_context":{"text":"Deutsch","link":"https:\/\/www.achimbrueckner.de\/dxradio\/php\/wordpress\/?cat=1"},"img":{"alt_text":"","src":"","width":0,"height":0},"classes":[]}],"_links":{"self":[{"href":"https:\/\/www.achimbrueckner.de\/dxradio\/php\/wordpress\/index.php?rest_route=\/wp\/v2\/posts\/44078","targetHints":{"allow":["GET"]}}],"collection":[{"href":"https:\/\/www.achimbrueckner.de\/dxradio\/php\/wordpress\/index.php?rest_route=\/wp\/v2\/posts"}],"about":[{"href":"https:\/\/www.achimbrueckner.de\/dxradio\/php\/wordpress\/index.php?rest_route=\/wp\/v2\/types\/post"}],"author":[{"embeddable":true,"href":"https:\/\/www.achimbrueckner.de\/dxradio\/php\/wordpress\/index.php?rest_route=\/wp\/v2\/users\/1"}],"replies":[{"embeddable":true,"href":"https:\/\/www.achimbrueckner.de\/dxradio\/php\/wordpress\/index.php?rest_route=%2Fwp%2Fv2%2Fcomments&post=44078"}],"version-history":[{"count":0,"href":"https:\/\/www.achimbrueckner.de\/dxradio\/php\/wordpress\/index.php?rest_route=\/wp\/v2\/posts\/44078\/revisions"}],"wp:attachment":[{"href":"https:\/\/www.achimbrueckner.de\/dxradio\/php\/wordpress\/index.php?rest_route=%2Fwp%2Fv2%2Fmedia&parent=44078"}],"wp:term":[{"taxonomy":"category","embeddable":true,"href":"https:\/\/www.achimbrueckner.de\/dxradio\/php\/wordpress\/index.php?rest_route=%2Fwp%2Fv2%2Fcategories&post=44078"},{"taxonomy":"post_tag","embeddable":true,"href":"https:\/\/www.achimbrueckner.de\/dxradio\/php\/wordpress\/index.php?rest_route=%2Fwp%2Fv2%2Ftags&post=44078"}],"curies":[{"name":"wp","href":"https:\/\/api.w.org\/{rel}","templated":true}]}}