{"id":4411,"date":"2015-04-18T14:29:55","date_gmt":"2015-04-18T14:29:55","guid":{"rendered":"https:\/\/www.achimbrueckner.de\/dxradio\/php\/wordpress\/?p=4411"},"modified":"2015-04-18T14:29:55","modified_gmt":"2015-04-18T14:29:55","slug":"radiotag-auf-dem-funkerberg-19-april-2015","status":"publish","type":"post","link":"https:\/\/www.achimbrueckner.de\/dxradio\/php\/wordpress\/?p=4411","title":{"rendered":"Radiotag auf dem Funkerberg 19. April 2015"},"content":{"rendered":"<p><a href=\"http:\/\/funkerberg.de\/radiotag\/\" target=\"_blank\">http:\/\/funkerberg.de\/radiotag\/<\/a><\/p>\n","protected":false},"excerpt":{"rendered":"<p>http:\/\/funkerberg.de\/radiotag\/<\/p>\n","protected":false},"author":1,"featured_media":0,"comment_status":"open","ping_status":"open","sticky":false,"template":"","format":"standard","meta":{"_jetpack_memberships_contains_paid_content":false,"footnotes":"","jetpack_publicize_message":"","jetpack_publicize_feature_enabled":true,"jetpack_social_post_already_shared":true,"jetpack_social_options":{"image_generator_settings":{"template":"highway","default_image_id":0,"font":"","enabled":false},"version":2}},"categories":[5,1],"tags":[],"class_list":["post-4411","post","type-post","status-publish","format-standard","hentry","category-camps","category-deutsch"],"jetpack_publicize_connections":[],"jetpack_featured_media_url":"","jetpack_sharing_enabled":true,"jetpack_shortlink":"https:\/\/wp.me\/p5CDmr-199","jetpack-related-posts":[{"id":5581,"url":"https:\/\/www.achimbrueckner.de\/dxradio\/php\/wordpress\/?p=5581","url_meta":{"origin":4411,"position":0},"title":"Radiotag auf dem Funkerberg 16. August  2015","author":"Administrator","date":"August 15, 2015","format":false,"excerpt":"http:\/\/funkerberg.de\/radiotag\/index.htm","rel":"","context":"In &quot;camps&quot;","block_context":{"text":"camps","link":"https:\/\/www.achimbrueckner.de\/dxradio\/php\/wordpress\/?cat=5"},"img":{"alt_text":"","src":"","width":0,"height":0},"classes":[]},{"id":4194,"url":"https:\/\/www.achimbrueckner.de\/dxradio\/php\/wordpress\/?p=4194","url_meta":{"origin":4411,"position":1},"title":"Radiotag auf dem Funkerberg 15. M\u00e4rz 2015","author":"Administrator","date":"March 10, 2015","format":false,"excerpt":"http:\/\/www.funkerberg.de\/web-archiv\/2015\/20150315_Radiotag\/index.htm","rel":"","context":"In &quot;Deutsch&quot;","block_context":{"text":"Deutsch","link":"https:\/\/www.achimbrueckner.de\/dxradio\/php\/wordpress\/?cat=1"},"img":{"alt_text":"","src":"","width":0,"height":0},"classes":[]},{"id":41800,"url":"https:\/\/www.achimbrueckner.de\/dxradio\/php\/wordpress\/?p=41800","url_meta":{"origin":4411,"position":2},"title":"Der 22. Erkrather Radiotag Samstag, 5. Oktober 2024","author":"Administrator","date":"October 15, 2024","format":false,"excerpt":"https:\/\/offshoreradio.info\/erkrath\/ https:\/\/www.flickr.com\/photos\/offshoreradio\/albums\/72177720320948788","rel":"","context":"In &quot;camps&quot;","block_context":{"text":"camps","link":"https:\/\/www.achimbrueckner.de\/dxradio\/php\/wordpress\/?cat=5"},"img":{"alt_text":"","src":"","width":0,"height":0},"classes":[]},{"id":7526,"url":"https:\/\/www.achimbrueckner.de\/dxradio\/php\/wordpress\/?p=7526","url_meta":{"origin":4411,"position":3},"title":"Nostalgie am Weltradiotag Wertinger sendet auf alter BR-Frequenz","author":"Administrator","date":"February 13, 2016","format":false,"excerpt":"http:\/\/www.br.de\/nachrichten\/schwaben\/inhalt\/radiomuseum-wertingen-ortssender-radiotag-100.html","rel":"","context":"In &quot;Deutsch&quot;","block_context":{"text":"Deutsch","link":"https:\/\/www.achimbrueckner.de\/dxradio\/php\/wordpress\/?cat=1"},"img":{"alt_text":"","src":"","width":0,"height":0},"classes":[]},{"id":1792,"url":"https:\/\/www.achimbrueckner.de\/dxradio\/php\/wordpress\/?p=1792","url_meta":{"origin":4411,"position":4},"title":"FMK-Radiotag 14.04.2012 N\u00fcrnberg","author":"Administrator","date":"September 14, 2011","format":false,"excerpt":"Liebe Radiofreunde, am Samstag, den 14.04.2012 findet der n\u00e4chste FMK-Radiotag statt ! Dank der Unterst\u00fctzung von J\u00f6rn Krieger wurde erneut ein ganz besonders interessanter Ablauf zusammengestellt - diesesmal treffen wir uns in der Region F\u00fcrth\/N\u00fcrnberg : 11:00 Uhr : Besichtigung des Rundfunkmuseums F\u00fcrth http:\/\/www.rundfunkmuseum.fuerth.de\/german\/index.htm - mit einem SPEZIELL f\u00fcr FMK\u2026","rel":"","context":"In &quot;camps&quot;","block_context":{"text":"camps","link":"https:\/\/www.achimbrueckner.de\/dxradio\/php\/wordpress\/?cat=5"},"img":{"alt_text":"","src":"","width":0,"height":0},"classes":[]},{"id":2296,"url":"https:\/\/www.achimbrueckner.de\/dxradio\/php\/wordpress\/?p=2296","url_meta":{"origin":4411,"position":5},"title":"FMK-Radiotag am 13.10.2012 bei Radio TON Heilbronn","author":"Administrator","date":"September 13, 2012","format":false,"excerpt":"Liebe Hobbyfreunde, Radio TON feiert in diesem Jahr seinen 25. Geburtstag. Und dank Timo Schmidt (Studiotechnik) erhalten wir eine exklusive F\u00fchrung f\u00fcr FMK und die Radioforums-Leser. Am Samstag, den 13.10.2012 \u00f6ffnet Timo f\u00fcr uns die Studiot\u00fcren. Folgender Ablauf ist geplant: -12 h DXen (auf dem Wartberg = Hausberg v. Heilbronn)\u2026","rel":"","context":"In &quot;camps&quot;","block_context":{"text":"camps","link":"https:\/\/www.achimbrueckner.de\/dxradio\/php\/wordpress\/?cat=5"},"img":{"alt_text":"","src":"","width":0,"height":0},"classes":[]}],"_links":{"self":[{"href":"https:\/\/www.achimbrueckner.de\/dxradio\/php\/wordpress\/index.php?rest_route=\/wp\/v2\/posts\/4411","targetHints":{"allow":["GET"]}}],"collection":[{"href":"https:\/\/www.achimbrueckner.de\/dxradio\/php\/wordpress\/index.php?rest_route=\/wp\/v2\/posts"}],"about":[{"href":"https:\/\/www.achimbrueckner.de\/dxradio\/php\/wordpress\/index.php?rest_route=\/wp\/v2\/types\/post"}],"author":[{"embeddable":true,"href":"https:\/\/www.achimbrueckner.de\/dxradio\/php\/wordpress\/index.php?rest_route=\/wp\/v2\/users\/1"}],"replies":[{"embeddable":true,"href":"https:\/\/www.achimbrueckner.de\/dxradio\/php\/wordpress\/index.php?rest_route=%2Fwp%2Fv2%2Fcomments&post=4411"}],"version-history":[{"count":0,"href":"https:\/\/www.achimbrueckner.de\/dxradio\/php\/wordpress\/index.php?rest_route=\/wp\/v2\/posts\/4411\/revisions"}],"wp:attachment":[{"href":"https:\/\/www.achimbrueckner.de\/dxradio\/php\/wordpress\/index.php?rest_route=%2Fwp%2Fv2%2Fmedia&parent=4411"}],"wp:term":[{"taxonomy":"category","embeddable":true,"href":"https:\/\/www.achimbrueckner.de\/dxradio\/php\/wordpress\/index.php?rest_route=%2Fwp%2Fv2%2Fcategories&post=4411"},{"taxonomy":"post_tag","embeddable":true,"href":"https:\/\/www.achimbrueckner.de\/dxradio\/php\/wordpress\/index.php?rest_route=%2Fwp%2Fv2%2Ftags&post=4411"}],"curies":[{"name":"wp","href":"https:\/\/api.w.org\/{rel}","templated":true}]}}