{"id":44178,"date":"2025-11-01T22:32:55","date_gmt":"2025-11-01T22:32:55","guid":{"rendered":"https:\/\/www.achimbrueckner.de\/dxradio\/php\/wordpress\/?p=44178"},"modified":"2025-11-01T22:32:55","modified_gmt":"2025-11-01T22:32:55","slug":"bernd-rasser-ab-1-november-neuer-mainwelle-geschaftsfuhrer","status":"publish","type":"post","link":"https:\/\/www.achimbrueckner.de\/dxradio\/php\/wordpress\/?p=44178","title":{"rendered":"Bernd Rasser ab 1. November neuer Mainwelle-Gesch\u00e4ftsf\u00fchrer"},"content":{"rendered":"<p><a href=\"https:\/\/www.radioszene.de\/207455\/bernd-rasser-mainwelle.html\" target=\"_blank\">https:\/\/www.radioszene.de\/207455\/bernd-rasser-mainwelle.html<\/a><\/p>\n","protected":false},"excerpt":{"rendered":"<p>https:\/\/www.radioszene.de\/207455\/bernd-rasser-mainwelle.html<\/p>\n","protected":false},"author":1,"featured_media":0,"comment_status":"closed","ping_status":"open","sticky":false,"template":"","format":"standard","meta":{"_jetpack_memberships_contains_paid_content":false,"footnotes":"","jetpack_publicize_message":"","jetpack_publicize_feature_enabled":true,"jetpack_social_post_already_shared":true,"jetpack_social_options":{"image_generator_settings":{"template":"highway","default_image_id":0,"font":"","enabled":false},"version":2}},"categories":[1],"tags":[],"class_list":["post-44178","post","type-post","status-publish","format-standard","hentry","category-deutsch"],"jetpack_publicize_connections":[],"jetpack_featured_media_url":"","jetpack_sharing_enabled":true,"jetpack_shortlink":"https:\/\/wp.me\/p5CDmr-buy","jetpack-related-posts":[{"id":45134,"url":"https:\/\/www.achimbrueckner.de\/dxradio\/php\/wordpress\/?p=45134","url_meta":{"origin":44178,"position":0},"title":"Bernd Knopp startet morgen Promi-Musikshow bei Domradio","author":"Administrator","date":"February 27, 2026","format":false,"excerpt":"https:\/\/www.radioszene.de\/211805\/bernd-knopp-domradio.html","rel":"","context":"In &quot;Deutsch&quot;","block_context":{"text":"Deutsch","link":"https:\/\/www.achimbrueckner.de\/dxradio\/php\/wordpress\/?cat=1"},"img":{"alt_text":"","src":"","width":0,"height":0},"classes":[]},{"id":37349,"url":"https:\/\/www.achimbrueckner.de\/dxradio\/php\/wordpress\/?p=37349","url_meta":{"origin":44178,"position":1},"title":"Radiolegende Bernd Mohrhoff: \u201ePop Shop war Radio ohne R\u00fccksicht auf Konvention und Quote\u201c","author":"Administrator","date":"August 26, 2022","format":false,"excerpt":"https:\/\/www.radioszene.de\/125540\/bernd-mohrhoff-pop-shop.html","rel":"","context":"In &quot;Deutsch&quot;","block_context":{"text":"Deutsch","link":"https:\/\/www.achimbrueckner.de\/dxradio\/php\/wordpress\/?cat=1"},"img":{"alt_text":"","src":"","width":0,"height":0},"classes":[]},{"id":19029,"url":"https:\/\/www.achimbrueckner.de\/dxradio\/php\/wordpress\/?p=19029","url_meta":{"origin":44178,"position":2},"title":"Radiolegende Bernd Mohrhoff: \u201ePop Shop war Radio ohne R\u00fccksicht auf Konvention und Quote\u201c","author":"Administrator","date":"September 4, 2018","format":false,"excerpt":"https:\/\/www.radioszene.de\/125540\/bernd-mohrhoff-pop-shop.html","rel":"","context":"In &quot;Deutsch&quot;","block_context":{"text":"Deutsch","link":"https:\/\/www.achimbrueckner.de\/dxradio\/php\/wordpress\/?cat=1"},"img":{"alt_text":"","src":"","width":0,"height":0},"classes":[]},{"id":21233,"url":"https:\/\/www.achimbrueckner.de\/dxradio\/php\/wordpress\/?p=21233","url_meta":{"origin":44178,"position":3},"title":"Michael K\u00fchn ab morgen neuer Radio 7-Gesch\u00e4ftsf\u00fchrer","author":"Administrator","date":"January 31, 2019","format":false,"excerpt":"https:\/\/www.radioszene.de\/129904\/michael-kuehn-radio7.html","rel":"","context":"In &quot;Deutsch&quot;","block_context":{"text":"Deutsch","link":"https:\/\/www.achimbrueckner.de\/dxradio\/php\/wordpress\/?cat=1"},"img":{"alt_text":"","src":"","width":0,"height":0},"classes":[]},{"id":12328,"url":"https:\/\/www.achimbrueckner.de\/dxradio\/php\/wordpress\/?p=12328","url_meta":{"origin":44178,"position":4},"title":"Bernd Hoffmann: \u201cErfolg gro\u00dfer Namen zeigt sich heute mehr in den Ticket-Verkaufszahlen als im Charts-Ranking\u201d","author":"Administrator","date":"February 28, 2017","format":false,"excerpt":"http:\/\/www.radioszene.de\/101168\/bernd-hoffmann-radio-regenbogen-interview.html","rel":"","context":"In &quot;Deutsch&quot;","block_context":{"text":"Deutsch","link":"https:\/\/www.achimbrueckner.de\/dxradio\/php\/wordpress\/?cat=1"},"img":{"alt_text":"","src":"","width":0,"height":0},"classes":[]},{"id":26764,"url":"https:\/\/www.achimbrueckner.de\/dxradio\/php\/wordpress\/?p=26764","url_meta":{"origin":44178,"position":5},"title":"Hamburger Lokalradio: Bernd Michael Kraske und Peter Maiwald \u00fcbernehmen Sendeleitung","author":"Administrator","date":"January 23, 2020","format":false,"excerpt":"https:\/\/www.radioszene.de\/139962\/hamburger-lokalradio-leitung.html","rel":"","context":"In &quot;Deutsch&quot;","block_context":{"text":"Deutsch","link":"https:\/\/www.achimbrueckner.de\/dxradio\/php\/wordpress\/?cat=1"},"img":{"alt_text":"","src":"","width":0,"height":0},"classes":[]}],"_links":{"self":[{"href":"https:\/\/www.achimbrueckner.de\/dxradio\/php\/wordpress\/index.php?rest_route=\/wp\/v2\/posts\/44178","targetHints":{"allow":["GET"]}}],"collection":[{"href":"https:\/\/www.achimbrueckner.de\/dxradio\/php\/wordpress\/index.php?rest_route=\/wp\/v2\/posts"}],"about":[{"href":"https:\/\/www.achimbrueckner.de\/dxradio\/php\/wordpress\/index.php?rest_route=\/wp\/v2\/types\/post"}],"author":[{"embeddable":true,"href":"https:\/\/www.achimbrueckner.de\/dxradio\/php\/wordpress\/index.php?rest_route=\/wp\/v2\/users\/1"}],"replies":[{"embeddable":true,"href":"https:\/\/www.achimbrueckner.de\/dxradio\/php\/wordpress\/index.php?rest_route=%2Fwp%2Fv2%2Fcomments&post=44178"}],"version-history":[{"count":0,"href":"https:\/\/www.achimbrueckner.de\/dxradio\/php\/wordpress\/index.php?rest_route=\/wp\/v2\/posts\/44178\/revisions"}],"wp:attachment":[{"href":"https:\/\/www.achimbrueckner.de\/dxradio\/php\/wordpress\/index.php?rest_route=%2Fwp%2Fv2%2Fmedia&parent=44178"}],"wp:term":[{"taxonomy":"category","embeddable":true,"href":"https:\/\/www.achimbrueckner.de\/dxradio\/php\/wordpress\/index.php?rest_route=%2Fwp%2Fv2%2Fcategories&post=44178"},{"taxonomy":"post_tag","embeddable":true,"href":"https:\/\/www.achimbrueckner.de\/dxradio\/php\/wordpress\/index.php?rest_route=%2Fwp%2Fv2%2Ftags&post=44178"}],"curies":[{"name":"wp","href":"https:\/\/api.w.org\/{rel}","templated":true}]}}