{"id":44215,"date":"2025-11-05T17:05:01","date_gmt":"2025-11-05T17:05:01","guid":{"rendered":"https:\/\/www.achimbrueckner.de\/dxradio\/php\/wordpress\/?p=44215"},"modified":"2025-11-05T17:05:01","modified_gmt":"2025-11-05T17:05:01","slug":"klingt-live-ist-aber-ki-contentvoicecreator-belebt-unmoderierte-sendezeiten","status":"publish","type":"post","link":"https:\/\/www.achimbrueckner.de\/dxradio\/php\/wordpress\/?p=44215","title":{"rendered":"Klingt live, ist aber KI: ContentVoiceCreator belebt unmoderierte Sendezeiten"},"content":{"rendered":"<p><a href=\"https:\/\/www.radioszene.de\/207419\/contentvoicecreator.html\" target=\"_blank\">https:\/\/www.radioszene.de\/207419\/contentvoicecreator.html<\/a><\/p>\n","protected":false},"excerpt":{"rendered":"<p>https:\/\/www.radioszene.de\/207419\/contentvoicecreator.html<\/p>\n","protected":false},"author":1,"featured_media":0,"comment_status":"closed","ping_status":"open","sticky":false,"template":"","format":"standard","meta":{"_jetpack_memberships_contains_paid_content":false,"footnotes":"","jetpack_publicize_message":"","jetpack_publicize_feature_enabled":true,"jetpack_social_post_already_shared":true,"jetpack_social_options":{"image_generator_settings":{"template":"highway","default_image_id":0,"font":"","enabled":false},"version":2}},"categories":[1],"tags":[],"class_list":["post-44215","post","type-post","status-publish","format-standard","hentry","category-deutsch"],"jetpack_publicize_connections":[],"jetpack_featured_media_url":"","jetpack_sharing_enabled":true,"jetpack_shortlink":"https:\/\/wp.me\/p5CDmr-bv9","jetpack-related-posts":[{"id":40576,"url":"https:\/\/www.achimbrueckner.de\/dxradio\/php\/wordpress\/?p=40576","url_meta":{"origin":44215,"position":0},"title":"ARGENTINIEN SENDET WIEDER AUF DEUTSCH.","author":"Administrator","date":"December 1, 2023","format":false,"excerpt":"ARGENTINIEN SENDET WIEDER AUF DEUTSCH. Liebe Freunde! Seit einigen Tagen wird bei RAE wieder auf Deutsch gesendet, f\u00fcr die Sendungen zust\u00e4ndig ist der deutsche Journalist Marcus Christoph, der jahrelang beim Argentinischen Tageblatt t\u00e4tig gewesen ist. Die Sendungen werden nach wie vor um 17 Uhr Ortszeit (20 Uhr Weltzeit) live ausgestrahlt\u2026","rel":"","context":"In &quot;Deutsch&quot;","block_context":{"text":"Deutsch","link":"https:\/\/www.achimbrueckner.de\/dxradio\/php\/wordpress\/?cat=1"},"img":{"alt_text":"","src":"","width":0,"height":0},"classes":[]},{"id":22384,"url":"https:\/\/www.achimbrueckner.de\/dxradio\/php\/wordpress\/?p=22384","url_meta":{"origin":44215,"position":1},"title":"\u201eFritz klingt seit Februar anders, aber doch gewohnt\u2026\u201c","author":"Administrator","date":"March 25, 2019","format":false,"excerpt":"https:\/\/www.radioszene.de\/131628\/fritz-anders-2019.html","rel":"","context":"In &quot;Deutsch&quot;","block_context":{"text":"Deutsch","link":"https:\/\/www.achimbrueckner.de\/dxradio\/php\/wordpress\/?cat=1"},"img":{"alt_text":"","src":"","width":0,"height":0},"classes":[]},{"id":22422,"url":"https:\/\/www.achimbrueckner.de\/dxradio\/php\/wordpress\/?p=22422","url_meta":{"origin":44215,"position":2},"title":"\u201eFritz klingt seit Februar anders, aber doch gewohnt\u2026\u201c","author":"Administrator","date":"March 27, 2019","format":false,"excerpt":"https:\/\/www.radioszene.de\/131628\/fritz-anders-2019.html","rel":"","context":"In &quot;Deutsch&quot;","block_context":{"text":"Deutsch","link":"https:\/\/www.achimbrueckner.de\/dxradio\/php\/wordpress\/?cat=1"},"img":{"alt_text":"","src":"","width":0,"height":0},"classes":[]},{"id":6527,"url":"https:\/\/www.achimbrueckner.de\/dxradio\/php\/wordpress\/?p=6527","url_meta":{"origin":44215,"position":3},"title":"So klingt Neckaralb Live \u2013 on air ab Januar 2016","author":"Administrator","date":"November 17, 2015","format":false,"excerpt":"http:\/\/www.radioszene.de\/84901\/klingt-neckaralb-live-air-ab-januar-2016.html","rel":"","context":"In &quot;Deutsch&quot;","block_context":{"text":"Deutsch","link":"https:\/\/www.achimbrueckner.de\/dxradio\/php\/wordpress\/?cat=1"},"img":{"alt_text":"","src":"","width":0,"height":0},"classes":[]},{"id":30030,"url":"https:\/\/www.achimbrueckner.de\/dxradio\/php\/wordpress\/?p=30030","url_meta":{"origin":44215,"position":4},"title":"hr2-kultur ab Montag mit neuen Formate und Sendezeiten","author":"Administrator","date":"September 10, 2020","format":false,"excerpt":"https:\/\/www.radioszene.de\/147387\/hr2-kultur-programmreform.html","rel":"","context":"In &quot;Deutsch&quot;","block_context":{"text":"Deutsch","link":"https:\/\/www.achimbrueckner.de\/dxradio\/php\/wordpress\/?cat=1"},"img":{"alt_text":"","src":"","width":0,"height":0},"classes":[]},{"id":15163,"url":"https:\/\/www.achimbrueckner.de\/dxradio\/php\/wordpress\/?p=15163","url_meta":{"origin":44215,"position":5},"title":"Radio. Menschen &#038; Geschichten 29. Oktober 2017","author":"Administrator","date":"October 26, 2017","format":false,"excerpt":"Seit fast einem halben Jahrhundert ist Werner Reinke \"On Air\". Zun\u00e4chst bei Radio Bremen, sp\u00e4ter als Gr\u00fcndungsmitarbeiter bei HR3 und nach 13 Jahren Radioabstinenz jetzt wieder beim Hessischen Rundfunk.... Vielen Dank f\u00fcr's verlinken, Christoph. Weiters berichten wir \u00fcber die neuen Mittelwellenaktivit\u00e4ten in D\u00e4nemark. 2 weitere Themen werden morgen fertig gestellt,\u2026","rel":"","context":"In &quot;Deutsch&quot;","block_context":{"text":"Deutsch","link":"https:\/\/www.achimbrueckner.de\/dxradio\/php\/wordpress\/?cat=1"},"img":{"alt_text":"","src":"","width":0,"height":0},"classes":[]}],"_links":{"self":[{"href":"https:\/\/www.achimbrueckner.de\/dxradio\/php\/wordpress\/index.php?rest_route=\/wp\/v2\/posts\/44215","targetHints":{"allow":["GET"]}}],"collection":[{"href":"https:\/\/www.achimbrueckner.de\/dxradio\/php\/wordpress\/index.php?rest_route=\/wp\/v2\/posts"}],"about":[{"href":"https:\/\/www.achimbrueckner.de\/dxradio\/php\/wordpress\/index.php?rest_route=\/wp\/v2\/types\/post"}],"author":[{"embeddable":true,"href":"https:\/\/www.achimbrueckner.de\/dxradio\/php\/wordpress\/index.php?rest_route=\/wp\/v2\/users\/1"}],"replies":[{"embeddable":true,"href":"https:\/\/www.achimbrueckner.de\/dxradio\/php\/wordpress\/index.php?rest_route=%2Fwp%2Fv2%2Fcomments&post=44215"}],"version-history":[{"count":0,"href":"https:\/\/www.achimbrueckner.de\/dxradio\/php\/wordpress\/index.php?rest_route=\/wp\/v2\/posts\/44215\/revisions"}],"wp:attachment":[{"href":"https:\/\/www.achimbrueckner.de\/dxradio\/php\/wordpress\/index.php?rest_route=%2Fwp%2Fv2%2Fmedia&parent=44215"}],"wp:term":[{"taxonomy":"category","embeddable":true,"href":"https:\/\/www.achimbrueckner.de\/dxradio\/php\/wordpress\/index.php?rest_route=%2Fwp%2Fv2%2Fcategories&post=44215"},{"taxonomy":"post_tag","embeddable":true,"href":"https:\/\/www.achimbrueckner.de\/dxradio\/php\/wordpress\/index.php?rest_route=%2Fwp%2Fv2%2Ftags&post=44215"}],"curies":[{"name":"wp","href":"https:\/\/api.w.org\/{rel}","templated":true}]}}