{"id":44250,"date":"2025-11-10T17:00:34","date_gmt":"2025-11-10T17:00:34","guid":{"rendered":"https:\/\/www.achimbrueckner.de\/dxradio\/php\/wordpress\/?p=44250"},"modified":"2025-11-10T17:00:34","modified_gmt":"2025-11-10T17:00:34","slug":"so-konnte-radio-mixtape-noch-viel-mehr-horer-haben","status":"publish","type":"post","link":"https:\/\/www.achimbrueckner.de\/dxradio\/php\/wordpress\/?p=44250","title":{"rendered":"So k\u00f6nnte Radio Mixtape noch viel mehr H\u00f6rer haben"},"content":{"rendered":"<p><a href=\"https:\/\/www.radioblog.eu\/2025\/11\/09\/so-koennte-radio-mixtape-noch-viel-mehr-hoerer-haben\/\" target=\"_blank\">https:\/\/www.radioblog.eu\/2025\/11\/09\/so-koennte-radio-mixtape-noch-viel-mehr-hoerer-haben\/<\/a><\/p>\n","protected":false},"excerpt":{"rendered":"<p>https:\/\/www.radioblog.eu\/2025\/11\/09\/so-koennte-radio-mixtape-noch-viel-mehr-hoerer-haben\/<\/p>\n","protected":false},"author":1,"featured_media":0,"comment_status":"closed","ping_status":"open","sticky":false,"template":"","format":"standard","meta":{"_jetpack_memberships_contains_paid_content":false,"footnotes":"","jetpack_publicize_message":"","jetpack_publicize_feature_enabled":true,"jetpack_social_post_already_shared":true,"jetpack_social_options":{"image_generator_settings":{"template":"highway","default_image_id":0,"font":"","enabled":false},"version":2}},"categories":[1],"tags":[],"class_list":["post-44250","post","type-post","status-publish","format-standard","hentry","category-deutsch"],"jetpack_publicize_connections":[],"jetpack_featured_media_url":"","jetpack_sharing_enabled":true,"jetpack_shortlink":"https:\/\/wp.me\/p5CDmr-bvI","jetpack-related-posts":[{"id":31438,"url":"https:\/\/www.achimbrueckner.de\/dxradio\/php\/wordpress\/?p=31438","url_meta":{"origin":44250,"position":0},"title":"Kritik an der niederl\u00e4ndischen LPAM-Politik","author":"Administrator","date":"December 30, 2020","format":false,"excerpt":"Kritik an der niederl\u00e4ndischen LPAM-Politik Seit 2016 als Pilotprojekt und seit 2019 als regul\u00e4re M\u00f6glichkeit k\u00f6nnen Interessenten in den Niederlanden Senderechte f\u00fcr Mittelwellensender kleiner Leistung (\u201elow-power AM\u201c <100 Watt) beantragen. Das tun immer mehr, doch dem DX-Veteranen Max van Arnhem (mwcircle) platzte j\u00fcngst der Kragen. Er bringt technische, aber auch\u2026","rel":"","context":"In &quot;Deutsch&quot;","block_context":{"text":"Deutsch","link":"https:\/\/www.achimbrueckner.de\/dxradio\/php\/wordpress\/?cat=1"},"img":{"alt_text":"","src":"","width":0,"height":0},"classes":[]},{"id":676,"url":"https:\/\/www.achimbrueckner.de\/dxradio\/php\/wordpress\/?p=676","url_meta":{"origin":44250,"position":1},"title":"Radio Tirana H\u00f6rerklubs","author":"Administrator","date":"November 5, 2009","format":false,"excerpt":"F\u00fcr die Freunde von Radio Tirana Der neue Mitglieder-Rundbrief ist verf\u00fcgbar, - Nr. 40 (November 2009) Das Faltblatt mit aktualisiertem Sendeplan ist ebenfalls verf\u00fcgbar. Alles - und noch viel mehr - auf der Web Site des Radio Tirana H\u00f6rerklubs http:\/\/www.agdx.de\/rthk\/ Info via A-DX","rel":"","context":"In &quot;links&quot;","block_context":{"text":"links","link":"https:\/\/www.achimbrueckner.de\/dxradio\/php\/wordpress\/?cat=7"},"img":{"alt_text":"","src":"","width":0,"height":0},"classes":[]},{"id":33672,"url":"https:\/\/www.achimbrueckner.de\/dxradio\/php\/wordpress\/?p=33672","url_meta":{"origin":44250,"position":2},"title":"Katja Berg: Grenzenlose Unterhaltung: Radio Luxemburg","author":"Administrator","date":"September 29, 2021","format":false,"excerpt":"Buch-Tipp: Auf und Ab der Radiolegende Radio Luxemburg war der gro\u00dfe kommerzielle \u00fcberregionale Sender der 50er- bis 80er-Jahre. In Deutschland wurde er im Saarland und in Nordrhein-Westfalen wegen der N\u00e4he zum Nachbarland und dem damit einhergehenden guten Empfang besonders viel geh\u00f6rt und wird dort heute noch oft nostalgisch verkl\u00e4rt. Das\u2026","rel":"","context":"In &quot;Deutsch&quot;","block_context":{"text":"Deutsch","link":"https:\/\/www.achimbrueckner.de\/dxradio\/php\/wordpress\/?cat=1"},"img":{"alt_text":"","src":"","width":0,"height":0},"classes":[]},{"id":44145,"url":"https:\/\/www.achimbrueckner.de\/dxradio\/php\/wordpress\/?p=44145","url_meta":{"origin":44250,"position":3},"title":"Radio Mixtape planm\u00e4\u00dfig gestartet","author":"Administrator","date":"October 29, 2025","format":false,"excerpt":"https:\/\/www.radioblog.eu\/2025\/10\/29\/radio-mixtape-planmaessig-gestartet\/","rel":"","context":"In &quot;Deutsch&quot;","block_context":{"text":"Deutsch","link":"https:\/\/www.achimbrueckner.de\/dxradio\/php\/wordpress\/?cat=1"},"img":{"alt_text":"","src":"","width":0,"height":0},"classes":[]},{"id":44165,"url":"https:\/\/www.achimbrueckner.de\/dxradio\/php\/wordpress\/?p=44165","url_meta":{"origin":44250,"position":4},"title":"Radio Mixtape App jetzt verf\u00fcgbar","author":"Administrator","date":"October 31, 2025","format":false,"excerpt":"https:\/\/www.radioblog.eu\/2025\/10\/31\/radio-mixtape-app-jetzt-verfuegbar\/","rel":"","context":"In &quot;Deutsch&quot;","block_context":{"text":"Deutsch","link":"https:\/\/www.achimbrueckner.de\/dxradio\/php\/wordpress\/?cat=1"},"img":{"alt_text":"","src":"","width":0,"height":0},"classes":[]},{"id":44345,"url":"https:\/\/www.achimbrueckner.de\/dxradio\/php\/wordpress\/?p=44345","url_meta":{"origin":44250,"position":5},"title":"Radio Mixtape: Aircheck vom Sendestart am 29. Oktober 2025","author":"Administrator","date":"November 20, 2025","format":false,"excerpt":"https:\/\/www.radioszene.de\/207271\/radio-mixtape-sendestart.html","rel":"","context":"In &quot;Deutsch&quot;","block_context":{"text":"Deutsch","link":"https:\/\/www.achimbrueckner.de\/dxradio\/php\/wordpress\/?cat=1"},"img":{"alt_text":"","src":"","width":0,"height":0},"classes":[]}],"_links":{"self":[{"href":"https:\/\/www.achimbrueckner.de\/dxradio\/php\/wordpress\/index.php?rest_route=\/wp\/v2\/posts\/44250","targetHints":{"allow":["GET"]}}],"collection":[{"href":"https:\/\/www.achimbrueckner.de\/dxradio\/php\/wordpress\/index.php?rest_route=\/wp\/v2\/posts"}],"about":[{"href":"https:\/\/www.achimbrueckner.de\/dxradio\/php\/wordpress\/index.php?rest_route=\/wp\/v2\/types\/post"}],"author":[{"embeddable":true,"href":"https:\/\/www.achimbrueckner.de\/dxradio\/php\/wordpress\/index.php?rest_route=\/wp\/v2\/users\/1"}],"replies":[{"embeddable":true,"href":"https:\/\/www.achimbrueckner.de\/dxradio\/php\/wordpress\/index.php?rest_route=%2Fwp%2Fv2%2Fcomments&post=44250"}],"version-history":[{"count":0,"href":"https:\/\/www.achimbrueckner.de\/dxradio\/php\/wordpress\/index.php?rest_route=\/wp\/v2\/posts\/44250\/revisions"}],"wp:attachment":[{"href":"https:\/\/www.achimbrueckner.de\/dxradio\/php\/wordpress\/index.php?rest_route=%2Fwp%2Fv2%2Fmedia&parent=44250"}],"wp:term":[{"taxonomy":"category","embeddable":true,"href":"https:\/\/www.achimbrueckner.de\/dxradio\/php\/wordpress\/index.php?rest_route=%2Fwp%2Fv2%2Fcategories&post=44250"},{"taxonomy":"post_tag","embeddable":true,"href":"https:\/\/www.achimbrueckner.de\/dxradio\/php\/wordpress\/index.php?rest_route=%2Fwp%2Fv2%2Ftags&post=44250"}],"curies":[{"name":"wp","href":"https:\/\/api.w.org\/{rel}","templated":true}]}}