{"id":44262,"date":"2025-11-11T18:20:29","date_gmt":"2025-11-11T18:20:29","guid":{"rendered":"https:\/\/www.achimbrueckner.de\/dxradio\/php\/wordpress\/?p=44262"},"modified":"2025-11-11T18:20:29","modified_gmt":"2025-11-11T18:20:29","slug":"curacao-maarten-schakel-startet-regulares-programm-von-curacao-nu","status":"publish","type":"post","link":"https:\/\/www.achimbrueckner.de\/dxradio\/php\/wordpress\/?p=44262","title":{"rendered":"Cura\u00e7ao: Maarten Schakel startet regul\u00e4res Programm von Cura\u00e7ao.nu"},"content":{"rendered":"<p><a href=\"https:\/\/www.radioblog.eu\/2025\/11\/10\/curacao-maarten-schakel-startet-regulaeres-programm-von-curacao-nu\/\" target=\"_blank\">https:\/\/www.radioblog.eu\/2025\/11\/10\/curacao-maarten-schakel-startet-regulaeres-programm-von-curacao-nu\/<\/a><\/p>\n","protected":false},"excerpt":{"rendered":"<p>https:\/\/www.radioblog.eu\/2025\/11\/10\/curacao-maarten-schakel-startet-regulaeres-programm-von-curacao-nu\/<\/p>\n","protected":false},"author":1,"featured_media":0,"comment_status":"closed","ping_status":"open","sticky":false,"template":"","format":"standard","meta":{"_jetpack_memberships_contains_paid_content":false,"footnotes":"","jetpack_publicize_message":"","jetpack_publicize_feature_enabled":true,"jetpack_social_post_already_shared":true,"jetpack_social_options":{"image_generator_settings":{"template":"highway","default_image_id":0,"font":"","enabled":false},"version":2}},"categories":[1],"tags":[],"class_list":["post-44262","post","type-post","status-publish","format-standard","hentry","category-deutsch"],"jetpack_publicize_connections":[],"jetpack_featured_media_url":"","jetpack_sharing_enabled":true,"jetpack_shortlink":"https:\/\/wp.me\/p5CDmr-bvU","jetpack-related-posts":[{"id":44007,"url":"https:\/\/www.achimbrueckner.de\/dxradio\/php\/wordpress\/?p=44007","url_meta":{"origin":44262,"position":0},"title":"Cura\u00e7ao: Neues Privatradio Cura\u00e7ao.nu startet Testbetrieb","author":"Administrator","date":"October 15, 2025","format":false,"excerpt":"https:\/\/www.radioblog.eu\/2025\/10\/15\/curacao-neues-privatradio-curacao-nu-startet-testbetrieb\/","rel":"","context":"In &quot;Deutsch&quot;","block_context":{"text":"Deutsch","link":"https:\/\/www.achimbrueckner.de\/dxradio\/php\/wordpress\/?cat=1"},"img":{"alt_text":"","src":"","width":0,"height":0},"classes":[]},{"id":42673,"url":"https:\/\/www.achimbrueckner.de\/dxradio\/php\/wordpress\/?p=42673","url_meta":{"origin":44262,"position":1},"title":"Cura\u00e7ao: Paradise FM baut moderiertes Programm aus","author":"Administrator","date":"April 25, 2025","format":false,"excerpt":"https:\/\/www.radioblog.eu\/2025\/04\/25\/curacao-paradise-fm-baut-moderiertes-programm-aus\/","rel":"","context":"In &quot;Deutsch&quot;","block_context":{"text":"Deutsch","link":"https:\/\/www.achimbrueckner.de\/dxradio\/php\/wordpress\/?cat=1"},"img":{"alt_text":"","src":"","width":0,"height":0},"classes":[]},{"id":42688,"url":"https:\/\/www.achimbrueckner.de\/dxradio\/php\/wordpress\/?p=42688","url_meta":{"origin":44262,"position":2},"title":"Cura\u00e7ao: Dolfijn FM startet zahlreiche Webchannels","author":"Administrator","date":"April 28, 2025","format":false,"excerpt":"https:\/\/www.radioblog.eu\/2025\/04\/28\/curacao-dolfijn-fm-startet-zahlreiche-webchannels\/","rel":"","context":"In &quot;Deutsch&quot;","block_context":{"text":"Deutsch","link":"https:\/\/www.achimbrueckner.de\/dxradio\/php\/wordpress\/?cat=1"},"img":{"alt_text":"","src":"","width":0,"height":0},"classes":[]},{"id":35582,"url":"https:\/\/www.achimbrueckner.de\/dxradio\/php\/wordpress\/?p=35582","url_meta":{"origin":44262,"position":3},"title":"Paradise FM Curacao startet weitere Webchannels","author":"Administrator","date":"April 4, 2022","format":false,"excerpt":"https:\/\/www.smartphonefan.de\/2022\/04\/04\/paradise-fm-curacao-startet-weitere-webchannels\/","rel":"","context":"In &quot;Deutsch&quot;","block_context":{"text":"Deutsch","link":"https:\/\/www.achimbrueckner.de\/dxradio\/php\/wordpress\/?cat=1"},"img":{"alt_text":"","src":"","width":0,"height":0},"classes":[]},{"id":32755,"url":"https:\/\/www.achimbrueckner.de\/dxradio\/php\/wordpress\/?p=32755","url_meta":{"origin":44262,"position":4},"title":"Paradise FM Curacao startet Videostream","author":"Administrator","date":"May 26, 2021","format":false,"excerpt":"https:\/\/www.smartphonefan.de\/2021\/05\/26\/paradise-fm-curacao-startet-videostream\/","rel":"","context":"In &quot;Deutsch&quot;","block_context":{"text":"Deutsch","link":"https:\/\/www.achimbrueckner.de\/dxradio\/php\/wordpress\/?cat=1"},"img":{"alt_text":"","src":"","width":0,"height":0},"classes":[]},{"id":44080,"url":"https:\/\/www.achimbrueckner.de\/dxradio\/php\/wordpress\/?p=44080","url_meta":{"origin":44262,"position":5},"title":"Cura\u00e7ao: Livestream von Cura\u00e7ao.nu jetzt verf\u00fcgbar","author":"Administrator","date":"October 22, 2025","format":false,"excerpt":"https:\/\/www.radioblog.eu\/2025\/10\/22\/curacao-livestream-von-curacao-nu-jetzt-verfuegbar\/","rel":"","context":"In &quot;Deutsch&quot;","block_context":{"text":"Deutsch","link":"https:\/\/www.achimbrueckner.de\/dxradio\/php\/wordpress\/?cat=1"},"img":{"alt_text":"","src":"","width":0,"height":0},"classes":[]}],"_links":{"self":[{"href":"https:\/\/www.achimbrueckner.de\/dxradio\/php\/wordpress\/index.php?rest_route=\/wp\/v2\/posts\/44262","targetHints":{"allow":["GET"]}}],"collection":[{"href":"https:\/\/www.achimbrueckner.de\/dxradio\/php\/wordpress\/index.php?rest_route=\/wp\/v2\/posts"}],"about":[{"href":"https:\/\/www.achimbrueckner.de\/dxradio\/php\/wordpress\/index.php?rest_route=\/wp\/v2\/types\/post"}],"author":[{"embeddable":true,"href":"https:\/\/www.achimbrueckner.de\/dxradio\/php\/wordpress\/index.php?rest_route=\/wp\/v2\/users\/1"}],"replies":[{"embeddable":true,"href":"https:\/\/www.achimbrueckner.de\/dxradio\/php\/wordpress\/index.php?rest_route=%2Fwp%2Fv2%2Fcomments&post=44262"}],"version-history":[{"count":0,"href":"https:\/\/www.achimbrueckner.de\/dxradio\/php\/wordpress\/index.php?rest_route=\/wp\/v2\/posts\/44262\/revisions"}],"wp:attachment":[{"href":"https:\/\/www.achimbrueckner.de\/dxradio\/php\/wordpress\/index.php?rest_route=%2Fwp%2Fv2%2Fmedia&parent=44262"}],"wp:term":[{"taxonomy":"category","embeddable":true,"href":"https:\/\/www.achimbrueckner.de\/dxradio\/php\/wordpress\/index.php?rest_route=%2Fwp%2Fv2%2Fcategories&post=44262"},{"taxonomy":"post_tag","embeddable":true,"href":"https:\/\/www.achimbrueckner.de\/dxradio\/php\/wordpress\/index.php?rest_route=%2Fwp%2Fv2%2Ftags&post=44262"}],"curies":[{"name":"wp","href":"https:\/\/api.w.org\/{rel}","templated":true}]}}