{"id":44279,"date":"2025-11-13T16:27:00","date_gmt":"2025-11-13T16:27:00","guid":{"rendered":"https:\/\/www.achimbrueckner.de\/dxradio\/php\/wordpress\/?p=44279"},"modified":"2025-11-13T16:27:00","modified_gmt":"2025-11-13T16:27:00","slug":"sachsische-lokalradios-konnen-weiter-auf-ukw-senden","status":"publish","type":"post","link":"https:\/\/www.achimbrueckner.de\/dxradio\/php\/wordpress\/?p=44279","title":{"rendered":"S\u00e4chsische Lokalradios k\u00f6nnen weiter auf UKW senden"},"content":{"rendered":"<p><a href=\"https:\/\/www.radioblog.eu\/2025\/11\/13\/saechsische-lokalradios-koennen-weiter-auf-ukw-senden\/\" target=\"_blank\">https:\/\/www.radioblog.eu\/2025\/11\/13\/saechsische-lokalradios-koennen-weiter-auf-ukw-senden\/<\/a><\/p>\n","protected":false},"excerpt":{"rendered":"<p>https:\/\/www.radioblog.eu\/2025\/11\/13\/saechsische-lokalradios-koennen-weiter-auf-ukw-senden\/<\/p>\n","protected":false},"author":1,"featured_media":0,"comment_status":"closed","ping_status":"open","sticky":false,"template":"","format":"standard","meta":{"_jetpack_memberships_contains_paid_content":false,"footnotes":"","jetpack_publicize_message":"","jetpack_publicize_feature_enabled":true,"jetpack_social_post_already_shared":true,"jetpack_social_options":{"image_generator_settings":{"template":"highway","default_image_id":0,"font":"","enabled":false},"version":2}},"categories":[1],"tags":[],"class_list":["post-44279","post","type-post","status-publish","format-standard","hentry","category-deutsch"],"jetpack_publicize_connections":[],"jetpack_featured_media_url":"","jetpack_sharing_enabled":true,"jetpack_shortlink":"https:\/\/wp.me\/p5CDmr-bwb","jetpack-related-posts":[{"id":26240,"url":"https:\/\/www.achimbrueckner.de\/dxradio\/php\/wordpress\/?p=26240","url_meta":{"origin":44279,"position":0},"title":"Norwegen: Lokalradios senden bis mindestens 2027 weiter auf UKW","author":"Administrator","date":"December 19, 2019","format":false,"excerpt":"http:\/\/www.radiowoche.de\/norwegen-lokalradios-senden-bis-mindestens-2027-weiter-auf-ukw\/","rel":"","context":"In &quot;Deutsch&quot;","block_context":{"text":"Deutsch","link":"https:\/\/www.achimbrueckner.de\/dxradio\/php\/wordpress\/?cat=1"},"img":{"alt_text":"","src":"","width":0,"height":0},"classes":[]},{"id":34046,"url":"https:\/\/www.achimbrueckner.de\/dxradio\/php\/wordpress\/?p=34046","url_meta":{"origin":44279,"position":1},"title":"Norwegische Lokalradios d\u00fcrfen weitere f\u00fcnf Jahre \u00fcber UKW senden","author":"Administrator","date":"November 19, 2021","format":false,"excerpt":"https:\/\/www.radiowoche.de\/norwegische-lokalradios-duerfen-weitere-fuenf-jahre-ueber-ukw-senden\/","rel":"","context":"In &quot;Deutsch&quot;","block_context":{"text":"Deutsch","link":"https:\/\/www.achimbrueckner.de\/dxradio\/php\/wordpress\/?cat=1"},"img":{"alt_text":"","src":"","width":0,"height":0},"classes":[]},{"id":23985,"url":"https:\/\/www.achimbrueckner.de\/dxradio\/php\/wordpress\/?p=23985","url_meta":{"origin":44279,"position":2},"title":"Klassik Radio kann in Bayern weiter auf UKW senden","author":"Administrator","date":"July 29, 2019","format":false,"excerpt":"http:\/\/www.radiowoche.de\/klassik-radio-kann-in-bayern-weiter-auf-ukw-senden\/","rel":"","context":"In &quot;Deutsch&quot;","block_context":{"text":"Deutsch","link":"https:\/\/www.achimbrueckner.de\/dxradio\/php\/wordpress\/?cat=1"},"img":{"alt_text":"","src":"","width":0,"height":0},"classes":[]},{"id":43308,"url":"https:\/\/www.achimbrueckner.de\/dxradio\/php\/wordpress\/?p=43308","url_meta":{"origin":44279,"position":3},"title":"JazzRadio Berlin will weiter auf UKW senden","author":"Administrator","date":"July 16, 2025","format":false,"excerpt":"https:\/\/www.radioblog.eu\/2025\/07\/16\/jazzradio-berlin-will-weiter-auf-ukw-senden\/","rel":"","context":"In &quot;Deutsch&quot;","block_context":{"text":"Deutsch","link":"https:\/\/www.achimbrueckner.de\/dxradio\/php\/wordpress\/?cat=1"},"img":{"alt_text":"","src":"","width":0,"height":0},"classes":[]},{"id":33898,"url":"https:\/\/www.achimbrueckner.de\/dxradio\/php\/wordpress\/?p=33898","url_meta":{"origin":44279,"position":4},"title":"Norwegen: Lokalradios bleiben bis 2031 auf UKW","author":"Administrator","date":"October 27, 2021","format":false,"excerpt":"https:\/\/www.radiowoche.de\/norwegen-lokalradios-bleiben-bis-2031-auf-ukw\/","rel":"","context":"In &quot;Deutsch&quot;","block_context":{"text":"Deutsch","link":"https:\/\/www.achimbrueckner.de\/dxradio\/php\/wordpress\/?cat=1"},"img":{"alt_text":"","src":"","width":0,"height":0},"classes":[]},{"id":15669,"url":"https:\/\/www.achimbrueckner.de\/dxradio\/php\/wordpress\/?p=15669","url_meta":{"origin":44279,"position":5},"title":"Lokalradios in Hof senden k\u00fcnftig rund um die Uhr","author":"Administrator","date":"November 27, 2017","format":false,"excerpt":"http:\/\/www.radiowoche.de\/lokalradios-in-hof-senden-kuenftig-rund-um-die-uhr\/","rel":"","context":"In &quot;Deutsch&quot;","block_context":{"text":"Deutsch","link":"https:\/\/www.achimbrueckner.de\/dxradio\/php\/wordpress\/?cat=1"},"img":{"alt_text":"","src":"","width":0,"height":0},"classes":[]}],"_links":{"self":[{"href":"https:\/\/www.achimbrueckner.de\/dxradio\/php\/wordpress\/index.php?rest_route=\/wp\/v2\/posts\/44279","targetHints":{"allow":["GET"]}}],"collection":[{"href":"https:\/\/www.achimbrueckner.de\/dxradio\/php\/wordpress\/index.php?rest_route=\/wp\/v2\/posts"}],"about":[{"href":"https:\/\/www.achimbrueckner.de\/dxradio\/php\/wordpress\/index.php?rest_route=\/wp\/v2\/types\/post"}],"author":[{"embeddable":true,"href":"https:\/\/www.achimbrueckner.de\/dxradio\/php\/wordpress\/index.php?rest_route=\/wp\/v2\/users\/1"}],"replies":[{"embeddable":true,"href":"https:\/\/www.achimbrueckner.de\/dxradio\/php\/wordpress\/index.php?rest_route=%2Fwp%2Fv2%2Fcomments&post=44279"}],"version-history":[{"count":0,"href":"https:\/\/www.achimbrueckner.de\/dxradio\/php\/wordpress\/index.php?rest_route=\/wp\/v2\/posts\/44279\/revisions"}],"wp:attachment":[{"href":"https:\/\/www.achimbrueckner.de\/dxradio\/php\/wordpress\/index.php?rest_route=%2Fwp%2Fv2%2Fmedia&parent=44279"}],"wp:term":[{"taxonomy":"category","embeddable":true,"href":"https:\/\/www.achimbrueckner.de\/dxradio\/php\/wordpress\/index.php?rest_route=%2Fwp%2Fv2%2Fcategories&post=44279"},{"taxonomy":"post_tag","embeddable":true,"href":"https:\/\/www.achimbrueckner.de\/dxradio\/php\/wordpress\/index.php?rest_route=%2Fwp%2Fv2%2Ftags&post=44279"}],"curies":[{"name":"wp","href":"https:\/\/api.w.org\/{rel}","templated":true}]}}