{"id":44366,"date":"2025-11-24T17:19:14","date_gmt":"2025-11-24T17:19:14","guid":{"rendered":"https:\/\/www.achimbrueckner.de\/dxradio\/php\/wordpress\/?p=44366"},"modified":"2025-11-24T17:19:14","modified_gmt":"2025-11-24T17:19:14","slug":"felix-kovac-wird-geschaftsfuhrer-der-regio-tv-sendergruppe","status":"publish","type":"post","link":"https:\/\/www.achimbrueckner.de\/dxradio\/php\/wordpress\/?p=44366","title":{"rendered":"Felix Kovac wird Gesch\u00e4ftsf\u00fchrer der Regio TV-Sendergruppe"},"content":{"rendered":"<p><a href=\"https:\/\/www.radioszene.de\/208157\/felix-kovac-regio-tv-sendergruppe.html\" target=\"_blank\">https:\/\/www.radioszene.de\/208157\/felix-kovac-regio-tv-sendergruppe.html<\/a><\/p>\n","protected":false},"excerpt":{"rendered":"<p>https:\/\/www.radioszene.de\/208157\/felix-kovac-regio-tv-sendergruppe.html<\/p>\n","protected":false},"author":1,"featured_media":0,"comment_status":"closed","ping_status":"open","sticky":false,"template":"","format":"standard","meta":{"_jetpack_memberships_contains_paid_content":false,"footnotes":"","jetpack_publicize_message":"","jetpack_publicize_feature_enabled":true,"jetpack_social_post_already_shared":true,"jetpack_social_options":{"image_generator_settings":{"template":"highway","default_image_id":0,"font":"","enabled":false},"version":2}},"categories":[1],"tags":[],"class_list":["post-44366","post","type-post","status-publish","format-standard","hentry","category-deutsch"],"jetpack_publicize_connections":[],"jetpack_featured_media_url":"","jetpack_sharing_enabled":true,"jetpack_shortlink":"https:\/\/wp.me\/p5CDmr-bxA","jetpack-related-posts":[{"id":24518,"url":"https:\/\/www.achimbrueckner.de\/dxradio\/php\/wordpress\/?p=24518","url_meta":{"origin":44366,"position":0},"title":"Webtalk #1 der FM Online Factory mit Felix Kovac, Gesch\u00e4ftsf\u00fchrer von Antenne Bayern","author":"Administrator","date":"August 29, 2019","format":false,"excerpt":"https:\/\/www.youtube.com\/watch?v=8nMipNjxMt0","rel":"","context":"In &quot;Deutsch&quot;","block_context":{"text":"Deutsch","link":"https:\/\/www.achimbrueckner.de\/dxradio\/php\/wordpress\/?cat=1"},"img":{"alt_text":"","src":"","width":0,"height":0},"classes":[]},{"id":41781,"url":"https:\/\/www.achimbrueckner.de\/dxradio\/php\/wordpress\/?p=41781","url_meta":{"origin":44366,"position":1},"title":"Felix Kovac verl\u00e4sst ANTENNE BAYERN Ende 2024","author":"Administrator","date":"October 10, 2024","format":false,"excerpt":"https:\/\/www.radioszene.de\/191593\/felix-kovac-verlaesst-antenne-bayern.html","rel":"","context":"In &quot;Deutsch&quot;","block_context":{"text":"Deutsch","link":"https:\/\/www.achimbrueckner.de\/dxradio\/php\/wordpress\/?cat=1"},"img":{"alt_text":"","src":"","width":0,"height":0},"classes":[]},{"id":24489,"url":"https:\/\/www.achimbrueckner.de\/dxradio\/php\/wordpress\/?p=24489","url_meta":{"origin":44366,"position":2},"title":"Felix Kovac: \u201eDie Zeit des inhaltsleeren Radios ist vorbei\u201c","author":"Administrator","date":"August 28, 2019","format":false,"excerpt":"https:\/\/www.radioszene.de\/136122\/felix-kovac-viktor-worms-webtalk.html","rel":"","context":"In &quot;Deutsch&quot;","block_context":{"text":"Deutsch","link":"https:\/\/www.achimbrueckner.de\/dxradio\/php\/wordpress\/?cat=1"},"img":{"alt_text":"","src":"","width":0,"height":0},"classes":[]},{"id":28022,"url":"https:\/\/www.achimbrueckner.de\/dxradio\/php\/wordpress\/?p=28022","url_meta":{"origin":44366,"position":3},"title":"Hart getroffen: Wie Antenne-Bayern-Gesch\u00e4ftsf\u00fchrer Felix Kovac die MA-Ergebnisse erkl\u00e4rt","author":"Administrator","date":"April 7, 2020","format":false,"excerpt":"http:\/\/www.quotenmeter.de\/n\/117301\/hart-getroffen-wie-antenne-bayern-geschaeftsfuehrer-felix-kovac-die-ma-ergebnisse-erklaert","rel":"","context":"In &quot;Deutsch&quot;","block_context":{"text":"Deutsch","link":"https:\/\/www.achimbrueckner.de\/dxradio\/php\/wordpress\/?cat=1"},"img":{"alt_text":"","src":"","width":0,"height":0},"classes":[]},{"id":24360,"url":"https:\/\/www.achimbrueckner.de\/dxradio\/php\/wordpress\/?p=24360","url_meta":{"origin":44366,"position":4},"title":"\u00dcbers H\u00f6ren sprechen: Live-Webtalk mit Viktor Worms, Felix Kovac und Gabor Steingart","author":"Administrator","date":"August 20, 2019","format":false,"excerpt":"https:\/\/www.radioszene.de\/135775\/live-webtalk-viktor-worms-felix-kovac-gabor-steingart.html","rel":"","context":"In &quot;Deutsch&quot;","block_context":{"text":"Deutsch","link":"https:\/\/www.achimbrueckner.de\/dxradio\/php\/wordpress\/?cat=1"},"img":{"alt_text":"","src":"","width":0,"height":0},"classes":[]},{"id":28631,"url":"https:\/\/www.achimbrueckner.de\/dxradio\/php\/wordpress\/?p=28631","url_meta":{"origin":44366,"position":5},"title":"Felix Kovac: \u201cANTENNE BAYERN ist in der Corona-Krise Leitmedium f\u00fcr den Freistaat\u201d","author":"Administrator","date":"May 12, 2020","format":false,"excerpt":"https:\/\/www.radioszene.de\/143639\/antenne-bayern-coronakrise-leitmedium.html","rel":"","context":"In &quot;Deutsch&quot;","block_context":{"text":"Deutsch","link":"https:\/\/www.achimbrueckner.de\/dxradio\/php\/wordpress\/?cat=1"},"img":{"alt_text":"","src":"","width":0,"height":0},"classes":[]}],"_links":{"self":[{"href":"https:\/\/www.achimbrueckner.de\/dxradio\/php\/wordpress\/index.php?rest_route=\/wp\/v2\/posts\/44366","targetHints":{"allow":["GET"]}}],"collection":[{"href":"https:\/\/www.achimbrueckner.de\/dxradio\/php\/wordpress\/index.php?rest_route=\/wp\/v2\/posts"}],"about":[{"href":"https:\/\/www.achimbrueckner.de\/dxradio\/php\/wordpress\/index.php?rest_route=\/wp\/v2\/types\/post"}],"author":[{"embeddable":true,"href":"https:\/\/www.achimbrueckner.de\/dxradio\/php\/wordpress\/index.php?rest_route=\/wp\/v2\/users\/1"}],"replies":[{"embeddable":true,"href":"https:\/\/www.achimbrueckner.de\/dxradio\/php\/wordpress\/index.php?rest_route=%2Fwp%2Fv2%2Fcomments&post=44366"}],"version-history":[{"count":0,"href":"https:\/\/www.achimbrueckner.de\/dxradio\/php\/wordpress\/index.php?rest_route=\/wp\/v2\/posts\/44366\/revisions"}],"wp:attachment":[{"href":"https:\/\/www.achimbrueckner.de\/dxradio\/php\/wordpress\/index.php?rest_route=%2Fwp%2Fv2%2Fmedia&parent=44366"}],"wp:term":[{"taxonomy":"category","embeddable":true,"href":"https:\/\/www.achimbrueckner.de\/dxradio\/php\/wordpress\/index.php?rest_route=%2Fwp%2Fv2%2Fcategories&post=44366"},{"taxonomy":"post_tag","embeddable":true,"href":"https:\/\/www.achimbrueckner.de\/dxradio\/php\/wordpress\/index.php?rest_route=%2Fwp%2Fv2%2Ftags&post=44366"}],"curies":[{"name":"wp","href":"https:\/\/api.w.org\/{rel}","templated":true}]}}