{"id":44467,"date":"2025-12-04T16:45:15","date_gmt":"2025-12-04T16:45:15","guid":{"rendered":"https:\/\/www.achimbrueckner.de\/dxradio\/php\/wordpress\/?p=44467"},"modified":"2025-12-04T16:45:15","modified_gmt":"2025-12-04T16:45:15","slug":"schweiz-somedia-behalt-lokalradio-lizenz-in-graubunden","status":"publish","type":"post","link":"https:\/\/www.achimbrueckner.de\/dxradio\/php\/wordpress\/?p=44467","title":{"rendered":"Schweiz: Somedia beh\u00e4lt Lokalradio-Lizenz in Graub\u00fcnden"},"content":{"rendered":"<p><a href=\"https:\/\/www.radioblog.eu\/2025\/12\/04\/schweiz-somedia-behaelt-lokalradio-lizenz-in-graubuenden\/\" target=\"_blank\">https:\/\/www.radioblog.eu\/2025\/12\/04\/schweiz-somedia-behaelt-lokalradio-lizenz-in-graubuenden\/<\/a><\/p>\n","protected":false},"excerpt":{"rendered":"<p>https:\/\/www.radioblog.eu\/2025\/12\/04\/schweiz-somedia-behaelt-lokalradio-lizenz-in-graubuenden\/<\/p>\n","protected":false},"author":1,"featured_media":0,"comment_status":"closed","ping_status":"open","sticky":false,"template":"","format":"standard","meta":{"_jetpack_memberships_contains_paid_content":false,"footnotes":"","jetpack_publicize_message":"","jetpack_publicize_feature_enabled":true,"jetpack_social_post_already_shared":true,"jetpack_social_options":{"image_generator_settings":{"template":"highway","default_image_id":0,"font":"","enabled":false},"version":2}},"categories":[1],"tags":[],"class_list":["post-44467","post","type-post","status-publish","format-standard","hentry","category-deutsch"],"jetpack_publicize_connections":[],"jetpack_featured_media_url":"","jetpack_sharing_enabled":true,"jetpack_shortlink":"https:\/\/wp.me\/p5CDmr-bzd","jetpack-related-posts":[{"id":17500,"url":"https:\/\/www.achimbrueckner.de\/dxradio\/php\/wordpress\/?p=17500","url_meta":{"origin":44467,"position":0},"title":"Niedersachsen: Neues Lokalradio Radio 90vier bekommt Lizenz","author":"Administrator","date":"April 26, 2018","format":false,"excerpt":"http:\/\/www.radiowoche.de\/niedersachsen-neues-lokalradio-radio-90vier-bekommt-lizenz\/","rel":"","context":"In &quot;Deutsch&quot;","block_context":{"text":"Deutsch","link":"https:\/\/www.achimbrueckner.de\/dxradio\/php\/wordpress\/?cat=1"},"img":{"alt_text":"","src":"","width":0,"height":0},"classes":[]},{"id":42935,"url":"https:\/\/www.achimbrueckner.de\/dxradio\/php\/wordpress\/?p=42935","url_meta":{"origin":44467,"position":1},"title":"Schweiz: Radio Z\u00fcriLeu als neues Lokalradio gestartet","author":"Administrator","date":"June 3, 2025","format":false,"excerpt":"https:\/\/www.radioblog.eu\/2025\/06\/03\/schweiz-radio-zuerileu-als-neues-lokalradio-gestartet\/","rel":"","context":"In &quot;Deutsch&quot;","block_context":{"text":"Deutsch","link":"https:\/\/www.achimbrueckner.de\/dxradio\/php\/wordpress\/?cat=1"},"img":{"alt_text":"","src":"","width":0,"height":0},"classes":[]},{"id":2746,"url":"https:\/\/www.achimbrueckner.de\/dxradio\/php\/wordpress\/?p=2746","url_meta":{"origin":44467,"position":2},"title":"Das Buch \u00abOn Air \u2013 Dreissig Jahre Lokalradio in der Schweiz\u00bb","author":"Administrator","date":"November 5, 2013","format":false,"excerpt":"http:\/\/www.lokalradio-onair.ch\/","rel":"","context":"In &quot;Deutsch&quot;","block_context":{"text":"Deutsch","link":"https:\/\/www.achimbrueckner.de\/dxradio\/php\/wordpress\/?cat=1"},"img":{"alt_text":"","src":"","width":0,"height":0},"classes":[]},{"id":45363,"url":"https:\/\/www.achimbrueckner.de\/dxradio\/php\/wordpress\/?p=45363","url_meta":{"origin":44467,"position":3},"title":"Schweiz: SMC gibt Tessiner DAB+ Lizenz zur\u00fcck","author":"Administrator","date":"April 1, 2026","format":false,"excerpt":"https:\/\/www.radioblog.eu\/2026\/03\/31\/schweiz-smc-gibt-tessiner-dab-lizenz-zurueck\/","rel":"","context":"In &quot;Deutsch&quot;","block_context":{"text":"Deutsch","link":"https:\/\/www.achimbrueckner.de\/dxradio\/php\/wordpress\/?cat=1"},"img":{"alt_text":"","src":"","width":0,"height":0},"classes":[]},{"id":12484,"url":"https:\/\/www.achimbrueckner.de\/dxradio\/php\/wordpress\/?p=12484","url_meta":{"origin":44467,"position":4},"title":"Lokalradio-Macher Andreas Nickl: \u201eDas Lokalradio profitiert vom Niedergang des Printsegments&#8221;","author":"Administrator","date":"March 11, 2017","format":false,"excerpt":"http:\/\/www.quotenmeter.de\/n\/91591\/lokalradio-macher-andreas-nickl-das-lokalradio-profitiert-vom-niedergang-des-printsegments","rel":"","context":"In &quot;Deutsch&quot;","block_context":{"text":"Deutsch","link":"https:\/\/www.achimbrueckner.de\/dxradio\/php\/wordpress\/?cat=1"},"img":{"alt_text":"","src":"","width":0,"height":0},"classes":[]},{"id":1965,"url":"https:\/\/www.achimbrueckner.de\/dxradio\/php\/wordpress\/?p=1965","url_meta":{"origin":44467,"position":5},"title":"Neues Lokalradio D\u00fcsseldorf gegr\u00fcndet","author":"Administrator","date":"November 23, 2011","format":false,"excerpt":"Neues Lokalradio D\u00fcsseldorf gegr\u00fcndet http:\/\/www.radioszene.de\/31980\/neues-lokalradio-duesseldorf-gegruendet.html","rel":"","context":"In &quot;Deutsch&quot;","block_context":{"text":"Deutsch","link":"https:\/\/www.achimbrueckner.de\/dxradio\/php\/wordpress\/?cat=1"},"img":{"alt_text":"","src":"","width":0,"height":0},"classes":[]}],"_links":{"self":[{"href":"https:\/\/www.achimbrueckner.de\/dxradio\/php\/wordpress\/index.php?rest_route=\/wp\/v2\/posts\/44467","targetHints":{"allow":["GET"]}}],"collection":[{"href":"https:\/\/www.achimbrueckner.de\/dxradio\/php\/wordpress\/index.php?rest_route=\/wp\/v2\/posts"}],"about":[{"href":"https:\/\/www.achimbrueckner.de\/dxradio\/php\/wordpress\/index.php?rest_route=\/wp\/v2\/types\/post"}],"author":[{"embeddable":true,"href":"https:\/\/www.achimbrueckner.de\/dxradio\/php\/wordpress\/index.php?rest_route=\/wp\/v2\/users\/1"}],"replies":[{"embeddable":true,"href":"https:\/\/www.achimbrueckner.de\/dxradio\/php\/wordpress\/index.php?rest_route=%2Fwp%2Fv2%2Fcomments&post=44467"}],"version-history":[{"count":0,"href":"https:\/\/www.achimbrueckner.de\/dxradio\/php\/wordpress\/index.php?rest_route=\/wp\/v2\/posts\/44467\/revisions"}],"wp:attachment":[{"href":"https:\/\/www.achimbrueckner.de\/dxradio\/php\/wordpress\/index.php?rest_route=%2Fwp%2Fv2%2Fmedia&parent=44467"}],"wp:term":[{"taxonomy":"category","embeddable":true,"href":"https:\/\/www.achimbrueckner.de\/dxradio\/php\/wordpress\/index.php?rest_route=%2Fwp%2Fv2%2Fcategories&post=44467"},{"taxonomy":"post_tag","embeddable":true,"href":"https:\/\/www.achimbrueckner.de\/dxradio\/php\/wordpress\/index.php?rest_route=%2Fwp%2Fv2%2Ftags&post=44467"}],"curies":[{"name":"wp","href":"https:\/\/api.w.org\/{rel}","templated":true}]}}