{"id":44493,"date":"2025-12-09T14:44:13","date_gmt":"2025-12-09T14:44:13","guid":{"rendered":"https:\/\/www.achimbrueckner.de\/dxradio\/php\/wordpress\/?p=44493"},"modified":"2025-12-09T14:44:13","modified_gmt":"2025-12-09T14:44:13","slug":"belgien-lizenz-fur-1005-das-hitradio-vorlaufig-verlangert","status":"publish","type":"post","link":"https:\/\/www.achimbrueckner.de\/dxradio\/php\/wordpress\/?p=44493","title":{"rendered":"Belgien: Lizenz f\u00fcr 100,5 Das Hitradio vorl\u00e4ufig verl\u00e4ngert"},"content":{"rendered":"<p><a href=\"https:\/\/www.radioblog.eu\/2025\/12\/09\/belgien-lizenz-fuer-1005-das-hitradio-vorlaeufig-verlaengert\/\" target=\"_blank\">https:\/\/www.radioblog.eu\/2025\/12\/09\/belgien-lizenz-fuer-1005-das-hitradio-vorlaeufig-verlaengert\/<\/a><\/p>\n","protected":false},"excerpt":{"rendered":"<p>https:\/\/www.radioblog.eu\/2025\/12\/09\/belgien-lizenz-fuer-1005-das-hitradio-vorlaeufig-verlaengert\/<\/p>\n","protected":false},"author":1,"featured_media":0,"comment_status":"closed","ping_status":"open","sticky":false,"template":"","format":"standard","meta":{"_jetpack_memberships_contains_paid_content":false,"footnotes":"","jetpack_publicize_message":"","jetpack_publicize_feature_enabled":true,"jetpack_social_post_already_shared":true,"jetpack_social_options":{"image_generator_settings":{"template":"highway","default_image_id":0,"font":"","enabled":false},"version":2}},"categories":[1],"tags":[],"class_list":["post-44493","post","type-post","status-publish","format-standard","hentry","category-deutsch"],"jetpack_publicize_connections":[],"jetpack_featured_media_url":"","jetpack_sharing_enabled":true,"jetpack_shortlink":"https:\/\/wp.me\/p5CDmr-bzD","jetpack-related-posts":[{"id":42993,"url":"https:\/\/www.achimbrueckner.de\/dxradio\/php\/wordpress\/?p=42993","url_meta":{"origin":44493,"position":0},"title":"Belgien: Befristete Lizenzen f\u00fcr 100,5 Das Hitradio und Radio Sunshine","author":"Administrator","date":"June 10, 2025","format":false,"excerpt":"https:\/\/www.radioblog.eu\/2025\/06\/09\/belgien-befristete-lizenzen-fuer-1005-das-hitradio-und-radio-sunshine\/","rel":"","context":"In &quot;Deutsch&quot;","block_context":{"text":"Deutsch","link":"https:\/\/www.achimbrueckner.de\/dxradio\/php\/wordpress\/?cat=1"},"img":{"alt_text":"","src":"","width":0,"height":0},"classes":[]},{"id":35298,"url":"https:\/\/www.achimbrueckner.de\/dxradio\/php\/wordpress\/?p=35298","url_meta":{"origin":44493,"position":1},"title":"charthitRADIO \u2013 das neue Hitradio f\u00fcr NRW","author":"Administrator","date":"March 21, 2022","format":false,"excerpt":"https:\/\/www.radiowoche.de\/charthitradio-das-neue-hitradio-fuer-nrw\/","rel":"","context":"In &quot;Deutsch&quot;","block_context":{"text":"Deutsch","link":"https:\/\/www.achimbrueckner.de\/dxradio\/php\/wordpress\/?cat=1"},"img":{"alt_text":"","src":"","width":0,"height":0},"classes":[]},{"id":18559,"url":"https:\/\/www.achimbrueckner.de\/dxradio\/php\/wordpress\/?p=18559","url_meta":{"origin":44493,"position":2},"title":"L\u00e4ngst mehr als Radio: 100,5 Das Hitradio wird 20 Jahre alt","author":"Administrator","date":"July 22, 2018","format":false,"excerpt":"http:\/\/www.aachener-zeitung.de\/lokales\/region\/laengst-mehr-als-radio-1005-das-hitradio-wird-20-jahre-alt-1.1946579","rel":"","context":"In &quot;Deutsch&quot;","block_context":{"text":"Deutsch","link":"https:\/\/www.achimbrueckner.de\/dxradio\/php\/wordpress\/?cat=1"},"img":{"alt_text":"","src":"","width":0,"height":0},"classes":[]},{"id":16062,"url":"https:\/\/www.achimbrueckner.de\/dxradio\/php\/wordpress\/?p=16062","url_meta":{"origin":44493,"position":3},"title":"Belgien: \u00dcber 12 Lokalradios verlassen 2018 das UKW-Band","author":"Administrator","date":"January 1, 2018","format":false,"excerpt":"http:\/\/www.radioszene.de\/116539\/ukw-belgien-dab-topradio.html","rel":"","context":"In &quot;Deutsch&quot;","block_context":{"text":"Deutsch","link":"https:\/\/www.achimbrueckner.de\/dxradio\/php\/wordpress\/?cat=1"},"img":{"alt_text":"","src":"","width":0,"height":0},"classes":[]},{"id":43915,"url":"https:\/\/www.achimbrueckner.de\/dxradio\/php\/wordpress\/?p=43915","url_meta":{"origin":44493,"position":4},"title":"HITRADIO OHR hat sein Musikarchiv durchgefeudelt","author":"Administrator","date":"September 30, 2025","format":false,"excerpt":"https:\/\/www.radioszene.de\/206657\/hitradio-ohr-musikarchiv.html","rel":"","context":"In &quot;Deutsch&quot;","block_context":{"text":"Deutsch","link":"https:\/\/www.achimbrueckner.de\/dxradio\/php\/wordpress\/?cat=1"},"img":{"alt_text":"","src":"","width":0,"height":0},"classes":[]},{"id":40846,"url":"https:\/\/www.achimbrueckner.de\/dxradio\/php\/wordpress\/?p=40846","url_meta":{"origin":44493,"position":5},"title":"HITRADIO RT1 stellt F\u00fchrungsteam neu auf","author":"Administrator","date":"January 24, 2024","format":false,"excerpt":"https:\/\/www.radiowoche.de\/hitradio-rt1-stellt-fuehrungsteam-neu-auf\/","rel":"","context":"In &quot;Deutsch&quot;","block_context":{"text":"Deutsch","link":"https:\/\/www.achimbrueckner.de\/dxradio\/php\/wordpress\/?cat=1"},"img":{"alt_text":"","src":"","width":0,"height":0},"classes":[]}],"_links":{"self":[{"href":"https:\/\/www.achimbrueckner.de\/dxradio\/php\/wordpress\/index.php?rest_route=\/wp\/v2\/posts\/44493","targetHints":{"allow":["GET"]}}],"collection":[{"href":"https:\/\/www.achimbrueckner.de\/dxradio\/php\/wordpress\/index.php?rest_route=\/wp\/v2\/posts"}],"about":[{"href":"https:\/\/www.achimbrueckner.de\/dxradio\/php\/wordpress\/index.php?rest_route=\/wp\/v2\/types\/post"}],"author":[{"embeddable":true,"href":"https:\/\/www.achimbrueckner.de\/dxradio\/php\/wordpress\/index.php?rest_route=\/wp\/v2\/users\/1"}],"replies":[{"embeddable":true,"href":"https:\/\/www.achimbrueckner.de\/dxradio\/php\/wordpress\/index.php?rest_route=%2Fwp%2Fv2%2Fcomments&post=44493"}],"version-history":[{"count":0,"href":"https:\/\/www.achimbrueckner.de\/dxradio\/php\/wordpress\/index.php?rest_route=\/wp\/v2\/posts\/44493\/revisions"}],"wp:attachment":[{"href":"https:\/\/www.achimbrueckner.de\/dxradio\/php\/wordpress\/index.php?rest_route=%2Fwp%2Fv2%2Fmedia&parent=44493"}],"wp:term":[{"taxonomy":"category","embeddable":true,"href":"https:\/\/www.achimbrueckner.de\/dxradio\/php\/wordpress\/index.php?rest_route=%2Fwp%2Fv2%2Fcategories&post=44493"},{"taxonomy":"post_tag","embeddable":true,"href":"https:\/\/www.achimbrueckner.de\/dxradio\/php\/wordpress\/index.php?rest_route=%2Fwp%2Fv2%2Ftags&post=44493"}],"curies":[{"name":"wp","href":"https:\/\/api.w.org\/{rel}","templated":true}]}}