{"id":44499,"date":"2025-12-08T14:49:01","date_gmt":"2025-12-08T14:49:01","guid":{"rendered":"https:\/\/www.achimbrueckner.de\/dxradio\/php\/wordpress\/?p=44499"},"modified":"2025-12-09T14:49:32","modified_gmt":"2025-12-09T14:49:32","slug":"ndr-veroffentlicht-plane-fur-dab-netzausbau-2026","status":"publish","type":"post","link":"https:\/\/www.achimbrueckner.de\/dxradio\/php\/wordpress\/?p=44499","title":{"rendered":"NDR ver\u00f6ffentlicht Pl\u00e4ne f\u00fcr DAB+ Netzausbau 2026"},"content":{"rendered":"<p><a href=\"https:\/\/www.radioblog.eu\/2025\/12\/08\/ndr-veroeffentlicht-plaene-fuer-dab-netzausbau-2026\/\" target=\"_blank\">https:\/\/www.radioblog.eu\/2025\/12\/08\/ndr-veroeffentlicht-plaene-fuer-dab-netzausbau-2026\/<\/a><\/p>\n","protected":false},"excerpt":{"rendered":"<p>https:\/\/www.radioblog.eu\/2025\/12\/08\/ndr-veroeffentlicht-plaene-fuer-dab-netzausbau-2026\/<\/p>\n","protected":false},"author":1,"featured_media":0,"comment_status":"closed","ping_status":"open","sticky":false,"template":"","format":"standard","meta":{"_jetpack_memberships_contains_paid_content":false,"footnotes":"","jetpack_publicize_message":"","jetpack_publicize_feature_enabled":true,"jetpack_social_post_already_shared":true,"jetpack_social_options":{"image_generator_settings":{"template":"highway","default_image_id":0,"font":"","enabled":false},"version":2}},"categories":[1],"tags":[],"class_list":["post-44499","post","type-post","status-publish","format-standard","hentry","category-deutsch"],"jetpack_publicize_connections":[],"jetpack_featured_media_url":"","jetpack_sharing_enabled":true,"jetpack_shortlink":"https:\/\/wp.me\/p5CDmr-bzJ","jetpack-related-posts":[{"id":45061,"url":"https:\/\/www.achimbrueckner.de\/dxradio\/php\/wordpress\/?p=45061","url_meta":{"origin":44499,"position":0},"title":"Bericht: SWR \u00e4ndert Pl\u00e4ne f\u00fcr DAB+ Netzausbau","author":"Administrator","date":"February 18, 2026","format":false,"excerpt":"https:\/\/www.radioblog.eu\/2026\/02\/18\/bericht-swr-aendert-plaene-fuer-dab-netzausbau\/","rel":"","context":"In &quot;Deutsch&quot;","block_context":{"text":"Deutsch","link":"https:\/\/www.achimbrueckner.de\/dxradio\/php\/wordpress\/?cat=1"},"img":{"alt_text":"","src":"","width":0,"height":0},"classes":[]},{"id":44362,"url":"https:\/\/www.achimbrueckner.de\/dxradio\/php\/wordpress\/?p=44362","url_meta":{"origin":44499,"position":1},"title":"NDR ver\u00f6ffentlicht Frequenzen f\u00fcr \u201eGru\u00df an Bord\u201c","author":"Administrator","date":"November 24, 2025","format":false,"excerpt":"https:\/\/www.radioblog.eu\/2025\/11\/24\/ndr-veroeffentlicht-frequenzen-fuer-gruss-an-bord\/","rel":"","context":"In &quot;Deutsch&quot;","block_context":{"text":"Deutsch","link":"https:\/\/www.achimbrueckner.de\/dxradio\/php\/wordpress\/?cat=1"},"img":{"alt_text":"","src":"","width":0,"height":0},"classes":[]},{"id":45048,"url":"https:\/\/www.achimbrueckner.de\/dxradio\/php\/wordpress\/?p=45048","url_meta":{"origin":44499,"position":2},"title":"Weiterhin DAB+ Pl\u00e4ne f\u00fcr die Chillout Antenne","author":"Administrator","date":"February 16, 2026","format":false,"excerpt":"https:\/\/www.radioblog.eu\/2026\/02\/15\/weiterhin-dab-plaene-fuer-die-chillout-antenne\/","rel":"","context":"In &quot;Deutsch&quot;","block_context":{"text":"Deutsch","link":"https:\/\/www.achimbrueckner.de\/dxradio\/php\/wordpress\/?cat=1"},"img":{"alt_text":"","src":"","width":0,"height":0},"classes":[]},{"id":44906,"url":"https:\/\/www.achimbrueckner.de\/dxradio\/php\/wordpress\/?p=44906","url_meta":{"origin":44499,"position":3},"title":"DAB+ Netzausbau in Schleswig-Holstein l\u00e4uft weiter","author":"Administrator","date":"January 28, 2026","format":false,"excerpt":"https:\/\/www.radioblog.eu\/2026\/01\/28\/dab-netzausbau-in-schleswig-holstein-laeuft-weiter\/","rel":"","context":"In &quot;Deutsch&quot;","block_context":{"text":"Deutsch","link":"https:\/\/www.achimbrueckner.de\/dxradio\/php\/wordpress\/?cat=1"},"img":{"alt_text":"","src":"","width":0,"height":0},"classes":[]},{"id":36385,"url":"https:\/\/www.achimbrueckner.de\/dxradio\/php\/wordpress\/?p=36385","url_meta":{"origin":44499,"position":4},"title":"DAB+: Netzausbau im Norden und neues Programm im S\u00fcden","author":"Administrator","date":"May 22, 2022","format":false,"excerpt":"https:\/\/www.teltarif.de\/dab-plus-ndr-mkr-bayern-netzausbau\/news\/88220.html","rel":"","context":"In &quot;Deutsch&quot;","block_context":{"text":"Deutsch","link":"https:\/\/www.achimbrueckner.de\/dxradio\/php\/wordpress\/?cat=1"},"img":{"alt_text":"","src":"","width":0,"height":0},"classes":[]},{"id":45018,"url":"https:\/\/www.achimbrueckner.de\/dxradio\/php\/wordpress\/?p=45018","url_meta":{"origin":44499,"position":5},"title":"Schweden: DAB+ Netzausbau bei Viaplay l\u00e4uft weiter","author":"Administrator","date":"February 12, 2026","format":false,"excerpt":"https:\/\/www.radioblog.eu\/2026\/02\/11\/schweden-dab-netzausbau-bei-viaplay-laeuft-weiter\/","rel":"","context":"In &quot;Deutsch&quot;","block_context":{"text":"Deutsch","link":"https:\/\/www.achimbrueckner.de\/dxradio\/php\/wordpress\/?cat=1"},"img":{"alt_text":"","src":"","width":0,"height":0},"classes":[]}],"_links":{"self":[{"href":"https:\/\/www.achimbrueckner.de\/dxradio\/php\/wordpress\/index.php?rest_route=\/wp\/v2\/posts\/44499","targetHints":{"allow":["GET"]}}],"collection":[{"href":"https:\/\/www.achimbrueckner.de\/dxradio\/php\/wordpress\/index.php?rest_route=\/wp\/v2\/posts"}],"about":[{"href":"https:\/\/www.achimbrueckner.de\/dxradio\/php\/wordpress\/index.php?rest_route=\/wp\/v2\/types\/post"}],"author":[{"embeddable":true,"href":"https:\/\/www.achimbrueckner.de\/dxradio\/php\/wordpress\/index.php?rest_route=\/wp\/v2\/users\/1"}],"replies":[{"embeddable":true,"href":"https:\/\/www.achimbrueckner.de\/dxradio\/php\/wordpress\/index.php?rest_route=%2Fwp%2Fv2%2Fcomments&post=44499"}],"version-history":[{"count":0,"href":"https:\/\/www.achimbrueckner.de\/dxradio\/php\/wordpress\/index.php?rest_route=\/wp\/v2\/posts\/44499\/revisions"}],"wp:attachment":[{"href":"https:\/\/www.achimbrueckner.de\/dxradio\/php\/wordpress\/index.php?rest_route=%2Fwp%2Fv2%2Fmedia&parent=44499"}],"wp:term":[{"taxonomy":"category","embeddable":true,"href":"https:\/\/www.achimbrueckner.de\/dxradio\/php\/wordpress\/index.php?rest_route=%2Fwp%2Fv2%2Fcategories&post=44499"},{"taxonomy":"post_tag","embeddable":true,"href":"https:\/\/www.achimbrueckner.de\/dxradio\/php\/wordpress\/index.php?rest_route=%2Fwp%2Fv2%2Ftags&post=44499"}],"curies":[{"name":"wp","href":"https:\/\/api.w.org\/{rel}","templated":true}]}}