{"id":44505,"date":"2025-12-09T14:53:48","date_gmt":"2025-12-09T14:53:48","guid":{"rendered":"https:\/\/www.achimbrueckner.de\/dxradio\/php\/wordpress\/?p=44505"},"modified":"2025-12-09T14:53:48","modified_gmt":"2025-12-09T14:53:48","slug":"winterwunder-gong-96-3-zaubert-nikolaus-uber-munchen","status":"publish","type":"post","link":"https:\/\/www.achimbrueckner.de\/dxradio\/php\/wordpress\/?p=44505","title":{"rendered":"Winterwunder: Gong 96.3 zaubert Nikolaus \u00fcber M\u00fcnchen"},"content":{"rendered":"<p><a href=\"https:\/\/www.radioszene.de\/208578\/radio-gong963-winterwunder.html\" target=\"_blank\">https:\/\/www.radioszene.de\/208578\/radio-gong963-winterwunder.html<\/a><\/p>\n","protected":false},"excerpt":{"rendered":"<p>https:\/\/www.radioszene.de\/208578\/radio-gong963-winterwunder.html<\/p>\n","protected":false},"author":1,"featured_media":0,"comment_status":"closed","ping_status":"open","sticky":false,"template":"","format":"standard","meta":{"_jetpack_memberships_contains_paid_content":false,"footnotes":"","jetpack_publicize_message":"","jetpack_publicize_feature_enabled":true,"jetpack_social_post_already_shared":true,"jetpack_social_options":{"image_generator_settings":{"template":"highway","default_image_id":0,"font":"","enabled":false},"version":2}},"categories":[1],"tags":[],"class_list":["post-44505","post","type-post","status-publish","format-standard","hentry","category-deutsch"],"jetpack_publicize_connections":[],"jetpack_featured_media_url":"","jetpack_sharing_enabled":true,"jetpack_shortlink":"https:\/\/wp.me\/p5CDmr-bzP","jetpack-related-posts":[{"id":28744,"url":"https:\/\/www.achimbrueckner.de\/dxradio\/php\/wordpress\/?p=28744","url_meta":{"origin":44505,"position":0},"title":"Nach 35 Jahren: Radio Gong 96.3 verl\u00e4sst Schwabing","author":"Administrator","date":"May 20, 2020","format":false,"excerpt":"https:\/\/www.radioszene.de\/143853\/radio-gong963-verlaesst-schwabing.html","rel":"","context":"In &quot;Deutsch&quot;","block_context":{"text":"Deutsch","link":"https:\/\/www.achimbrueckner.de\/dxradio\/php\/wordpress\/?cat=1"},"img":{"alt_text":"","src":"","width":0,"height":0},"classes":[]},{"id":32600,"url":"https:\/\/www.achimbrueckner.de\/dxradio\/php\/wordpress\/?p=32600","url_meta":{"origin":44505,"position":1},"title":"Innovation: Gong 96.3 bietet als erster Radiosender spannenden Audio-Live-Walk f\u00fcr H\u00f6rer an","author":"Administrator","date":"May 1, 2021","format":false,"excerpt":"https:\/\/www.radioszene.de\/154107\/radio-gong963-audio-live-walk.html","rel":"","context":"In &quot;audio&quot;","block_context":{"text":"audio","link":"https:\/\/www.achimbrueckner.de\/dxradio\/php\/wordpress\/?cat=47"},"img":{"alt_text":"","src":"","width":0,"height":0},"classes":[]},{"id":42925,"url":"https:\/\/www.achimbrueckner.de\/dxradio\/php\/wordpress\/?p=42925","url_meta":{"origin":44505,"position":2},"title":"40 Jahre Gong 96.3: So feierte M\u00fcnchen die gro\u00dfe Radio-Party","author":"Administrator","date":"May 31, 2025","format":false,"excerpt":"https:\/\/www.radioszene.de\/203155\/40jahre-radio-gong-party.html","rel":"","context":"In &quot;Deutsch&quot;","block_context":{"text":"Deutsch","link":"https:\/\/www.achimbrueckner.de\/dxradio\/php\/wordpress\/?cat=1"},"img":{"alt_text":"","src":"","width":0,"height":0},"classes":[]},{"id":29446,"url":"https:\/\/www.achimbrueckner.de\/dxradio\/php\/wordpress\/?p=29446","url_meta":{"origin":44505,"position":3},"title":"Ministerpr\u00e4sident S\u00f6der er\u00f6ffnet neues Sendezentrum von Gong 96.3","author":"Administrator","date":"July 15, 2020","format":false,"excerpt":"https:\/\/www.radioszene.de\/145552\/soeder-gong963-sendezentrum.html","rel":"","context":"In &quot;Deutsch&quot;","block_context":{"text":"Deutsch","link":"https:\/\/www.achimbrueckner.de\/dxradio\/php\/wordpress\/?cat=1"},"img":{"alt_text":"","src":"","width":0,"height":0},"classes":[]},{"id":41846,"url":"https:\/\/www.achimbrueckner.de\/dxradio\/php\/wordpress\/?p=41846","url_meta":{"origin":44505,"position":4},"title":"Gong 96.3 launcht Deutschlands erste Radiowebsite mit KI-optimierter User Experience","author":"Administrator","date":"October 23, 2024","format":false,"excerpt":"https:\/\/www.radioszene.de\/192002\/gong963-ki-radiowebsite.html","rel":"","context":"In &quot;Deutsch&quot;","block_context":{"text":"Deutsch","link":"https:\/\/www.achimbrueckner.de\/dxradio\/php\/wordpress\/?cat=1"},"img":{"alt_text":"","src":"","width":0,"height":0},"classes":[]},{"id":30651,"url":"https:\/\/www.achimbrueckner.de\/dxradio\/php\/wordpress\/?p=30651","url_meta":{"origin":44505,"position":5},"title":"Bayerische Medien Technik und Radio Gong 96.3 M\u00fcnchen entwickeln Streaming Intelligence-App MyRadio","author":"Administrator","date":"October 31, 2020","format":false,"excerpt":"https:\/\/www.radiowoche.de\/bayerische-medien-technik-und-radio-gong-96-3-muenchen-entwickeln-streaming-intelligence-app-myradio\/","rel":"","context":"In &quot;Deutsch&quot;","block_context":{"text":"Deutsch","link":"https:\/\/www.achimbrueckner.de\/dxradio\/php\/wordpress\/?cat=1"},"img":{"alt_text":"","src":"","width":0,"height":0},"classes":[]}],"_links":{"self":[{"href":"https:\/\/www.achimbrueckner.de\/dxradio\/php\/wordpress\/index.php?rest_route=\/wp\/v2\/posts\/44505","targetHints":{"allow":["GET"]}}],"collection":[{"href":"https:\/\/www.achimbrueckner.de\/dxradio\/php\/wordpress\/index.php?rest_route=\/wp\/v2\/posts"}],"about":[{"href":"https:\/\/www.achimbrueckner.de\/dxradio\/php\/wordpress\/index.php?rest_route=\/wp\/v2\/types\/post"}],"author":[{"embeddable":true,"href":"https:\/\/www.achimbrueckner.de\/dxradio\/php\/wordpress\/index.php?rest_route=\/wp\/v2\/users\/1"}],"replies":[{"embeddable":true,"href":"https:\/\/www.achimbrueckner.de\/dxradio\/php\/wordpress\/index.php?rest_route=%2Fwp%2Fv2%2Fcomments&post=44505"}],"version-history":[{"count":0,"href":"https:\/\/www.achimbrueckner.de\/dxradio\/php\/wordpress\/index.php?rest_route=\/wp\/v2\/posts\/44505\/revisions"}],"wp:attachment":[{"href":"https:\/\/www.achimbrueckner.de\/dxradio\/php\/wordpress\/index.php?rest_route=%2Fwp%2Fv2%2Fmedia&parent=44505"}],"wp:term":[{"taxonomy":"category","embeddable":true,"href":"https:\/\/www.achimbrueckner.de\/dxradio\/php\/wordpress\/index.php?rest_route=%2Fwp%2Fv2%2Fcategories&post=44505"},{"taxonomy":"post_tag","embeddable":true,"href":"https:\/\/www.achimbrueckner.de\/dxradio\/php\/wordpress\/index.php?rest_route=%2Fwp%2Fv2%2Ftags&post=44505"}],"curies":[{"name":"wp","href":"https:\/\/api.w.org\/{rel}","templated":true}]}}