{"id":44509,"date":"2025-12-10T16:00:45","date_gmt":"2025-12-10T16:00:45","guid":{"rendered":"https:\/\/www.achimbrueckner.de\/dxradio\/php\/wordpress\/?p=44509"},"modified":"2025-12-10T16:00:45","modified_gmt":"2025-12-10T16:00:45","slug":"schweiz-das-sagt-der-vsp-zur-ukw-verlangerung","status":"publish","type":"post","link":"https:\/\/www.achimbrueckner.de\/dxradio\/php\/wordpress\/?p=44509","title":{"rendered":"Schweiz: Das sagt der VSP zur UKW-Verl\u00e4ngerung"},"content":{"rendered":"<p><a href=\"https:\/\/www.radioblog.eu\/2025\/12\/10\/schweiz-das-sagt-der-vsp-zur-ukw-verlaengerung\/\" target=\"_blank\">https:\/\/www.radioblog.eu\/2025\/12\/10\/schweiz-das-sagt-der-vsp-zur-ukw-verlaengerung\/<\/a><\/p>\n","protected":false},"excerpt":{"rendered":"<p>https:\/\/www.radioblog.eu\/2025\/12\/10\/schweiz-das-sagt-der-vsp-zur-ukw-verlaengerung\/<\/p>\n","protected":false},"author":1,"featured_media":0,"comment_status":"closed","ping_status":"open","sticky":false,"template":"","format":"standard","meta":{"_jetpack_memberships_contains_paid_content":false,"footnotes":"","jetpack_publicize_message":"","jetpack_publicize_feature_enabled":true,"jetpack_social_post_already_shared":true,"jetpack_social_options":{"image_generator_settings":{"template":"highway","default_image_id":0,"font":"","enabled":false},"version":2}},"categories":[1],"tags":[],"class_list":["post-44509","post","type-post","status-publish","format-standard","hentry","category-deutsch"],"jetpack_publicize_connections":[],"jetpack_featured_media_url":"","jetpack_sharing_enabled":true,"jetpack_shortlink":"https:\/\/wp.me\/p5CDmr-bzT","jetpack-related-posts":[{"id":43663,"url":"https:\/\/www.achimbrueckner.de\/dxradio\/php\/wordpress\/?p=43663","url_meta":{"origin":44509,"position":0},"title":"Schweiz: Bundesrat gegen UKW-Verl\u00e4ngerung","author":"Administrator","date":"August 28, 2025","format":false,"excerpt":"https:\/\/www.radioblog.eu\/2025\/08\/28\/schweiz-bundesrat-gegen-ukw-verlaengerung\/","rel":"","context":"In &quot;Deutsch&quot;","block_context":{"text":"Deutsch","link":"https:\/\/www.achimbrueckner.de\/dxradio\/php\/wordpress\/?cat=1"},"img":{"alt_text":"","src":"","width":0,"height":0},"classes":[]},{"id":44239,"url":"https:\/\/www.achimbrueckner.de\/dxradio\/php\/wordpress\/?p=44239","url_meta":{"origin":44509,"position":1},"title":"Schweiz: UKW-Verl\u00e4ngerung r\u00fcckt n\u00e4her","author":"Administrator","date":"November 8, 2025","format":false,"excerpt":"https:\/\/www.radioblog.eu\/2025\/11\/08\/schweiz-ukw-verlaengerung-rueckt-naeher\/","rel":"","context":"In &quot;Deutsch&quot;","block_context":{"text":"Deutsch","link":"https:\/\/www.achimbrueckner.de\/dxradio\/php\/wordpress\/?cat=1"},"img":{"alt_text":"","src":"","width":0,"height":0},"classes":[]},{"id":43766,"url":"https:\/\/www.achimbrueckner.de\/dxradio\/php\/wordpress\/?p=43766","url_meta":{"origin":44509,"position":2},"title":"Schweiz: Nationalrat will Verl\u00e4ngerung f\u00fcr Radio auf UKW","author":"Administrator","date":"September 10, 2025","format":false,"excerpt":"https:\/\/www.radioblog.eu\/2025\/09\/09\/schweiz-nationalrat-will-verlaengerung-fuer-radio-auf-ukw\/","rel":"","context":"In &quot;Deutsch&quot;","block_context":{"text":"Deutsch","link":"https:\/\/www.achimbrueckner.de\/dxradio\/php\/wordpress\/?cat=1"},"img":{"alt_text":"","src":"","width":0,"height":0},"classes":[]},{"id":42091,"url":"https:\/\/www.achimbrueckner.de\/dxradio\/php\/wordpress\/?p=42091","url_meta":{"origin":44509,"position":3},"title":"Live-Ticker: Tag der Abschaltungen auf UKW und DAB+ in der Schweiz","author":"Administrator","date":"January 2, 2025","format":false,"excerpt":"https:\/\/www.radioblog.eu\/2025\/01\/02\/live-ticker-tag-der-abschaltungen-auf-ukw-und-dab-in-der-schweiz\/","rel":"","context":"In &quot;Deutsch&quot;","block_context":{"text":"Deutsch","link":"https:\/\/www.achimbrueckner.de\/dxradio\/php\/wordpress\/?cat=1"},"img":{"alt_text":"","src":"","width":0,"height":0},"classes":[]},{"id":41656,"url":"https:\/\/www.achimbrueckner.de\/dxradio\/php\/wordpress\/?p=41656","url_meta":{"origin":44509,"position":4},"title":"UKW in der Schweiz: Auch viele Privatradios schalten ab","author":"Administrator","date":"September 2, 2024","format":false,"excerpt":"https:\/\/www.radioblog.eu\/2024\/08\/31\/ukw-in-der-schweiz-auch-viele-privatradios-schalten-ab\/","rel":"","context":"In &quot;Deutsch&quot;","block_context":{"text":"Deutsch","link":"https:\/\/www.achimbrueckner.de\/dxradio\/php\/wordpress\/?cat=1"},"img":{"alt_text":"","src":"","width":0,"height":0},"classes":[]},{"id":45310,"url":"https:\/\/www.achimbrueckner.de\/dxradio\/php\/wordpress\/?p=45310","url_meta":{"origin":44509,"position":5},"title":"Schweiz: Urlaubskantone fordern schnelles UKW-Comeback der SRG","author":"Administrator","date":"March 24, 2026","format":false,"excerpt":"https:\/\/www.radioblog.eu\/2026\/03\/24\/schweiz-urlaubskantone-fordern-schnelles-ukw-comeback-der-srg\/","rel":"","context":"In &quot;Deutsch&quot;","block_context":{"text":"Deutsch","link":"https:\/\/www.achimbrueckner.de\/dxradio\/php\/wordpress\/?cat=1"},"img":{"alt_text":"","src":"","width":0,"height":0},"classes":[]}],"_links":{"self":[{"href":"https:\/\/www.achimbrueckner.de\/dxradio\/php\/wordpress\/index.php?rest_route=\/wp\/v2\/posts\/44509","targetHints":{"allow":["GET"]}}],"collection":[{"href":"https:\/\/www.achimbrueckner.de\/dxradio\/php\/wordpress\/index.php?rest_route=\/wp\/v2\/posts"}],"about":[{"href":"https:\/\/www.achimbrueckner.de\/dxradio\/php\/wordpress\/index.php?rest_route=\/wp\/v2\/types\/post"}],"author":[{"embeddable":true,"href":"https:\/\/www.achimbrueckner.de\/dxradio\/php\/wordpress\/index.php?rest_route=\/wp\/v2\/users\/1"}],"replies":[{"embeddable":true,"href":"https:\/\/www.achimbrueckner.de\/dxradio\/php\/wordpress\/index.php?rest_route=%2Fwp%2Fv2%2Fcomments&post=44509"}],"version-history":[{"count":0,"href":"https:\/\/www.achimbrueckner.de\/dxradio\/php\/wordpress\/index.php?rest_route=\/wp\/v2\/posts\/44509\/revisions"}],"wp:attachment":[{"href":"https:\/\/www.achimbrueckner.de\/dxradio\/php\/wordpress\/index.php?rest_route=%2Fwp%2Fv2%2Fmedia&parent=44509"}],"wp:term":[{"taxonomy":"category","embeddable":true,"href":"https:\/\/www.achimbrueckner.de\/dxradio\/php\/wordpress\/index.php?rest_route=%2Fwp%2Fv2%2Fcategories&post=44509"},{"taxonomy":"post_tag","embeddable":true,"href":"https:\/\/www.achimbrueckner.de\/dxradio\/php\/wordpress\/index.php?rest_route=%2Fwp%2Fv2%2Ftags&post=44509"}],"curies":[{"name":"wp","href":"https:\/\/api.w.org\/{rel}","templated":true}]}}