{"id":44518,"date":"2025-12-11T13:29:29","date_gmt":"2025-12-11T13:29:29","guid":{"rendered":"https:\/\/www.achimbrueckner.de\/dxradio\/php\/wordpress\/?p=44518"},"modified":"2025-12-11T13:29:29","modified_gmt":"2025-12-11T13:29:29","slug":"schweiz-unikom-von-ukw-beschluss-enttauscht","status":"publish","type":"post","link":"https:\/\/www.achimbrueckner.de\/dxradio\/php\/wordpress\/?p=44518","title":{"rendered":"Schweiz: UNIKOM von UKW-Beschluss entt\u00e4uscht"},"content":{"rendered":"<p><a href=\"https:\/\/www.radioblog.eu\/2025\/12\/11\/schweiz-unikom-von-ukw-beschluss-enttaeuscht\/\" target=\"_blank\">https:\/\/www.radioblog.eu\/2025\/12\/11\/schweiz-unikom-von-ukw-beschluss-enttaeuscht\/<\/a><\/p>\n","protected":false},"excerpt":{"rendered":"<p>https:\/\/www.radioblog.eu\/2025\/12\/11\/schweiz-unikom-von-ukw-beschluss-enttaeuscht\/<\/p>\n","protected":false},"author":1,"featured_media":0,"comment_status":"closed","ping_status":"open","sticky":false,"template":"","format":"standard","meta":{"_jetpack_memberships_contains_paid_content":false,"footnotes":"","jetpack_publicize_message":"","jetpack_publicize_feature_enabled":true,"jetpack_social_post_already_shared":true,"jetpack_social_options":{"image_generator_settings":{"template":"highway","default_image_id":0,"font":"","enabled":false},"version":2}},"categories":[1],"tags":[],"class_list":["post-44518","post","type-post","status-publish","format-standard","hentry","category-deutsch"],"jetpack_publicize_connections":[],"jetpack_featured_media_url":"","jetpack_sharing_enabled":true,"jetpack_shortlink":"https:\/\/wp.me\/p5CDmr-bA2","jetpack-related-posts":[{"id":44530,"url":"https:\/\/www.achimbrueckner.de\/dxradio\/php\/wordpress\/?p=44530","url_meta":{"origin":44518,"position":0},"title":"Schweiz: SRG plant R\u00fcckkehr auf UKW","author":"Administrator","date":"December 12, 2025","format":false,"excerpt":"https:\/\/www.radioblog.eu\/2025\/12\/11\/schweiz-srg-plant-rueckkehr-auf-ukw\/","rel":"","context":"In &quot;Deutsch&quot;","block_context":{"text":"Deutsch","link":"https:\/\/www.achimbrueckner.de\/dxradio\/php\/wordpress\/?cat=1"},"img":{"alt_text":"","src":"","width":0,"height":0},"classes":[]},{"id":44239,"url":"https:\/\/www.achimbrueckner.de\/dxradio\/php\/wordpress\/?p=44239","url_meta":{"origin":44518,"position":1},"title":"Schweiz: UKW-Verl\u00e4ngerung r\u00fcckt n\u00e4her","author":"Administrator","date":"November 8, 2025","format":false,"excerpt":"https:\/\/www.radioblog.eu\/2025\/11\/08\/schweiz-ukw-verlaengerung-rueckt-naeher\/","rel":"","context":"In &quot;Deutsch&quot;","block_context":{"text":"Deutsch","link":"https:\/\/www.achimbrueckner.de\/dxradio\/php\/wordpress\/?cat=1"},"img":{"alt_text":"","src":"","width":0,"height":0},"classes":[]},{"id":44342,"url":"https:\/\/www.achimbrueckner.de\/dxradio\/php\/wordpress\/?p=44342","url_meta":{"origin":44518,"position":2},"title":"Schweiz: UKW-Abschaltungen bei Radio FM1","author":"Administrator","date":"November 20, 2025","format":false,"excerpt":"https:\/\/www.radioblog.eu\/2025\/11\/19\/schweiz-ukw-abschaltungen-bei-radio-fm1\/","rel":"","context":"In &quot;Deutsch&quot;","block_context":{"text":"Deutsch","link":"https:\/\/www.achimbrueckner.de\/dxradio\/php\/wordpress\/?cat=1"},"img":{"alt_text":"","src":"","width":0,"height":0},"classes":[]},{"id":44540,"url":"https:\/\/www.achimbrueckner.de\/dxradio\/php\/wordpress\/?p=44540","url_meta":{"origin":44518,"position":3},"title":"Schweiz: digris f\u00fchrt Bedarfsabfrage zu UKW durch","author":"Administrator","date":"December 13, 2025","format":false,"excerpt":"https:\/\/www.radioblog.eu\/2025\/12\/12\/schweiz-digris-fuehrt-bedarfsabfrage-zu-ukw-durch\/","rel":"","context":"In &quot;Deutsch&quot;","block_context":{"text":"Deutsch","link":"https:\/\/www.achimbrueckner.de\/dxradio\/php\/wordpress\/?cat=1"},"img":{"alt_text":"","src":"","width":0,"height":0},"classes":[]},{"id":44662,"url":"https:\/\/www.achimbrueckner.de\/dxradio\/php\/wordpress\/?p=44662","url_meta":{"origin":44518,"position":4},"title":"Schweiz: Kanal K schaltet UKW-Frequenz ab","author":"Administrator","date":"December 29, 2025","format":false,"excerpt":"https:\/\/www.radioblog.eu\/2025\/12\/29\/schweiz-kanal-k-schaltet-ukw-frequenz-ab\/","rel":"","context":"In &quot;Deutsch&quot;","block_context":{"text":"Deutsch","link":"https:\/\/www.achimbrueckner.de\/dxradio\/php\/wordpress\/?cat=1"},"img":{"alt_text":"","src":"","width":0,"height":0},"classes":[]},{"id":44491,"url":"https:\/\/www.achimbrueckner.de\/dxradio\/php\/wordpress\/?p=44491","url_meta":{"origin":44518,"position":5},"title":"Schweiz: UKW l\u00e4uft \u00fcber 2026 hinaus weiter","author":"Administrator","date":"December 9, 2025","format":false,"excerpt":"https:\/\/www.radioblog.eu\/2025\/12\/09\/schweiz-ukw-laeuft-ueber-2026-hinaus-weiter\/","rel":"","context":"In &quot;Deutsch&quot;","block_context":{"text":"Deutsch","link":"https:\/\/www.achimbrueckner.de\/dxradio\/php\/wordpress\/?cat=1"},"img":{"alt_text":"","src":"","width":0,"height":0},"classes":[]}],"_links":{"self":[{"href":"https:\/\/www.achimbrueckner.de\/dxradio\/php\/wordpress\/index.php?rest_route=\/wp\/v2\/posts\/44518","targetHints":{"allow":["GET"]}}],"collection":[{"href":"https:\/\/www.achimbrueckner.de\/dxradio\/php\/wordpress\/index.php?rest_route=\/wp\/v2\/posts"}],"about":[{"href":"https:\/\/www.achimbrueckner.de\/dxradio\/php\/wordpress\/index.php?rest_route=\/wp\/v2\/types\/post"}],"author":[{"embeddable":true,"href":"https:\/\/www.achimbrueckner.de\/dxradio\/php\/wordpress\/index.php?rest_route=\/wp\/v2\/users\/1"}],"replies":[{"embeddable":true,"href":"https:\/\/www.achimbrueckner.de\/dxradio\/php\/wordpress\/index.php?rest_route=%2Fwp%2Fv2%2Fcomments&post=44518"}],"version-history":[{"count":0,"href":"https:\/\/www.achimbrueckner.de\/dxradio\/php\/wordpress\/index.php?rest_route=\/wp\/v2\/posts\/44518\/revisions"}],"wp:attachment":[{"href":"https:\/\/www.achimbrueckner.de\/dxradio\/php\/wordpress\/index.php?rest_route=%2Fwp%2Fv2%2Fmedia&parent=44518"}],"wp:term":[{"taxonomy":"category","embeddable":true,"href":"https:\/\/www.achimbrueckner.de\/dxradio\/php\/wordpress\/index.php?rest_route=%2Fwp%2Fv2%2Fcategories&post=44518"},{"taxonomy":"post_tag","embeddable":true,"href":"https:\/\/www.achimbrueckner.de\/dxradio\/php\/wordpress\/index.php?rest_route=%2Fwp%2Fv2%2Ftags&post=44518"}],"curies":[{"name":"wp","href":"https:\/\/api.w.org\/{rel}","templated":true}]}}