{"id":44520,"date":"2025-12-11T13:31:39","date_gmt":"2025-12-11T13:31:39","guid":{"rendered":"https:\/\/www.achimbrueckner.de\/dxradio\/php\/wordpress\/?p=44520"},"modified":"2025-12-11T13:31:39","modified_gmt":"2025-12-11T13:31:39","slug":"usa-monk-fm-und-ho-ho-108-lauten-den-start-neuer-radiostationen-ein","status":"publish","type":"post","link":"https:\/\/www.achimbrueckner.de\/dxradio\/php\/wordpress\/?p=44520","title":{"rendered":"USA: Monk FM und Ho Ho 108 l\u00e4uten den Start neuer Radiostationen ein"},"content":{"rendered":"<p><a href=\"https:\/\/www.radioblog.eu\/2025\/12\/10\/usa-monk-fm-und-ho-ho-108-laeuten-den-start-neuer-radiostationen-ein\/\" target=\"_blank\">https:\/\/www.radioblog.eu\/2025\/12\/10\/usa-monk-fm-und-ho-ho-108-laeuten-den-start-neuer-radiostationen-ein\/<\/a><\/p>\n","protected":false},"excerpt":{"rendered":"<p>https:\/\/www.radioblog.eu\/2025\/12\/10\/usa-monk-fm-und-ho-ho-108-laeuten-den-start-neuer-radiostationen-ein\/<\/p>\n","protected":false},"author":1,"featured_media":0,"comment_status":"closed","ping_status":"open","sticky":false,"template":"","format":"standard","meta":{"_jetpack_memberships_contains_paid_content":false,"footnotes":"","jetpack_publicize_message":"","jetpack_publicize_feature_enabled":true,"jetpack_social_post_already_shared":true,"jetpack_social_options":{"image_generator_settings":{"template":"highway","default_image_id":0,"font":"","enabled":false},"version":2}},"categories":[1],"tags":[],"class_list":["post-44520","post","type-post","status-publish","format-standard","hentry","category-deutsch"],"jetpack_publicize_connections":[],"jetpack_featured_media_url":"","jetpack_sharing_enabled":true,"jetpack_shortlink":"https:\/\/wp.me\/p5CDmr-bA4","jetpack-related-posts":[{"id":39645,"url":"https:\/\/www.achimbrueckner.de\/dxradio\/php\/wordpress\/?p=39645","url_meta":{"origin":44520,"position":0},"title":"Radio Forum als Webradio zur\u00fcck!","author":"Administrator","date":"June 13, 2023","format":false,"excerpt":"Radio Forum als Webradio zur\u00fcck! Radio Forum, ein Pionier aus Lothringen, geh\u00f6rte in den 1980iger Jahren zu den Radiostationen, welche gezielt in Richtung Saarland sendeten. Mitte 2023 wurde ein Webstream gestartet: https:\/\/www.radio-forum2.de\/ Radio Forum - Wir H\u00f6ren uns Das Webradio wird von Bernd Sambo betrieben - mit dem ehemaligen UKW-Sender\u2026","rel":"","context":"In &quot;Deutsch&quot;","block_context":{"text":"Deutsch","link":"https:\/\/www.achimbrueckner.de\/dxradio\/php\/wordpress\/?cat=1"},"img":{"alt_text":"","src":"","width":0,"height":0},"classes":[]},{"id":42112,"url":"https:\/\/www.achimbrueckner.de\/dxradio\/php\/wordpress\/?p=42112","url_meta":{"origin":44520,"position":1},"title":"FCC: Immer weniger AM-Radiostationen in den USA","author":"Administrator","date":"January 10, 2025","format":false,"excerpt":"https:\/\/www.radioblog.eu\/2025\/01\/10\/fcc-immer-weniger-am-radiostationen-in-den-usa\/","rel":"","context":"In &quot;Deutsch&quot;","block_context":{"text":"Deutsch","link":"https:\/\/www.achimbrueckner.de\/dxradio\/php\/wordpress\/?cat=1"},"img":{"alt_text":"","src":"","width":0,"height":0},"classes":[]},{"id":41684,"url":"https:\/\/www.achimbrueckner.de\/dxradio\/php\/wordpress\/?p=41684","url_meta":{"origin":44520,"position":2},"title":"Kanada: Evanov Communications stellt drei Radiostationen in Ontario ein","author":"Administrator","date":"September 10, 2024","format":false,"excerpt":"https:\/\/www.radioblog.eu\/2024\/09\/10\/kanada-evanov-communications-stellt-drei-radiostationen-in-ontario-ein\/","rel":"","context":"In &quot;Deutsch&quot;","block_context":{"text":"Deutsch","link":"https:\/\/www.achimbrueckner.de\/dxradio\/php\/wordpress\/?cat=1"},"img":{"alt_text":"","src":"","width":0,"height":0},"classes":[]},{"id":36902,"url":"https:\/\/www.achimbrueckner.de\/dxradio\/php\/wordpress\/?p=36902","url_meta":{"origin":44520,"position":3},"title":"Radiostationen von laut.fm ab sofort bei TuneIn","author":"Administrator","date":"July 9, 2022","format":false,"excerpt":"https:\/\/www.teltarif.de\/webradio-internetradio-tunein-laut-fm\/news\/88691.html","rel":"","context":"In &quot;Deutsch&quot;","block_context":{"text":"Deutsch","link":"https:\/\/www.achimbrueckner.de\/dxradio\/php\/wordpress\/?cat=1"},"img":{"alt_text":"","src":"","width":0,"height":0},"classes":[]},{"id":42477,"url":"https:\/\/www.achimbrueckner.de\/dxradio\/php\/wordpress\/?p=42477","url_meta":{"origin":44520,"position":4},"title":"USA: Cumulus schlie\u00dft weitere Radiostationen","author":"Administrator","date":"March 31, 2025","format":false,"excerpt":"https:\/\/www.radioblog.eu\/2025\/03\/30\/usa-cumulus-schliesst-weitere-radiostationen\/","rel":"","context":"In &quot;Deutsch&quot;","block_context":{"text":"Deutsch","link":"https:\/\/www.achimbrueckner.de\/dxradio\/php\/wordpress\/?cat=1"},"img":{"alt_text":"","src":"","width":0,"height":0},"classes":[]},{"id":127,"url":"https:\/\/www.achimbrueckner.de\/dxradio\/php\/wordpress\/?p=127","url_meta":{"origin":44520,"position":5},"title":"Wellenforum","author":"Administrator","date":"October 15, 2006","format":false,"excerpt":"Ein interessantes und gut besuchtes DX-Forum ist das Wellenforum. Hier gibt es Logs von allen B\u00e4ndern, Antworten auf Empf\u00e4ngerfragen, Aktionen von Radiostationen und vieles mehr. Hervorzuheben ist der freundliche Umgangston und das Forum hat sich mittlerweile fest etabliert. Vom Moderatorenteam wird auch die DX-Sendung von Radio Ukraine International produziert.","rel":"","context":"In &quot;links&quot;","block_context":{"text":"links","link":"https:\/\/www.achimbrueckner.de\/dxradio\/php\/wordpress\/?cat=7"},"img":{"alt_text":"","src":"","width":0,"height":0},"classes":[]}],"_links":{"self":[{"href":"https:\/\/www.achimbrueckner.de\/dxradio\/php\/wordpress\/index.php?rest_route=\/wp\/v2\/posts\/44520","targetHints":{"allow":["GET"]}}],"collection":[{"href":"https:\/\/www.achimbrueckner.de\/dxradio\/php\/wordpress\/index.php?rest_route=\/wp\/v2\/posts"}],"about":[{"href":"https:\/\/www.achimbrueckner.de\/dxradio\/php\/wordpress\/index.php?rest_route=\/wp\/v2\/types\/post"}],"author":[{"embeddable":true,"href":"https:\/\/www.achimbrueckner.de\/dxradio\/php\/wordpress\/index.php?rest_route=\/wp\/v2\/users\/1"}],"replies":[{"embeddable":true,"href":"https:\/\/www.achimbrueckner.de\/dxradio\/php\/wordpress\/index.php?rest_route=%2Fwp%2Fv2%2Fcomments&post=44520"}],"version-history":[{"count":0,"href":"https:\/\/www.achimbrueckner.de\/dxradio\/php\/wordpress\/index.php?rest_route=\/wp\/v2\/posts\/44520\/revisions"}],"wp:attachment":[{"href":"https:\/\/www.achimbrueckner.de\/dxradio\/php\/wordpress\/index.php?rest_route=%2Fwp%2Fv2%2Fmedia&parent=44520"}],"wp:term":[{"taxonomy":"category","embeddable":true,"href":"https:\/\/www.achimbrueckner.de\/dxradio\/php\/wordpress\/index.php?rest_route=%2Fwp%2Fv2%2Fcategories&post=44520"},{"taxonomy":"post_tag","embeddable":true,"href":"https:\/\/www.achimbrueckner.de\/dxradio\/php\/wordpress\/index.php?rest_route=%2Fwp%2Fv2%2Ftags&post=44520"}],"curies":[{"name":"wp","href":"https:\/\/api.w.org\/{rel}","templated":true}]}}