{"id":44532,"date":"2025-12-12T08:26:56","date_gmt":"2025-12-12T08:26:56","guid":{"rendered":"https:\/\/www.achimbrueckner.de\/dxradio\/php\/wordpress\/?p=44532"},"modified":"2025-12-12T08:26:56","modified_gmt":"2025-12-12T08:26:56","slug":"srg-plant-ruckkehr-auf-ukw","status":"publish","type":"post","link":"https:\/\/www.achimbrueckner.de\/dxradio\/php\/wordpress\/?p=44532","title":{"rendered":"SRG plant R\u00fcckkehr auf UKW"},"content":{"rendered":"<p><a href=\"https:\/\/www.radioszene.de\/208727\/srg-plant-rueckkehr-auf-ukw.html\" target=\"_blank\">https:\/\/www.radioszene.de\/208727\/srg-plant-rueckkehr-auf-ukw.html<\/a><\/p>\n","protected":false},"excerpt":{"rendered":"<p>https:\/\/www.radioszene.de\/208727\/srg-plant-rueckkehr-auf-ukw.html<\/p>\n","protected":false},"author":1,"featured_media":0,"comment_status":"closed","ping_status":"open","sticky":false,"template":"","format":"standard","meta":{"_jetpack_memberships_contains_paid_content":false,"footnotes":"","jetpack_publicize_message":"","jetpack_publicize_feature_enabled":true,"jetpack_social_post_already_shared":true,"jetpack_social_options":{"image_generator_settings":{"template":"highway","default_image_id":0,"font":"","enabled":false},"version":2}},"categories":[1],"tags":[],"class_list":["post-44532","post","type-post","status-publish","format-standard","hentry","category-deutsch"],"jetpack_publicize_connections":[],"jetpack_featured_media_url":"","jetpack_sharing_enabled":true,"jetpack_shortlink":"https:\/\/wp.me\/p5CDmr-bAg","jetpack-related-posts":[{"id":44530,"url":"https:\/\/www.achimbrueckner.de\/dxradio\/php\/wordpress\/?p=44530","url_meta":{"origin":44532,"position":0},"title":"Schweiz: SRG plant R\u00fcckkehr auf UKW","author":"Administrator","date":"December 12, 2025","format":false,"excerpt":"https:\/\/www.radioblog.eu\/2025\/12\/11\/schweiz-srg-plant-rueckkehr-auf-ukw\/","rel":"","context":"In &quot;Deutsch&quot;","block_context":{"text":"Deutsch","link":"https:\/\/www.achimbrueckner.de\/dxradio\/php\/wordpress\/?cat=1"},"img":{"alt_text":"","src":"","width":0,"height":0},"classes":[]},{"id":43984,"url":"https:\/\/www.achimbrueckner.de\/dxradio\/php\/wordpress\/?p=43984","url_meta":{"origin":44532,"position":1},"title":"Schweiz: SRG erw\u00e4gt R\u00fcckkehr auf UKW","author":"Administrator","date":"October 13, 2025","format":false,"excerpt":"https:\/\/www.radioblog.eu\/2025\/10\/13\/schweiz-srg-erwaegt-rueckkehr-auf-ukw\/","rel":"","context":"In &quot;Deutsch&quot;","block_context":{"text":"Deutsch","link":"https:\/\/www.achimbrueckner.de\/dxradio\/php\/wordpress\/?cat=1"},"img":{"alt_text":"","src":"","width":0,"height":0},"classes":[]},{"id":43974,"url":"https:\/\/www.achimbrueckner.de\/dxradio\/php\/wordpress\/?p=43974","url_meta":{"origin":44532,"position":2},"title":"Nach H\u00f6rer-Verlusten denkt SRG \u00fcber UKW-R\u00fcckkehr nach","author":"Administrator","date":"October 12, 2025","format":false,"excerpt":"https:\/\/www.radioszene.de\/206915\/srg-denkt-ueber-ukw-rueckkehr-nach.html","rel":"","context":"In &quot;Deutsch&quot;","block_context":{"text":"Deutsch","link":"https:\/\/www.achimbrueckner.de\/dxradio\/php\/wordpress\/?cat=1"},"img":{"alt_text":"","src":"","width":0,"height":0},"classes":[]},{"id":44590,"url":"https:\/\/www.achimbrueckner.de\/dxradio\/php\/wordpress\/?p=44590","url_meta":{"origin":44532,"position":3},"title":"Schweiz: UKW-R\u00fcckkehr kostet SRG 16 Millionen Euro pro Jahr","author":"Administrator","date":"December 18, 2025","format":false,"excerpt":"https:\/\/www.radioszene.de\/208869\/schweiz-ukw-rueckkehr-kosten.html","rel":"","context":"In &quot;Deutsch&quot;","block_context":{"text":"Deutsch","link":"https:\/\/www.achimbrueckner.de\/dxradio\/php\/wordpress\/?cat=1"},"img":{"alt_text":"","src":"","width":0,"height":0},"classes":[]},{"id":43413,"url":"https:\/\/www.achimbrueckner.de\/dxradio\/php\/wordpress\/?p=43413","url_meta":{"origin":44532,"position":4},"title":"UKW-Aus der SRG: Schweiz setzt auf DAB+ in Notsituationen","author":"Administrator","date":"July 28, 2025","format":false,"excerpt":"https:\/\/www.digitalfernsehen.de\/news\/empfang\/radio\/ukw-aus-der-srg-schweiz-setzt-auf-dab-in-notsituationen-1151330\/","rel":"","context":"In &quot;Deutsch&quot;","block_context":{"text":"Deutsch","link":"https:\/\/www.achimbrueckner.de\/dxradio\/php\/wordpress\/?cat=1"},"img":{"alt_text":"","src":"","width":0,"height":0},"classes":[]},{"id":45484,"url":"https:\/\/www.achimbrueckner.de\/dxradio\/php\/wordpress\/?p=45484","url_meta":{"origin":44532,"position":5},"title":"Schweiz: SRG kann ab Juli wieder auf UKW senden","author":"Administrator","date":"April 21, 2026","format":false,"excerpt":"https:\/\/www.radioblog.eu\/2026\/04\/21\/schweiz-srg-kann-ab-juli-wieder-auf-ukw-senden\/","rel":"","context":"In &quot;Deutsch&quot;","block_context":{"text":"Deutsch","link":"https:\/\/www.achimbrueckner.de\/dxradio\/php\/wordpress\/?cat=1"},"img":{"alt_text":"","src":"","width":0,"height":0},"classes":[]}],"_links":{"self":[{"href":"https:\/\/www.achimbrueckner.de\/dxradio\/php\/wordpress\/index.php?rest_route=\/wp\/v2\/posts\/44532","targetHints":{"allow":["GET"]}}],"collection":[{"href":"https:\/\/www.achimbrueckner.de\/dxradio\/php\/wordpress\/index.php?rest_route=\/wp\/v2\/posts"}],"about":[{"href":"https:\/\/www.achimbrueckner.de\/dxradio\/php\/wordpress\/index.php?rest_route=\/wp\/v2\/types\/post"}],"author":[{"embeddable":true,"href":"https:\/\/www.achimbrueckner.de\/dxradio\/php\/wordpress\/index.php?rest_route=\/wp\/v2\/users\/1"}],"replies":[{"embeddable":true,"href":"https:\/\/www.achimbrueckner.de\/dxradio\/php\/wordpress\/index.php?rest_route=%2Fwp%2Fv2%2Fcomments&post=44532"}],"version-history":[{"count":0,"href":"https:\/\/www.achimbrueckner.de\/dxradio\/php\/wordpress\/index.php?rest_route=\/wp\/v2\/posts\/44532\/revisions"}],"wp:attachment":[{"href":"https:\/\/www.achimbrueckner.de\/dxradio\/php\/wordpress\/index.php?rest_route=%2Fwp%2Fv2%2Fmedia&parent=44532"}],"wp:term":[{"taxonomy":"category","embeddable":true,"href":"https:\/\/www.achimbrueckner.de\/dxradio\/php\/wordpress\/index.php?rest_route=%2Fwp%2Fv2%2Fcategories&post=44532"},{"taxonomy":"post_tag","embeddable":true,"href":"https:\/\/www.achimbrueckner.de\/dxradio\/php\/wordpress\/index.php?rest_route=%2Fwp%2Fv2%2Ftags&post=44532"}],"curies":[{"name":"wp","href":"https:\/\/api.w.org\/{rel}","templated":true}]}}