{"id":4455,"date":"2015-04-23T17:42:33","date_gmt":"2015-04-23T17:42:33","guid":{"rendered":"https:\/\/www.achimbrueckner.de\/dxradio\/php\/wordpress\/?p=4455"},"modified":"2015-04-23T17:42:33","modified_gmt":"2015-04-23T17:42:33","slug":"sprengung-in-oberursel-afn-masten-sind-gefallen","status":"publish","type":"post","link":"https:\/\/www.achimbrueckner.de\/dxradio\/php\/wordpress\/?p=4455","title":{"rendered":"Sprengung in Oberursel AFN-Masten sind gefallen"},"content":{"rendered":"<p><a href=\"http:\/\/www.taunus-zeitung.de\/lokales\/hochtaunus\/vordertaunus\/AFN-Masten-sind-gefallen;art48711,1369221\" target=\"_blank\">http:\/\/www.taunus-zeitung.de\/lokales\/hochtaunus\/vordertaunus\/AFN-Masten-sind-gefallen;art48711,1369221<\/a><\/p>\n<p>Info via <a href=\"http:\/\/www.ratzer.at\" target=\"_blank\">A-DX<\/a><\/p>\n","protected":false},"excerpt":{"rendered":"<p>http:\/\/www.taunus-zeitung.de\/lokales\/hochtaunus\/vordertaunus\/AFN-Masten-sind-gefallen;art48711,1369221 Info via A-DX<\/p>\n","protected":false},"author":1,"featured_media":0,"comment_status":"open","ping_status":"open","sticky":false,"template":"","format":"standard","meta":{"_jetpack_memberships_contains_paid_content":false,"footnotes":"","jetpack_publicize_message":"","jetpack_publicize_feature_enabled":true,"jetpack_social_post_already_shared":true,"jetpack_social_options":{"image_generator_settings":{"template":"highway","default_image_id":0,"font":"","enabled":false},"version":2}},"categories":[1,14],"tags":[40],"class_list":["post-4455","post","type-post","status-publish","format-standard","hentry","category-deutsch","category-dx","tag-dx"],"jetpack_publicize_connections":[],"jetpack_featured_media_url":"","jetpack_sharing_enabled":true,"jetpack_shortlink":"https:\/\/wp.me\/p5CDmr-19R","jetpack-related-posts":[{"id":4441,"url":"https:\/\/www.achimbrueckner.de\/dxradio\/php\/wordpress\/?p=4441","url_meta":{"origin":4455,"position":0},"title":"AFN-Sendemasten in Wei\u00dfkirchen Morgen fallen die AFN-Masten","author":"Administrator","date":"April 22, 2015","format":false,"excerpt":"http:\/\/www.taunus-zeitung.de\/lokales\/hochtaunus\/vordertaunus\/Morgen-fallen-die-AFN-Masten;art48711,1365832","rel":"","context":"In &quot;Deutsch&quot;","block_context":{"text":"Deutsch","link":"https:\/\/www.achimbrueckner.de\/dxradio\/php\/wordpress\/?cat=1"},"img":{"alt_text":"","src":"","width":0,"height":0},"classes":[]},{"id":15221,"url":"https:\/\/www.achimbrueckner.de\/dxradio\/php\/wordpress\/?p=15221","url_meta":{"origin":4455,"position":1},"title":"Antennenanlage Prangins","author":"Administrator","date":"October 28, 2017","format":false,"excerpt":"Hallo aus der Schweiz Man(n) soll ja fotografieren bevor gesprengt wird. 1.) Bern Radio in Prangins https:\/\/www.radioempfang.ch\/sendeanlagen\/schweiz\/bern-radio-prangins\/ Auf der Nordseite waren zum Zeitpunkt meines Besuches bereits Bagger vorhanden. Ob sie nur geschaut haben ob die Sockel noch stabil sind und einige darum freigeschaufelt haben weiss ich nicht. Eine offizielle Information\u2026","rel":"","context":"In &quot;Deutsch&quot;","block_context":{"text":"Deutsch","link":"https:\/\/www.achimbrueckner.de\/dxradio\/php\/wordpress\/?cat=1"},"img":{"alt_text":"","src":"","width":0,"height":0},"classes":[]},{"id":929,"url":"https:\/\/www.achimbrueckner.de\/dxradio\/php\/wordpress\/?p=929","url_meta":{"origin":4455,"position":2},"title":"Menschen im Gespr\u00e4ch &#8211; Wolf Harranth","author":"Administrator","date":"March 2, 2010","format":false,"excerpt":"in der o.g. Sendereihe beim ORF-Radio-Wien war am 13.2.2010: Zu Gast ist der Rundfunkhistoriker Wolf Harranth. Er arbeitet f\u00fcr das Dokumentationsarchiv Funk, das die \u00f6sterreichische Rundfunkgeschichte aufarbeitet und dokumentiert. Bernd Matschedolnig spricht mit ihm \u00fcber die Faszination des Radios, die Entwicklung des Rundfunks in \u00d6sterreich und \u00fcber ein stadtpr\u00e4gendes St\u00fcck\u2026","rel":"","context":"In &quot;Deutsch&quot;","block_context":{"text":"Deutsch","link":"https:\/\/www.achimbrueckner.de\/dxradio\/php\/wordpress\/?cat=1"},"img":{"alt_text":"","src":"","width":0,"height":0},"classes":[]},{"id":2248,"url":"https:\/\/www.achimbrueckner.de\/dxradio\/php\/wordpress\/?p=2248","url_meta":{"origin":4455,"position":3},"title":"Kvistsoy towers being demolished","author":"Administrator","date":"May 31, 2012","format":false,"excerpt":"The 125 metre high mast at Kvitsoy for 1314 was demolished yesterday, video and report on this page in Norwegian. Says last broadcast from the site was November 30 2011. Remaining masts to be demolished this week. http:\/\/www.aftenposten.no\/nyheter\/iriks\/Her-sprenges-den-125-meter-hoye-masten-6840414.html Second link is a 2 and a half minute video in Norwegian\u2026","rel":"","context":"In &quot;English&quot;","block_context":{"text":"English","link":"https:\/\/www.achimbrueckner.de\/dxradio\/php\/wordpress\/?cat=2"},"img":{"alt_text":"","src":"","width":0,"height":0},"classes":[]},{"id":30509,"url":"https:\/\/www.achimbrueckner.de\/dxradio\/php\/wordpress\/?p=30509","url_meta":{"origin":4455,"position":4},"title":"Sendemasten Europe 1 : Masten auf den Gauh\u00f6hen sind bald Geschichte","author":"Administrator","date":"October 20, 2020","format":false,"excerpt":"https:\/\/www.saarbruecker-zeitung.de\/saarland\/saarlouis\/ueberherrn\/europe-1-sendemasten-in-berus-werden-gesprengt_aid-54103507","rel":"","context":"In &quot;Deutsch&quot;","block_context":{"text":"Deutsch","link":"https:\/\/www.achimbrueckner.de\/dxradio\/php\/wordpress\/?cat=1"},"img":{"alt_text":"","src":"","width":0,"height":0},"classes":[]},{"id":33735,"url":"https:\/\/www.achimbrueckner.de\/dxradio\/php\/wordpress\/?p=33735","url_meta":{"origin":4455,"position":5},"title":"Durch die Berge zu den Masten und ans Meer","author":"Administrator","date":"October 9, 2021","format":false,"excerpt":"https:\/\/www.smartphonefan.de\/2021\/10\/09\/durch-die-berge-zu-den-masten-und-ans-meer\/","rel":"","context":"In &quot;Deutsch&quot;","block_context":{"text":"Deutsch","link":"https:\/\/www.achimbrueckner.de\/dxradio\/php\/wordpress\/?cat=1"},"img":{"alt_text":"","src":"","width":0,"height":0},"classes":[]}],"_links":{"self":[{"href":"https:\/\/www.achimbrueckner.de\/dxradio\/php\/wordpress\/index.php?rest_route=\/wp\/v2\/posts\/4455","targetHints":{"allow":["GET"]}}],"collection":[{"href":"https:\/\/www.achimbrueckner.de\/dxradio\/php\/wordpress\/index.php?rest_route=\/wp\/v2\/posts"}],"about":[{"href":"https:\/\/www.achimbrueckner.de\/dxradio\/php\/wordpress\/index.php?rest_route=\/wp\/v2\/types\/post"}],"author":[{"embeddable":true,"href":"https:\/\/www.achimbrueckner.de\/dxradio\/php\/wordpress\/index.php?rest_route=\/wp\/v2\/users\/1"}],"replies":[{"embeddable":true,"href":"https:\/\/www.achimbrueckner.de\/dxradio\/php\/wordpress\/index.php?rest_route=%2Fwp%2Fv2%2Fcomments&post=4455"}],"version-history":[{"count":0,"href":"https:\/\/www.achimbrueckner.de\/dxradio\/php\/wordpress\/index.php?rest_route=\/wp\/v2\/posts\/4455\/revisions"}],"wp:attachment":[{"href":"https:\/\/www.achimbrueckner.de\/dxradio\/php\/wordpress\/index.php?rest_route=%2Fwp%2Fv2%2Fmedia&parent=4455"}],"wp:term":[{"taxonomy":"category","embeddable":true,"href":"https:\/\/www.achimbrueckner.de\/dxradio\/php\/wordpress\/index.php?rest_route=%2Fwp%2Fv2%2Fcategories&post=4455"},{"taxonomy":"post_tag","embeddable":true,"href":"https:\/\/www.achimbrueckner.de\/dxradio\/php\/wordpress\/index.php?rest_route=%2Fwp%2Fv2%2Ftags&post=4455"}],"curies":[{"name":"wp","href":"https:\/\/api.w.org\/{rel}","templated":true}]}}