{"id":4457,"date":"2015-04-23T18:40:46","date_gmt":"2015-04-23T18:40:46","guid":{"rendered":"https:\/\/www.achimbrueckner.de\/dxradio\/php\/wordpress\/?p=4457"},"modified":"2015-04-23T18:40:46","modified_gmt":"2015-04-23T18:40:46","slug":"internationaler-marconi-tag-25-april-2015-imd-oem2015","status":"publish","type":"post","link":"https:\/\/www.achimbrueckner.de\/dxradio\/php\/wordpress\/?p=4457","title":{"rendered":"Internationaler Marconi-Tag  25. April 2015 IMD OEM2015"},"content":{"rendered":"<p>Morgen (Freitag) geht\u2019s los, Samstag ist Internationaler Marconi-Tag, am<br \/>\nSonntag ziehen wir uns allm\u00e4hlich zur\u00fcck.<br \/>\nOE15M \u2013 Damit sind wir zum 20. Mal dabei, ex ROI, dann DokuFunk jeweils<br \/>\ngemeinsam mit der Sektion Amateurfunk im ORF-Sportverein.<br \/>\nQSL f\u00fcr Lizenzierte und SWL via \u00d6VSV-B\u00fcro; direkt via: OE15M \/<br \/>\nDokumentationsarchiv Funk, An den Steinfeldern 4A,  A-1230 Wien.<br \/>\nVoradressierter R\u00fcckumschlag, IRC neu oder $ &#8211; Details bei<br \/>\n<a href=\"http:\/\/www.qrz.com\/lookup\/oe15m\" target=\"_blank\">http:\/\/www.qrz.com\/lookup\/oe15m<\/a><br \/>\nOps u.a. OE1EVA, OE1TKW, OE1WHC und OE1WEU<br \/>\n73, Wolf, OE1WHC<\/p>\n","protected":false},"excerpt":{"rendered":"<p>Morgen (Freitag) geht\u2019s los, Samstag ist Internationaler Marconi-Tag, am Sonntag ziehen wir uns allm\u00e4hlich zur\u00fcck. OE15M \u2013 Damit sind wir zum 20. Mal dabei, ex ROI, dann DokuFunk jeweils gemeinsam mit der Sektion Amateurfunk im ORF-Sportverein. QSL f\u00fcr Lizenzierte und SWL via \u00d6VSV-B\u00fcro; direkt via: OE15M \/ Dokumentationsarchiv Funk, An den Steinfeldern 4A, A-1230 Wien. &hellip; <a href=\"https:\/\/www.achimbrueckner.de\/dxradio\/php\/wordpress\/?p=4457\" class=\"more-link\">Continue reading <span class=\"screen-reader-text\">Internationaler Marconi-Tag  25. April 2015 IMD OEM2015<\/span><\/a><\/p>\n","protected":false},"author":1,"featured_media":0,"comment_status":"open","ping_status":"open","sticky":false,"template":"","format":"standard","meta":{"_jetpack_memberships_contains_paid_content":false,"footnotes":"","jetpack_publicize_message":"","jetpack_publicize_feature_enabled":true,"jetpack_social_post_already_shared":true,"jetpack_social_options":{"image_generator_settings":{"template":"highway","default_image_id":0,"font":"","enabled":false},"version":2}},"categories":[1],"tags":[24,31,30],"class_list":["post-4457","post","type-post","status-publish","format-standard","hentry","category-deutsch","tag-am","tag-dab","tag-qsl"],"jetpack_publicize_connections":[],"jetpack_featured_media_url":"","jetpack_sharing_enabled":true,"jetpack_shortlink":"https:\/\/wp.me\/p5CDmr-19T","jetpack-related-posts":[{"id":1464,"url":"https:\/\/www.achimbrueckner.de\/dxradio\/php\/wordpress\/?p=1464","url_meta":{"origin":4457,"position":0},"title":"Amateurfunk-Sonderstation OE11M","author":"Administrator","date":"April 14, 2011","format":false,"excerpt":"DokuFunk und die ARS des ORF betreiben gemeinsam von Freitag, 29. April, 00:00UTC bis Sonntag, 1. Mai, 24:00UTC die Sonderstation OE11M (M wie Marcono - Zur Erinnerung an Marconis Geburtstag) Dies ist der einzige OE11-Pr\u00e4fix in \u00d6sterreich. Am Samstag, 30. April, (International Marconi Day) z\u00e4hlt eine Verbindung f\u00fcr das IMD-Diplom\u2026","rel":"","context":"In &quot;Deutsch&quot;","block_context":{"text":"Deutsch","link":"https:\/\/www.achimbrueckner.de\/dxradio\/php\/wordpress\/?cat=1"},"img":{"alt_text":"","src":"","width":0,"height":0},"classes":[]},{"id":32216,"url":"https:\/\/www.achimbrueckner.de\/dxradio\/php\/wordpress\/?p=32216","url_meta":{"origin":4457,"position":1},"title":"Amateurfunkstation mit dem Sonderrufzeichen OE21M","author":"Administrator","date":"March 9, 2021","format":false,"excerpt":"Das Dokumentationsarchiv Funk\/QSL Collection und CARO (Club Amateur Radio ORF) im \u00d6sterreichischen Rundfunk betreiben vom Freitag, 23. bis Sonntag, 25. April 2021 (00:00-24:00 UTC) eine Amateurfunkstation mit dem Sonderrufzeichen OE21M. OE21M ist eine offizielle Station f\u00fcr den \u201eInternationalen Marconi-Tag\u201c - Kontakte am Samstag, dem 24. April 2021, z\u00e4hlen f\u00fcr das\u2026","rel":"","context":"In &quot;Deutsch&quot;","block_context":{"text":"Deutsch","link":"https:\/\/www.achimbrueckner.de\/dxradio\/php\/wordpress\/?cat=1"},"img":{"alt_text":"","src":"","width":0,"height":0},"classes":[]},{"id":971,"url":"https:\/\/www.achimbrueckner.de\/dxradio\/php\/wordpress\/?p=971","url_meta":{"origin":4457,"position":2},"title":"Video: largest collection of radio documents, amateur &#038; broadcast","author":"Administrator","date":"March 22, 2010","format":false,"excerpt":"Jonathan Marks has uploaded a twenty minute video to Vimeo: \"I wanted to share part one of a short documentary I am making about the radio documentation centre in Vienna. When I was there in September last year, my colleague broadcaster and friend Wolf Harranth OE1WHC showed me around the\u2026","rel":"","context":"In &quot;English&quot;","block_context":{"text":"English","link":"https:\/\/www.achimbrueckner.de\/dxradio\/php\/wordpress\/?cat=2"},"img":{"alt_text":"","src":"","width":0,"height":0},"classes":[]},{"id":27774,"url":"https:\/\/www.achimbrueckner.de\/dxradio\/php\/wordpress\/?p=27774","url_meta":{"origin":4457,"position":3},"title":"Internationaler Marconi-Tag f\u00e4llt aus","author":"Administrator","date":"March 27, 2020","format":false,"excerpt":"https:\/\/www.funkamateur.de\/nachrichtendetails\/items\/IMD2020.html","rel":"","context":"In &quot;Deutsch&quot;","block_context":{"text":"Deutsch","link":"https:\/\/www.achimbrueckner.de\/dxradio\/php\/wordpress\/?cat=1"},"img":{"alt_text":"","src":"","width":0,"height":0},"classes":[]},{"id":12354,"url":"https:\/\/www.achimbrueckner.de\/dxradio\/php\/wordpress\/?p=12354","url_meta":{"origin":4457,"position":4},"title":"100. Sendung Radio DARC","author":"Administrator","date":"March 2, 2017","format":false,"excerpt":"Liebe YLs und OMs, am kommenden Sonntag,den 05. M\u00e4rz 2017 ist es soweit, die 100. Sendung von RADIO DARC geht \u00fcber die Antennen. Urspr\u00fcnglich als eine Serie von Sondersendungen anl\u00e4sslich des 65. Gr\u00fcndungsjubil\u00e4ums des Deutschen Amateur Radio Clubs e,V, gedacht, haben sich unsere w\u00f6chentlichen DX-Magazine zu einer festen Gr\u00f6\u00dfe entwickelt.\u2026","rel":"","context":"In &quot;Deutsch&quot;","block_context":{"text":"Deutsch","link":"https:\/\/www.achimbrueckner.de\/dxradio\/php\/wordpress\/?cat=1"},"img":{"alt_text":"","src":"","width":0,"height":0},"classes":[]},{"id":5005,"url":"https:\/\/www.achimbrueckner.de\/dxradio\/php\/wordpress\/?p=5005","url_meta":{"origin":4457,"position":5},"title":"Ham Radio Messe: H\u00f6rertreffen R\u00d6I \/ Freundestreffen DokuFunk","author":"Administrator","date":"June 24, 2015","format":false,"excerpt":"R\u00d6I, DokuFunk und die A-DX Mailingliste laden alle SWLs und Kurzwellenfreunde zum H\u00f6rertreffen R\u00d6I \/ Freundestreffen DokuFunk mit einem Vortrag zum Thema \"Amateurfunk aus dem Orbit\" von Wolf Harranth, OE1WHC und einem Streifzug zum Thema Kurzwelle, Technik und Klubs herzlich ein. Neben dem Vortrag von Wolf wollen wir die Gelegenheit\u2026","rel":"","context":"In &quot;camps&quot;","block_context":{"text":"camps","link":"https:\/\/www.achimbrueckner.de\/dxradio\/php\/wordpress\/?cat=5"},"img":{"alt_text":"","src":"","width":0,"height":0},"classes":[]}],"_links":{"self":[{"href":"https:\/\/www.achimbrueckner.de\/dxradio\/php\/wordpress\/index.php?rest_route=\/wp\/v2\/posts\/4457","targetHints":{"allow":["GET"]}}],"collection":[{"href":"https:\/\/www.achimbrueckner.de\/dxradio\/php\/wordpress\/index.php?rest_route=\/wp\/v2\/posts"}],"about":[{"href":"https:\/\/www.achimbrueckner.de\/dxradio\/php\/wordpress\/index.php?rest_route=\/wp\/v2\/types\/post"}],"author":[{"embeddable":true,"href":"https:\/\/www.achimbrueckner.de\/dxradio\/php\/wordpress\/index.php?rest_route=\/wp\/v2\/users\/1"}],"replies":[{"embeddable":true,"href":"https:\/\/www.achimbrueckner.de\/dxradio\/php\/wordpress\/index.php?rest_route=%2Fwp%2Fv2%2Fcomments&post=4457"}],"version-history":[{"count":0,"href":"https:\/\/www.achimbrueckner.de\/dxradio\/php\/wordpress\/index.php?rest_route=\/wp\/v2\/posts\/4457\/revisions"}],"wp:attachment":[{"href":"https:\/\/www.achimbrueckner.de\/dxradio\/php\/wordpress\/index.php?rest_route=%2Fwp%2Fv2%2Fmedia&parent=4457"}],"wp:term":[{"taxonomy":"category","embeddable":true,"href":"https:\/\/www.achimbrueckner.de\/dxradio\/php\/wordpress\/index.php?rest_route=%2Fwp%2Fv2%2Fcategories&post=4457"},{"taxonomy":"post_tag","embeddable":true,"href":"https:\/\/www.achimbrueckner.de\/dxradio\/php\/wordpress\/index.php?rest_route=%2Fwp%2Fv2%2Ftags&post=4457"}],"curies":[{"name":"wp","href":"https:\/\/api.w.org\/{rel}","templated":true}]}}