{"id":44574,"date":"2025-12-17T16:33:07","date_gmt":"2025-12-17T16:33:07","guid":{"rendered":"https:\/\/www.achimbrueckner.de\/dxradio\/php\/wordpress\/?p=44574"},"modified":"2025-12-17T16:33:07","modified_gmt":"2025-12-17T16:33:07","slug":"radioeins-medienmagazin-letzte-sendung-mit-jorg-wagner","status":"publish","type":"post","link":"https:\/\/www.achimbrueckner.de\/dxradio\/php\/wordpress\/?p=44574","title":{"rendered":"radioeins-Medienmagazin: Letzte Sendung mit J\u00f6rg Wagner"},"content":{"rendered":"<p><a href=\"https:\/\/www.radioblog.eu\/2025\/12\/16\/radioeins-medienmagazin-letzte-sendung-mit-joerg-wagner\/\" target=\"_blank\">https:\/\/www.radioblog.eu\/2025\/12\/16\/radioeins-medienmagazin-letzte-sendung-mit-joerg-wagner\/<\/a><\/p>\n","protected":false},"excerpt":{"rendered":"<p>https:\/\/www.radioblog.eu\/2025\/12\/16\/radioeins-medienmagazin-letzte-sendung-mit-joerg-wagner\/<\/p>\n","protected":false},"author":1,"featured_media":0,"comment_status":"closed","ping_status":"open","sticky":false,"template":"","format":"standard","meta":{"_jetpack_memberships_contains_paid_content":false,"footnotes":"","jetpack_publicize_message":"","jetpack_publicize_feature_enabled":true,"jetpack_social_post_already_shared":true,"jetpack_social_options":{"image_generator_settings":{"template":"highway","default_image_id":0,"font":"","enabled":false},"version":2}},"categories":[1],"tags":[],"class_list":["post-44574","post","type-post","status-publish","format-standard","hentry","category-deutsch"],"jetpack_publicize_connections":[],"jetpack_featured_media_url":"","jetpack_sharing_enabled":true,"jetpack_shortlink":"https:\/\/wp.me\/p5CDmr-bAW","jetpack-related-posts":[{"id":23249,"url":"https:\/\/www.achimbrueckner.de\/dxradio\/php\/wordpress\/?p=23249","url_meta":{"origin":44574,"position":0},"title":"Stefan Rupp verl\u00e4sst Radioeins: Letzte Sendung am 7. Juni","author":"Administrator","date":"May 27, 2019","format":false,"excerpt":"https:\/\/www.radioszene.de\/133347\/stefan-rupp-radioeins-podcast.html","rel":"","context":"In &quot;Deutsch&quot;","block_context":{"text":"Deutsch","link":"https:\/\/www.achimbrueckner.de\/dxradio\/php\/wordpress\/?cat=1"},"img":{"alt_text":"","src":"","width":0,"height":0},"classes":[]},{"id":44564,"url":"https:\/\/www.achimbrueckner.de\/dxradio\/php\/wordpress\/?p=44564","url_meta":{"origin":44574,"position":1},"title":"J\u00f6rg Wagner moderiert zum letzten Mal radioeins-Medienmagazin","author":"Administrator","date":"December 16, 2025","format":false,"excerpt":"https:\/\/www.radioszene.de\/208793\/joerg-wagner-medienmagazin.html","rel":"","context":"In &quot;Deutsch&quot;","block_context":{"text":"Deutsch","link":"https:\/\/www.achimbrueckner.de\/dxradio\/php\/wordpress\/?cat=1"},"img":{"alt_text":"","src":"","width":0,"height":0},"classes":[]},{"id":18772,"url":"https:\/\/www.achimbrueckner.de\/dxradio\/php\/wordpress\/?p=18772","url_meta":{"origin":44574,"position":2},"title":"H\u00f6rtipp: radioeins Medienmagazin vom 04.08.2018","author":"Administrator","date":"August 12, 2018","format":false,"excerpt":"http:\/\/thomastepe.de\/blog\/2018\/08\/hoertipp-radioeins-medienmagazin-vom-04-08-2018\/","rel":"","context":"In &quot;Deutsch&quot;","block_context":{"text":"Deutsch","link":"https:\/\/www.achimbrueckner.de\/dxradio\/php\/wordpress\/?cat=1"},"img":{"alt_text":"","src":"","width":0,"height":0},"classes":[]},{"id":11257,"url":"https:\/\/www.achimbrueckner.de\/dxradio\/php\/wordpress\/?p=11257","url_meta":{"origin":44574,"position":3},"title":"Medienmagazin Ende","author":"Administrator","date":"December 4, 2016","format":false,"excerpt":"Hallo liebe Medienmagazin Fans, Rebroadcaster und Radiofreunde, heute m\u00f6chten wir Euch \u00fcber eine Endscheidung unsererseits berichten.Wir werden unser Magazin zum 31.12.2016 beenden und die Sendung komplett auf allen Empfangswegen einstellen. Die letzte Sendung wird auf Kurzwelle am 25.12.2016 zu h\u00f6ren sein. Ab n\u00e4chste Woche (11.12.2016) gibt es im Medienmagazin f\u00fcr\u2026","rel":"","context":"In &quot;Deutsch&quot;","block_context":{"text":"Deutsch","link":"https:\/\/www.achimbrueckner.de\/dxradio\/php\/wordpress\/?cat=1"},"img":{"alt_text":"","src":"","width":0,"height":0},"classes":[]},{"id":41050,"url":"https:\/\/www.achimbrueckner.de\/dxradio\/php\/wordpress\/?p=41050","url_meta":{"origin":44574,"position":4},"title":"MTV Legende Ray Cokes mit eigener Sendung auf radioeins","author":"Administrator","date":"March 15, 2024","format":false,"excerpt":"https:\/\/www.radioszene.de\/184939\/ray-cokes-radioeins.html","rel":"","context":"In &quot;Deutsch&quot;","block_context":{"text":"Deutsch","link":"https:\/\/www.achimbrueckner.de\/dxradio\/php\/wordpress\/?cat=1"},"img":{"alt_text":"","src":"","width":0,"height":0},"classes":[]},{"id":33328,"url":"https:\/\/www.achimbrueckner.de\/dxradio\/php\/wordpress\/?p=33328","url_meta":{"origin":44574,"position":5},"title":"Das Bundesverfassungsgericht und der Rundfunkbeitrag","author":"Administrator","date":"August 13, 2021","format":false,"excerpt":"https:\/\/www.ardaudiothek.de\/episode\/medienmagazin\/das-bundesverfassungsgericht-und-der-rundfunkbeitrag\/radioeins\/91991722","rel":"","context":"In &quot;Deutsch&quot;","block_context":{"text":"Deutsch","link":"https:\/\/www.achimbrueckner.de\/dxradio\/php\/wordpress\/?cat=1"},"img":{"alt_text":"","src":"","width":0,"height":0},"classes":[]}],"_links":{"self":[{"href":"https:\/\/www.achimbrueckner.de\/dxradio\/php\/wordpress\/index.php?rest_route=\/wp\/v2\/posts\/44574","targetHints":{"allow":["GET"]}}],"collection":[{"href":"https:\/\/www.achimbrueckner.de\/dxradio\/php\/wordpress\/index.php?rest_route=\/wp\/v2\/posts"}],"about":[{"href":"https:\/\/www.achimbrueckner.de\/dxradio\/php\/wordpress\/index.php?rest_route=\/wp\/v2\/types\/post"}],"author":[{"embeddable":true,"href":"https:\/\/www.achimbrueckner.de\/dxradio\/php\/wordpress\/index.php?rest_route=\/wp\/v2\/users\/1"}],"replies":[{"embeddable":true,"href":"https:\/\/www.achimbrueckner.de\/dxradio\/php\/wordpress\/index.php?rest_route=%2Fwp%2Fv2%2Fcomments&post=44574"}],"version-history":[{"count":0,"href":"https:\/\/www.achimbrueckner.de\/dxradio\/php\/wordpress\/index.php?rest_route=\/wp\/v2\/posts\/44574\/revisions"}],"wp:attachment":[{"href":"https:\/\/www.achimbrueckner.de\/dxradio\/php\/wordpress\/index.php?rest_route=%2Fwp%2Fv2%2Fmedia&parent=44574"}],"wp:term":[{"taxonomy":"category","embeddable":true,"href":"https:\/\/www.achimbrueckner.de\/dxradio\/php\/wordpress\/index.php?rest_route=%2Fwp%2Fv2%2Fcategories&post=44574"},{"taxonomy":"post_tag","embeddable":true,"href":"https:\/\/www.achimbrueckner.de\/dxradio\/php\/wordpress\/index.php?rest_route=%2Fwp%2Fv2%2Ftags&post=44574"}],"curies":[{"name":"wp","href":"https:\/\/api.w.org\/{rel}","templated":true}]}}